{"id":389043,"date":"2018-08-08T00:10:36","date_gmt":"2018-08-08T05:10:36","guid":{"rendered":"https:\/\/www.diarioimagen.net\/?p=389043"},"modified":"2018-08-08T04:05:24","modified_gmt":"2018-08-08T09:05:24","slug":"universitarios-analizan-mercados-de-trabajo-en-al","status":"publish","type":"post","link":"https:\/\/www.diarioimagen.net\/?p=389043","title":{"rendered":"Universitarios analizan mercados de trabajo en AL"},"content":{"rendered":"<ul>\n<li><strong><em>Feminizaci\u00f3n en el sector laboral\u00a0<\/em><\/strong><\/li>\n<\/ul>\n<p>&nbsp;<\/p>\n<div id=\"attachment_389190\" style=\"width: 470px\" class=\"wp-caption aligncenter\"><a href=\"https:\/\/www.diarioimagen.net\/?attachment_id=389190\" rel=\"attachment wp-att-389190\"><img loading=\"lazy\" decoding=\"async\" aria-describedby=\"caption-attachment-389190\" class=\"size-large wp-image-389190\" src=\"https:\/\/www.diarioimagen.net\/wp-content\/uploads\/2018\/08\/UAEM-3428-460x259.jpg\" alt=\"\" width=\"460\" height=\"259\" srcset=\"https:\/\/www.diarioimagen.net\/wp-content\/uploads\/2018\/08\/UAEM-3428-460x259.jpg 460w, https:\/\/www.diarioimagen.net\/wp-content\/uploads\/2018\/08\/UAEM-3428-240x135.jpg 240w, https:\/\/www.diarioimagen.net\/wp-content\/uploads\/2018\/08\/UAEM-3428-235x132.jpg 235w, https:\/\/www.diarioimagen.net\/wp-content\/uploads\/2018\/08\/UAEM-3428-202x114.jpg 202w, https:\/\/www.diarioimagen.net\/wp-content\/uploads\/2018\/08\/UAEM-3428-350x196.jpg 350w, https:\/\/www.diarioimagen.net\/wp-content\/uploads\/2018\/08\/UAEM-3428-220x123.jpg 220w, https:\/\/www.diarioimagen.net\/wp-content\/uploads\/2018\/08\/UAEM-3428-237x132.jpg 237w, https:\/\/www.diarioimagen.net\/wp-content\/uploads\/2018\/08\/UAEM-3428.jpg 480w\" sizes=\"auto, (max-width: 460px) 100vw, 460px\" \/><\/a><p id=\"caption-attachment-389190\" class=\"wp-caption-text\">El investigador de la UAEM, Sergio Gaxiola Robles Linares, se\u00f1ala que la participaci\u00f3n laboral femenina se increment\u00f3 durante las recientes d\u00e9cadas.<\/p><\/div>\n<p>&nbsp;<\/p>\n<p><strong>Toluca, Estado de M\u00e9xico<\/strong>.\u2013 En M\u00e9xico, las tasas de desocupaci\u00f3n se vinculan con una informalizaci\u00f3n relevante del mercado laboral, que funge como una v\u00e1lvula de escape para una parte importante de los trabajadores ante las pocas o nulas oportunidades laborales, asever\u00f3 el investigador de la Universidad Aut\u00f3noma del Estado de M\u00e9xico, Sergio Gaxiola Robles Linares.<\/p>\n<p>El universitario, quien en conjunto con la investigadora de la Universidad Nacional Aut\u00f3noma de M\u00e9xico, Mercedes Pedrero Nieto, desarroll\u00f3 el trabajo de investigaci\u00f3n \u201cPoblaci\u00f3n y mercados de trabajo en Am\u00e9rica Latina. Temas emergentes\u201d, sostuvo que las condiciones laborales como el acceso a la seguridad social, contrato laboral y duraci\u00f3n de la jornada de trabajo son menos desfavorables en Brasil cuando de trabajadores asalariados se trata.<\/p>\n<p>Lo anterior, detall\u00f3 Gaxiola Robles Linares, es consecuencia de las pol\u00edticas de desregulaci\u00f3n laboral en M\u00e9xico, mucho m\u00e1s contraproducentes que en Brasil y que provocaron que grandes contingentes de trabajadores laboren en condiciones precarias.<\/p>\n<p>Sin embargo, dijo el especialista del Centro de Investigaci\u00f3n y Estudios Avanzados de la Poblaci\u00f3n (CIEAP) de la UAEM, la precariedad de los trabajadores brasile\u00f1os es homog\u00e9nea, en contraste con la de los asalariados mexicanos, que es heterog\u00e9nea, al igual que en todos los mercados de trabajo de Am\u00e9rica Latina.<\/p>\n<p>Otro de los hallazgos de la investigaci\u00f3n, indic\u00f3 Sergio Gaxiola Robles Linares, es que la participaci\u00f3n laboral femenina se increment\u00f3 durante las recientes d\u00e9cadas, frente a la disminuci\u00f3n de la masculina, lo que muestra la feminizaci\u00f3n del mercado laboral; sin embargo, contin\u00faa siendo baja en ambos pa\u00edses.<strong>\u00a0<\/strong><\/p>\n","protected":false},"excerpt":{"rendered":"<p>En M\u00e9xico, las tasas de desocupaci\u00f3n se vinculan con una informalizaci\u00f3n relevante del mercado laboral, que funge como una v\u00e1lvula de escape para una parte importante de los trabajadores ante las pocas o nulas oportunidades laborales, asever\u00f3 el investigador de la Universidad Aut\u00f3noma del Estado de M\u00e9xico, Sergio Gaxiola Robles Linares.<\/p>\n","protected":false},"author":3,"featured_media":389190,"comment_status":"open","ping_status":"open","sticky":false,"template":"","format":"standard","meta":{"_monsterinsights_skip_tracking":false,"_monsterinsights_sitenote_active":false,"_monsterinsights_sitenote_note":"","_monsterinsights_sitenote_category":0,"footnotes":""},"categories":[5],"tags":[6569,43675,452,1490],"class_list":["post-389043","post","type-post","status-publish","format-standard","has-post-thumbnail","hentry","category-estado-de-mexico","tag-al","tag-estado-de-mexico","tag-toluca","tag-universidad-autonoma-del-estado-de-mexico"],"_links":{"self":[{"href":"https:\/\/www.diarioimagen.net\/index.php?rest_route=\/wp\/v2\/posts\/389043","targetHints":{"allow":["GET"]}}],"collection":[{"href":"https:\/\/www.diarioimagen.net\/index.php?rest_route=\/wp\/v2\/posts"}],"about":[{"href":"https:\/\/www.diarioimagen.net\/index.php?rest_route=\/wp\/v2\/types\/post"}],"author":[{"embeddable":true,"href":"https:\/\/www.diarioimagen.net\/index.php?rest_route=\/wp\/v2\/users\/3"}],"replies":[{"embeddable":true,"href":"https:\/\/www.diarioimagen.net\/index.php?rest_route=%2Fwp%2Fv2%2Fcomments&post=389043"}],"version-history":[{"count":0,"href":"https:\/\/www.diarioimagen.net\/index.php?rest_route=\/wp\/v2\/posts\/389043\/revisions"}],"wp:featuredmedia":[{"embeddable":true,"href":"https:\/\/www.diarioimagen.net\/index.php?rest_route=\/wp\/v2\/media\/389190"}],"wp:attachment":[{"href":"https:\/\/www.diarioimagen.net\/index.php?rest_route=%2Fwp%2Fv2%2Fmedia&parent=389043"}],"wp:term":[{"taxonomy":"category","embeddable":true,"href":"https:\/\/www.diarioimagen.net\/index.php?rest_route=%2Fwp%2Fv2%2Fcategories&post=389043"},{"taxonomy":"post_tag","embeddable":true,"href":"https:\/\/www.diarioimagen.net\/index.php?rest_route=%2Fwp%2Fv2%2Ftags&post=389043"}],"curies":[{"name":"wp","href":"https:\/\/api.w.org\/{rel}","templated":true}]}}