{"id":389052,"date":"2018-08-08T00:09:07","date_gmt":"2018-08-08T05:09:07","guid":{"rendered":"https:\/\/www.diarioimagen.net\/?p=389052"},"modified":"2018-08-10T02:13:56","modified_gmt":"2018-08-10T07:13:56","slug":"lopez-obrador-recibe-hoy-su-constancia-de-mayoria","status":"publish","type":"post","link":"https:\/\/www.diarioimagen.net\/?p=389052","title":{"rendered":"L\u00f3pez Obrador recibe hoy su constancia de mayor\u00eda"},"content":{"rendered":"<ul>\n<li><em><strong>Declarar\u00e1 el TEPJF validez de elecci\u00f3n presidencial<\/strong><\/em><\/li>\n<li><em><strong>Concluye revisi\u00f3n de todas las impugnaciones presentadas<\/strong><\/em><\/li>\n<\/ul>\n<h6>Jos\u00e9 Luis Monta\u00f1ez<\/h6>\n<p>&nbsp;<\/p>\n<div id=\"attachment_389209\" style=\"width: 470px\" class=\"wp-caption aligncenter\"><a href=\"https:\/\/www.diarioimagen.net\/?attachment_id=389209\" rel=\"attachment wp-att-389209\"><img loading=\"lazy\" decoding=\"async\" aria-describedby=\"caption-attachment-389209\" class=\"size-large wp-image-389209\" src=\"https:\/\/www.diarioimagen.net\/wp-content\/uploads\/2018\/08\/CONSTANCIA-3428-460x259.jpg\" alt=\"\" width=\"460\" height=\"259\" srcset=\"https:\/\/www.diarioimagen.net\/wp-content\/uploads\/2018\/08\/CONSTANCIA-3428-460x259.jpg 460w, https:\/\/www.diarioimagen.net\/wp-content\/uploads\/2018\/08\/CONSTANCIA-3428-240x135.jpg 240w, https:\/\/www.diarioimagen.net\/wp-content\/uploads\/2018\/08\/CONSTANCIA-3428-235x132.jpg 235w, https:\/\/www.diarioimagen.net\/wp-content\/uploads\/2018\/08\/CONSTANCIA-3428-202x114.jpg 202w, https:\/\/www.diarioimagen.net\/wp-content\/uploads\/2018\/08\/CONSTANCIA-3428-350x196.jpg 350w, https:\/\/www.diarioimagen.net\/wp-content\/uploads\/2018\/08\/CONSTANCIA-3428-220x123.jpg 220w, https:\/\/www.diarioimagen.net\/wp-content\/uploads\/2018\/08\/CONSTANCIA-3428-237x132.jpg 237w, https:\/\/www.diarioimagen.net\/wp-content\/uploads\/2018\/08\/CONSTANCIA-3428.jpg 480w\" sizes=\"auto, (max-width: 460px) 100vw, 460px\" \/><\/a><p id=\"caption-attachment-389209\" class=\"wp-caption-text\">El TEPJF se alista para entregar este mi\u00e9rcoles la constancia de mayor\u00eda a Andr\u00e9s Manuel L\u00f3pez Obrador, como presidente electo.<\/p><\/div>\n<h5><\/h5>\n<p>El Tribunal Electoral del Poder Judicial de la Federaci\u00f3n (TEPJF) concluy\u00f3 la revisi\u00f3n de todos los medios de impugnaci\u00f3n presentados contra la elecci\u00f3n presidencial y se alista para entregar la constancia de mayor\u00eda a Andr\u00e9s Manuel L\u00f3pez Obrador, como presidente electo.<\/p>\n<p>En sesi\u00f3n p\u00fablica y por unanimidad, la Sala Superior desech\u00f3 por extempor\u00e1neos los \u00faltimos cuatro juicios de inconformidad que interpuso el Partido Encuentro Social (PES), para impugnar los resultados consignados en las actas de c\u00f3mputo de diversos distritos.<\/p>\n<p>De esta forma, en su sesi\u00f3n de este mi\u00e9rcoles, el TEPJF estar\u00e1 en condiciones de realizar el c\u00f3mputo final y definitivo de la elecci\u00f3n presidencial, analizar los requisitos de elegibilidad del candidato m\u00e1s votado y as\u00ed declarar la validez de la elecci\u00f3n presidencial.<\/p>\n<p>Durante esa sesi\u00f3n, el pleno de la Sala Superior discutir\u00e1 y votar\u00e1 el dictamen que, de ser aprobado, permitir\u00e1 declarar a Andr\u00e9s Manuel L\u00f3pez Obrador presidente electo e iniciar la transici\u00f3n de gobierno.<\/p>\n<p>Ello, en virtud de que el 1 de diciembre, al rendir protesta en el Congreso de la Uni\u00f3n, se convertir\u00e1 en Presidente Constitucional de los Estados Unidos Mexicanos.<\/p>\n<p>La sesi\u00f3n dar\u00e1 inicio a las 10:00 horas y en ella, la secretaria general dar\u00e1 cuenta a los siete magistrados del dictamen mediante el cual se deber\u00e1 analizar los requisitos de elegibilidad del candidato m\u00e1s votado.<\/p>\n<p>Adem\u00e1s, se realizar\u00e1 el c\u00f3mputo final y definitivo de la elecci\u00f3n presidencial y, finalmente, se har\u00e1 la declaraci\u00f3n de la validez de la elecci\u00f3n presidencial<\/p>\n<p>Es as\u00ed que los magistrados discutir\u00e1n, votar\u00e1n y, en su caso, aprobar\u00e1n el dictamen y, una vez que tengan los votos suficientes, har\u00e1n la declaratoria de validez de la contienda federal.<\/p>\n<p>Posteriormente, llamar\u00e1n a un receso, para luego dar paso a la etapa final de la calificaci\u00f3n de la elecci\u00f3n presidencial, tiempo en el que deber\u00e1 arribar a la sede del tribunal federal Andr\u00e9s Manuel L\u00f3pez Obrador.<\/p>\n<p>Con ello, se dar\u00e1 paso a la sesi\u00f3n solemne y corresponder\u00e1 la magistrada presidenta del TEPJF, Janine Ot\u00e1lora Malassis, entregar la constancia de mayor\u00eda a L\u00f3pez Obrador.<\/p>\n<p>Ser\u00e1 la primera vez que una magistrada mujer le entregue la constancia de mayor\u00eda a un presidente electo.<\/p>\n<p>Una vez con la constancia de mayor\u00eda en sus manos que indica que fue el candidato que obtuvo el mayor n\u00famero de votos en la elecci\u00f3n presidencial, Andr\u00e9s Manuel L\u00f3pez Obrador tomar\u00e1 la palabra en su calidad de presidente electo.<\/p>\n<p>Con esta informaci\u00f3n, el IINE har\u00e1 la repartici\u00f3n y distribuci\u00f3n de los esca\u00f1os de representaci\u00f3n proporcional.<\/p>\n","protected":false},"excerpt":{"rendered":"<p><span style=\"color: #005497;\">Jos\u00e9 Luis Monta\u00f1ez<\/span><br \/>\n<br \/>\nEl Tribunal Electoral del Poder Judicial de la Federaci\u00f3n (TEPJF) concluy\u00f3 la revisi\u00f3n de todos los medios de impugnaci\u00f3n presentados contra la elecci\u00f3n presidencial y se alista para entregar la constancia de mayor\u00eda a Andr\u00e9s Manuel L\u00f3pez Obrador, como presidente electo.<\/p>\n","protected":false},"author":3,"featured_media":389209,"comment_status":"open","ping_status":"open","sticky":false,"template":"","format":"standard","meta":{"_monsterinsights_skip_tracking":false,"_monsterinsights_sitenote_active":false,"_monsterinsights_sitenote_note":"","_monsterinsights_sitenote_category":0,"footnotes":""},"categories":[3],"tags":[2545,75739,65794,43673,10328],"class_list":["post-389052","post","type-post","status-publish","format-standard","has-post-thumbnail","hentry","category-nacional","tag-amlo","tag-constancia","tag-mayoria","tag-nacional","tag-tribunal-electoral-del-poder-judicial-de-la-federacion"],"_links":{"self":[{"href":"https:\/\/www.diarioimagen.net\/index.php?rest_route=\/wp\/v2\/posts\/389052","targetHints":{"allow":["GET"]}}],"collection":[{"href":"https:\/\/www.diarioimagen.net\/index.php?rest_route=\/wp\/v2\/posts"}],"about":[{"href":"https:\/\/www.diarioimagen.net\/index.php?rest_route=\/wp\/v2\/types\/post"}],"author":[{"embeddable":true,"href":"https:\/\/www.diarioimagen.net\/index.php?rest_route=\/wp\/v2\/users\/3"}],"replies":[{"embeddable":true,"href":"https:\/\/www.diarioimagen.net\/index.php?rest_route=%2Fwp%2Fv2%2Fcomments&post=389052"}],"version-history":[{"count":0,"href":"https:\/\/www.diarioimagen.net\/index.php?rest_route=\/wp\/v2\/posts\/389052\/revisions"}],"wp:featuredmedia":[{"embeddable":true,"href":"https:\/\/www.diarioimagen.net\/index.php?rest_route=\/wp\/v2\/media\/389209"}],"wp:attachment":[{"href":"https:\/\/www.diarioimagen.net\/index.php?rest_route=%2Fwp%2Fv2%2Fmedia&parent=389052"}],"wp:term":[{"taxonomy":"category","embeddable":true,"href":"https:\/\/www.diarioimagen.net\/index.php?rest_route=%2Fwp%2Fv2%2Fcategories&post=389052"},{"taxonomy":"post_tag","embeddable":true,"href":"https:\/\/www.diarioimagen.net\/index.php?rest_route=%2Fwp%2Fv2%2Ftags&post=389052"}],"curies":[{"name":"wp","href":"https:\/\/api.w.org\/{rel}","templated":true}]}}