{"id":389054,"date":"2018-08-08T00:07:25","date_gmt":"2018-08-08T05:07:25","guid":{"rendered":"https:\/\/www.diarioimagen.net\/?p=389054"},"modified":"2018-08-09T06:07:56","modified_gmt":"2018-08-09T11:07:56","slug":"descentralizacion-del-gobierno-no-sera-de-la-noche-a-la-manana","status":"publish","type":"post","link":"https:\/\/www.diarioimagen.net\/?p=389054","title":{"rendered":"Descentralizaci\u00f3n del gobierno no ser\u00e1 de la noche a la ma\u00f1ana"},"content":{"rendered":"<ul>\n<li><strong><em>Se hacen distintos estudios de impacto<\/em><\/strong><\/li>\n<\/ul>\n<p>&nbsp;<\/p>\n<div id=\"attachment_389181\" style=\"width: 470px\" class=\"wp-caption aligncenter\"><a href=\"https:\/\/www.diarioimagen.net\/?attachment_id=389181\" rel=\"attachment wp-att-389181\"><img loading=\"lazy\" decoding=\"async\" aria-describedby=\"caption-attachment-389181\" class=\"size-large wp-image-389181\" src=\"https:\/\/www.diarioimagen.net\/wp-content\/uploads\/2018\/08\/DESCENTRALIZACION-3428-460x259.jpg\" alt=\"\" width=\"460\" height=\"259\" srcset=\"https:\/\/www.diarioimagen.net\/wp-content\/uploads\/2018\/08\/DESCENTRALIZACION-3428-460x259.jpg 460w, https:\/\/www.diarioimagen.net\/wp-content\/uploads\/2018\/08\/DESCENTRALIZACION-3428-240x135.jpg 240w, https:\/\/www.diarioimagen.net\/wp-content\/uploads\/2018\/08\/DESCENTRALIZACION-3428-235x132.jpg 235w, https:\/\/www.diarioimagen.net\/wp-content\/uploads\/2018\/08\/DESCENTRALIZACION-3428-202x114.jpg 202w, https:\/\/www.diarioimagen.net\/wp-content\/uploads\/2018\/08\/DESCENTRALIZACION-3428-350x196.jpg 350w, https:\/\/www.diarioimagen.net\/wp-content\/uploads\/2018\/08\/DESCENTRALIZACION-3428-220x123.jpg 220w, https:\/\/www.diarioimagen.net\/wp-content\/uploads\/2018\/08\/DESCENTRALIZACION-3428-237x132.jpg 237w, https:\/\/www.diarioimagen.net\/wp-content\/uploads\/2018\/08\/DESCENTRALIZACION-3428.jpg 480w\" sizes=\"auto, (max-width: 460px) 100vw, 460px\" \/><\/a><p id=\"caption-attachment-389181\" class=\"wp-caption-text\">Gerardo Esquivel, pr\u00f3ximo subsecretario de Egresos de Hacienda, indic\u00f3 que se est\u00e1n haciendo estudios de impacto para llevar a cabo la descentralizaci\u00f3n.<\/p><\/div>\n<p>&nbsp;<\/p>\n<p>La descentralizaci\u00f3n del gobierno federal no ser\u00e1 de inmediato, dijo Gerardo Esquivel, quien se perfila como el pr\u00f3ximo subsecretario de Egresos de la Secretar\u00eda de Hacienda y Cr\u00e9dito P\u00fablico (SHCP).<\/p>\n<p>\u201cPara la descentralizaci\u00f3n se est\u00e1n haciendo distintos estudios, no todo ser\u00e1 inmediato, de hecho, casi nada ser\u00e1 inmediato, no ocurrir\u00e1 de la noche a la ma\u00f1ana\u201d, afirm\u00f3.<\/p>\n<p>Durante su participaci\u00f3n en el foro Balance de las Reformas Estructurales: del Pacto a la Acci\u00f3n, organizado por el Instituto Belisario Dom\u00ednguez del Senado, dijo que el equipo del virtual presidente electo, est\u00e1 haciendo los estudios de impacto. Se\u00f1al\u00f3 que el proyecto a\u00fan est\u00e1 en proceso, por lo que tomar\u00e1 tiempo consolidarlo.<\/p>\n<p>Gerardo Esquivel adelant\u00f3 algunos puntos de lo que presentar\u00e1 Andr\u00e9s Manuel L\u00f3pez Obrador al Congreso el pr\u00f3ximo 15 de diciembre con el paquete econ\u00f3mico 2019.<\/p>\n<p>Dijo que la propuesta incluye el tema del Consejo Fiscal para lo cual se plantea la posibilidad de hablar con las organizaciones de la sociedad civil que estaban demandando la creaci\u00f3n de este instrumento que servir\u00e1 para supervisar la conducci\u00f3n de la pol\u00edtica fiscal.<\/p>\n<p>\u201cCreemos que es necesario, que es muy \u00fatil; que si hubiera existido, posiblemente no hubi\u00e9ramos tenido el aumento de la deuda p\u00fablica que se tuvo en esta administraci\u00f3n\u201d, se\u00f1al\u00f3.<\/p>\n<p>Anunci\u00f3 que a finales del a\u00f1o, en los Criterios Generales de Pol\u00edtica Econ\u00f3mica (CGPE) del 2019, lo importante es que se ofrecer\u00e1 un cambio de tendencia en el patr\u00f3n de crecimiento que como se sabe se ha estancado en 2% durante m\u00e1s de 30 a\u00f1os.<\/p>\n<p>La expectativa es que empiece a cambiar, asegur\u00f3 al aclarar que la forma y cu\u00e1nto se espera crecer en la pr\u00f3xima administraci\u00f3n, ser\u00e1n detalles que se dar\u00e1n a conocer en su momento.<\/p>\n<p>Otro punto que adelant\u00f3 es que se presentar\u00e1 una propuesta de modificaci\u00f3n del Manual de Percepci\u00f3n de la Administraci\u00f3n P\u00fablica Federal para los sueldos y salarios de los servidores p\u00fablicos.<\/p>\n","protected":false},"excerpt":{"rendered":"<p>La descentralizaci\u00f3n del gobierno federal no ser\u00e1 de inmediato, dijo Gerardo Esquivel, quien se perfila como el pr\u00f3ximo subsecretario de Egresos de la Secretar\u00eda de Hacienda y Cr\u00e9dito P\u00fablico (SHCP).<\/p>\n","protected":false},"author":3,"featured_media":389181,"comment_status":"open","ping_status":"open","sticky":false,"template":"","format":"standard","meta":{"_monsterinsights_skip_tracking":false,"_monsterinsights_sitenote_active":false,"_monsterinsights_sitenote_note":"","_monsterinsights_sitenote_category":0,"footnotes":""},"categories":[3],"tags":[43678,76849,1102],"class_list":["post-389054","post","type-post","status-publish","format-standard","has-post-thumbnail","hentry","category-nacional","tag-finanzas","tag-gerardo-esquivel","tag-shcp"],"_links":{"self":[{"href":"https:\/\/www.diarioimagen.net\/index.php?rest_route=\/wp\/v2\/posts\/389054","targetHints":{"allow":["GET"]}}],"collection":[{"href":"https:\/\/www.diarioimagen.net\/index.php?rest_route=\/wp\/v2\/posts"}],"about":[{"href":"https:\/\/www.diarioimagen.net\/index.php?rest_route=\/wp\/v2\/types\/post"}],"author":[{"embeddable":true,"href":"https:\/\/www.diarioimagen.net\/index.php?rest_route=\/wp\/v2\/users\/3"}],"replies":[{"embeddable":true,"href":"https:\/\/www.diarioimagen.net\/index.php?rest_route=%2Fwp%2Fv2%2Fcomments&post=389054"}],"version-history":[{"count":0,"href":"https:\/\/www.diarioimagen.net\/index.php?rest_route=\/wp\/v2\/posts\/389054\/revisions"}],"wp:featuredmedia":[{"embeddable":true,"href":"https:\/\/www.diarioimagen.net\/index.php?rest_route=\/wp\/v2\/media\/389181"}],"wp:attachment":[{"href":"https:\/\/www.diarioimagen.net\/index.php?rest_route=%2Fwp%2Fv2%2Fmedia&parent=389054"}],"wp:term":[{"taxonomy":"category","embeddable":true,"href":"https:\/\/www.diarioimagen.net\/index.php?rest_route=%2Fwp%2Fv2%2Fcategories&post=389054"},{"taxonomy":"post_tag","embeddable":true,"href":"https:\/\/www.diarioimagen.net\/index.php?rest_route=%2Fwp%2Fv2%2Ftags&post=389054"}],"curies":[{"name":"wp","href":"https:\/\/api.w.org\/{rel}","templated":true}]}}