{"id":389059,"date":"2018-08-08T00:09:27","date_gmt":"2018-08-08T05:09:27","guid":{"rendered":"https:\/\/www.diarioimagen.net\/?p=389059"},"modified":"2018-08-08T03:30:38","modified_gmt":"2018-08-08T08:30:38","slug":"van-contra-sustraccion-de-gasolina-en-cdmx","status":"publish","type":"post","link":"https:\/\/www.diarioimagen.net\/?p=389059","title":{"rendered":"Van contra sustracci\u00f3n de gasolina en CDMX"},"content":{"rendered":"<ul>\n<li><em><strong>Estrategia con Pemex<\/strong><\/em><\/li>\n<\/ul>\n<p>&nbsp;<\/p>\n<div id=\"attachment_389132\" style=\"width: 470px\" class=\"wp-caption aligncenter\"><a href=\"https:\/\/www.diarioimagen.net\/?attachment_id=389132\" rel=\"attachment wp-att-389132\"><img loading=\"lazy\" decoding=\"async\" aria-describedby=\"caption-attachment-389132\" class=\"size-large wp-image-389132\" src=\"https:\/\/www.diarioimagen.net\/wp-content\/uploads\/2018\/08\/amieva-3428-460x259.jpg\" alt=\"\" width=\"460\" height=\"259\" srcset=\"https:\/\/www.diarioimagen.net\/wp-content\/uploads\/2018\/08\/amieva-3428-460x259.jpg 460w, https:\/\/www.diarioimagen.net\/wp-content\/uploads\/2018\/08\/amieva-3428-240x135.jpg 240w, https:\/\/www.diarioimagen.net\/wp-content\/uploads\/2018\/08\/amieva-3428-235x132.jpg 235w, https:\/\/www.diarioimagen.net\/wp-content\/uploads\/2018\/08\/amieva-3428-202x114.jpg 202w, https:\/\/www.diarioimagen.net\/wp-content\/uploads\/2018\/08\/amieva-3428-350x196.jpg 350w, https:\/\/www.diarioimagen.net\/wp-content\/uploads\/2018\/08\/amieva-3428-220x123.jpg 220w, https:\/\/www.diarioimagen.net\/wp-content\/uploads\/2018\/08\/amieva-3428-237x132.jpg 237w, https:\/\/www.diarioimagen.net\/wp-content\/uploads\/2018\/08\/amieva-3428.jpg 480w\" sizes=\"auto, (max-width: 460px) 100vw, 460px\" \/><\/a><p id=\"caption-attachment-389132\" class=\"wp-caption-text\">Jos\u00e9 Ram\u00f3n Amieva, jefe de gobierno<\/p><\/div>\n<p>&nbsp;<\/p>\n<p>El gobierno de la Ciudad de M\u00e9xico y Petr\u00f3leos Mexicanos (Pemex) implementar\u00e1n una estrategia integral para combatir el robo de combustible, toda vez que la merma por el robo de gasolina, di\u00e9sel y turbosina ha aumentado en \u00faltimo a\u00f1o en la capital. Huachicoleros roban el 3 por ciento de gasolina de los ductos.<\/p>\n<p>Lo que tiene Pemex es un aumento de la merma de combustible. Lo que nosotros estamos haciendo es atender el tema de robo de combustible. En 2017 fueron 344 mil barriles y en 2018 llevamos 358 mil barriles\u201d, se\u00f1al\u00f3 Jos\u00e9 Ram\u00f3n Amieva, jefe de gobierno.<\/p>\n<p>En conferencia de prensa detall\u00f3 que luego de que ayer sostuviera una reuni\u00f3n con Carlos Alberto Trevi\u00f1o, director de Pemex, se identificaron tres rutas a seguir para detectar, combatir y prevenir accidentes por las actividades ilegales de \u2018huachicoleo\u2019 que se han registrado en algunas zonas de la ciudad.<\/p>\n<p>El primero es garantizar, a trav\u00e9s de las 386 estaciones policiales, la vigilancia y detenci\u00f3n de personas que roban el combustible e implementar medidas en materia de protecci\u00f3n civil que eviten un accidente entre la ciudadan\u00eda por el comercio y transporte de este recurso flamable, aunado a que los polic\u00edas tambi\u00e9n ser\u00e1n capacitados para detectar los veh\u00edculos oficiales de Pemex a trav\u00e9s de una aplicaci\u00f3n con que cuenta este organismo.<\/p>\n<p>La tercera medida ser\u00e1 la implementaci\u00f3n de brigadas por parte del gobierno capitalino y Pemex para identificar puntos de huachicoleo. Va a haber presencia de brigadas de Petr\u00f3leos Mexicanos para identificar los veh\u00edculos que ingresan y los veh\u00edculos que salen, cuyo origen no sea l\u00edcito. Lo que vamos a hacer es detenerlos y revisarlos\u201d.<\/p>\n<p>Explic\u00f3 que la suma de extensi\u00f3n de los tramos en donde se ha registrado el robo de combustible ronda los 30 kil\u00f3metros, lo cual no representa ni la tercera parte de los conductos de Pemex en la ciudad.<\/p>\n<p>Son zonas que est\u00e1n originalmente haciendo frontera con otras entidades, por ejemplo, la zona sur y norponiente; incluso nos refirieron d\u00f3nde deberemos poner mayor atenci\u00f3n y cuidado de nuestra vigilancia\u201d, finaliz\u00f3.<\/p>\n","protected":false},"excerpt":{"rendered":"<p>El gobierno de la Ciudad de M\u00e9xico y Petr\u00f3leos Mexicanos (Pemex) implementar\u00e1n una estrategia integral para combatir el robo de combustible, toda vez que la merma por el robo de gasolina, di\u00e9sel y turbosina ha aumentado en \u00faltimo a\u00f1o en la capital. Huachicoleros roban el 3 por ciento de gasolina de los ductos.<\/p>\n","protected":false},"author":3,"featured_media":389132,"comment_status":"open","ping_status":"open","sticky":false,"template":"","format":"standard","meta":{"_monsterinsights_skip_tracking":false,"_monsterinsights_sitenote_active":false,"_monsterinsights_sitenote_note":"","_monsterinsights_sitenote_category":0,"footnotes":""},"categories":[6],"tags":[204,76851,198,76850,13955],"class_list":["post-389059","post","type-post","status-publish","format-standard","has-post-thumbnail","hentry","category-cd-de-mexico","tag-ciudad-de-mexico","tag-ex","tag-gasolina","tag-pem","tag-robo"],"_links":{"self":[{"href":"https:\/\/www.diarioimagen.net\/index.php?rest_route=\/wp\/v2\/posts\/389059","targetHints":{"allow":["GET"]}}],"collection":[{"href":"https:\/\/www.diarioimagen.net\/index.php?rest_route=\/wp\/v2\/posts"}],"about":[{"href":"https:\/\/www.diarioimagen.net\/index.php?rest_route=\/wp\/v2\/types\/post"}],"author":[{"embeddable":true,"href":"https:\/\/www.diarioimagen.net\/index.php?rest_route=\/wp\/v2\/users\/3"}],"replies":[{"embeddable":true,"href":"https:\/\/www.diarioimagen.net\/index.php?rest_route=%2Fwp%2Fv2%2Fcomments&post=389059"}],"version-history":[{"count":0,"href":"https:\/\/www.diarioimagen.net\/index.php?rest_route=\/wp\/v2\/posts\/389059\/revisions"}],"wp:featuredmedia":[{"embeddable":true,"href":"https:\/\/www.diarioimagen.net\/index.php?rest_route=\/wp\/v2\/media\/389132"}],"wp:attachment":[{"href":"https:\/\/www.diarioimagen.net\/index.php?rest_route=%2Fwp%2Fv2%2Fmedia&parent=389059"}],"wp:term":[{"taxonomy":"category","embeddable":true,"href":"https:\/\/www.diarioimagen.net\/index.php?rest_route=%2Fwp%2Fv2%2Fcategories&post=389059"},{"taxonomy":"post_tag","embeddable":true,"href":"https:\/\/www.diarioimagen.net\/index.php?rest_route=%2Fwp%2Fv2%2Ftags&post=389059"}],"curies":[{"name":"wp","href":"https:\/\/api.w.org\/{rel}","templated":true}]}}