{"id":389081,"date":"2018-08-08T00:09:10","date_gmt":"2018-08-08T05:09:10","guid":{"rendered":"https:\/\/www.diarioimagen.net\/?p=389081"},"modified":"2018-08-08T03:42:04","modified_gmt":"2018-08-08T08:42:04","slug":"visita-alcalde-electo-palacio-municipal-de-cuautitlan","status":"publish","type":"post","link":"https:\/\/www.diarioimagen.net\/?p=389081","title":{"rendered":"\u201cVisita alcalde electo Palacio Municipal de Cuautitl\u00e1n\u201d"},"content":{"rendered":"<p><a href=\"https:\/\/www.diarioimagen.net\/?attachment_id=389151\" rel=\"attachment wp-att-389151\"><img loading=\"lazy\" decoding=\"async\" class=\"aligncenter size-large wp-image-389151\" src=\"https:\/\/www.diarioimagen.net\/wp-content\/uploads\/2018\/08\/CUAUTITLAN-3428-460x259.jpg\" alt=\"\" width=\"460\" height=\"259\" srcset=\"https:\/\/www.diarioimagen.net\/wp-content\/uploads\/2018\/08\/CUAUTITLAN-3428-460x259.jpg 460w, https:\/\/www.diarioimagen.net\/wp-content\/uploads\/2018\/08\/CUAUTITLAN-3428-240x135.jpg 240w, https:\/\/www.diarioimagen.net\/wp-content\/uploads\/2018\/08\/CUAUTITLAN-3428-235x132.jpg 235w, https:\/\/www.diarioimagen.net\/wp-content\/uploads\/2018\/08\/CUAUTITLAN-3428-202x114.jpg 202w, https:\/\/www.diarioimagen.net\/wp-content\/uploads\/2018\/08\/CUAUTITLAN-3428-350x196.jpg 350w, https:\/\/www.diarioimagen.net\/wp-content\/uploads\/2018\/08\/CUAUTITLAN-3428-220x123.jpg 220w, https:\/\/www.diarioimagen.net\/wp-content\/uploads\/2018\/08\/CUAUTITLAN-3428-237x132.jpg 237w, https:\/\/www.diarioimagen.net\/wp-content\/uploads\/2018\/08\/CUAUTITLAN-3428.jpg 480w\" sizes=\"auto, (max-width: 460px) 100vw, 460px\" \/><\/a><\/p>\n<p>&nbsp;<\/p>\n<p><strong>Cuautitl\u00e1n, Estado de M\u00e9xico.-<\/strong> La edil, Ma. Guadalupe Fern\u00e1ndez S\u00e1nchez, recibi\u00f3 en el Palacio Municipal, al alcalde electo, Mario Ariel Ju\u00e1rez, y juntos realizaron un recorrido en las principales \u00e1reas de la administraci\u00f3n y posteriormente el presidente municipal electo asisti\u00f3 como invitado a la cent\u00e9sima decima quinta sesi\u00f3n de cabildo, donde fue recibido por el s\u00edndico y regidores.<\/p>\n<p>Posteriormente, sostuvo una reuni\u00f3n a puerta cerrada con el cuerpo edilicio. M\u00e1s tarde en la sala de cabildo se reuni\u00f3 con directores de la administraci\u00f3n, donde pidi\u00f3 a los presentes hacer el mejor de sus esfuerzos para lograr una entrega-recepci\u00f3n en orden.<\/p>\n","protected":false},"excerpt":{"rendered":"<p>La edil, Ma. Guadalupe Fern\u00e1ndez S\u00e1nchez, recibi\u00f3 en el Palacio Municipal, al alcalde electo, Mario Ariel Ju\u00e1rez, y juntos realizaron un recorrido en las principales \u00e1reas de la administraci\u00f3n y posteriormente el presidente municipal electo asisti\u00f3 como invitado a la cent\u00e9sima decima quinta sesi\u00f3n de cabildo, donde fue recibido por el s\u00edndico y regidores.<\/p>\n","protected":false},"author":3,"featured_media":389151,"comment_status":"open","ping_status":"open","sticky":false,"template":"","format":"standard","meta":{"_monsterinsights_skip_tracking":false,"_monsterinsights_sitenote_active":false,"_monsterinsights_sitenote_note":"","_monsterinsights_sitenote_category":0,"footnotes":""},"categories":[35155],"tags":[681,43675,69796],"class_list":["post-389081","post","type-post","status-publish","format-standard","has-post-thumbnail","hentry","category-estado-de-mexico-estado-de-mexico","tag-cuautitlan","tag-estado-de-mexico","tag-palacio-municipal"],"_links":{"self":[{"href":"https:\/\/www.diarioimagen.net\/index.php?rest_route=\/wp\/v2\/posts\/389081","targetHints":{"allow":["GET"]}}],"collection":[{"href":"https:\/\/www.diarioimagen.net\/index.php?rest_route=\/wp\/v2\/posts"}],"about":[{"href":"https:\/\/www.diarioimagen.net\/index.php?rest_route=\/wp\/v2\/types\/post"}],"author":[{"embeddable":true,"href":"https:\/\/www.diarioimagen.net\/index.php?rest_route=\/wp\/v2\/users\/3"}],"replies":[{"embeddable":true,"href":"https:\/\/www.diarioimagen.net\/index.php?rest_route=%2Fwp%2Fv2%2Fcomments&post=389081"}],"version-history":[{"count":0,"href":"https:\/\/www.diarioimagen.net\/index.php?rest_route=\/wp\/v2\/posts\/389081\/revisions"}],"wp:featuredmedia":[{"embeddable":true,"href":"https:\/\/www.diarioimagen.net\/index.php?rest_route=\/wp\/v2\/media\/389151"}],"wp:attachment":[{"href":"https:\/\/www.diarioimagen.net\/index.php?rest_route=%2Fwp%2Fv2%2Fmedia&parent=389081"}],"wp:term":[{"taxonomy":"category","embeddable":true,"href":"https:\/\/www.diarioimagen.net\/index.php?rest_route=%2Fwp%2Fv2%2Fcategories&post=389081"},{"taxonomy":"post_tag","embeddable":true,"href":"https:\/\/www.diarioimagen.net\/index.php?rest_route=%2Fwp%2Fv2%2Ftags&post=389081"}],"curies":[{"name":"wp","href":"https:\/\/api.w.org\/{rel}","templated":true}]}}