{"id":389082,"date":"2018-08-08T00:08:19","date_gmt":"2018-08-08T05:08:19","guid":{"rendered":"https:\/\/www.diarioimagen.net\/?p=389082"},"modified":"2018-08-08T03:44:04","modified_gmt":"2018-08-08T08:44:04","slug":"platica-en-metepec-para-fortalecer-la-relacion-entre-padres-e-hijos","status":"publish","type":"post","link":"https:\/\/www.diarioimagen.net\/?p=389082","title":{"rendered":"Pl\u00e1tica en Metepec para fortalecer la relaci\u00f3n entre padres e hijos"},"content":{"rendered":"<ul>\n<li><strong><em>Conferencia magistral en la Biblioteca del Centenario<\/em><\/strong><\/li>\n<\/ul>\n<p>&nbsp;<\/p>\n<div id=\"attachment_389154\" style=\"width: 470px\" class=\"wp-caption aligncenter\"><a href=\"https:\/\/www.diarioimagen.net\/?attachment_id=389154\" rel=\"attachment wp-att-389154\"><img loading=\"lazy\" decoding=\"async\" aria-describedby=\"caption-attachment-389154\" class=\"wp-image-389154 size-large\" src=\"https:\/\/www.diarioimagen.net\/wp-content\/uploads\/2018\/08\/METEPEC-3428-460x259.jpg\" alt=\"\" width=\"460\" height=\"259\" srcset=\"https:\/\/www.diarioimagen.net\/wp-content\/uploads\/2018\/08\/METEPEC-3428-460x259.jpg 460w, https:\/\/www.diarioimagen.net\/wp-content\/uploads\/2018\/08\/METEPEC-3428-240x135.jpg 240w, https:\/\/www.diarioimagen.net\/wp-content\/uploads\/2018\/08\/METEPEC-3428-235x132.jpg 235w, https:\/\/www.diarioimagen.net\/wp-content\/uploads\/2018\/08\/METEPEC-3428-202x114.jpg 202w, https:\/\/www.diarioimagen.net\/wp-content\/uploads\/2018\/08\/METEPEC-3428-350x196.jpg 350w, https:\/\/www.diarioimagen.net\/wp-content\/uploads\/2018\/08\/METEPEC-3428-220x123.jpg 220w, https:\/\/www.diarioimagen.net\/wp-content\/uploads\/2018\/08\/METEPEC-3428-237x132.jpg 237w, https:\/\/www.diarioimagen.net\/wp-content\/uploads\/2018\/08\/METEPEC-3428.jpg 480w\" sizes=\"auto, (max-width: 460px) 100vw, 460px\" \/><\/a><p id=\"caption-attachment-389154\" class=\"wp-caption-text\">Invita Defensor\u00eda Municipal de Derechos Humanos a conferencia magistral este mi\u00e9rcoles en la Biblioteca del Centenario.<\/p><\/div>\n<p>&nbsp;<\/p>\n<p><strong>Metepec, Estado de M\u00e9xico<\/strong>.- Como parte de las acciones para mejorar la relaci\u00f3n familiar, la Defensor\u00eda Municipal de los Derechos Humanos de Metepec, ofrecer\u00e1 una pl\u00e1tica gratuita para padres e hijos este mi\u00e9rcoles a las 10:00 h en la biblioteca p\u00fablica del Centenario, ubicada al interior del parque ambiental Bicentenario.<\/p>\n<p>La conferencia estar\u00e1 impartida por el defensor de los derechos universales en la demarcaci\u00f3n, Jes\u00fas Dami\u00e1n Garc\u00eda, quien abordar\u00e1 el rol que tienen el gobierno, los padres de familia y las escuelas, en la formaci\u00f3n y desarrollo de las nuevas generaciones.<\/p>\n<p>El ombudsman municipal, destac\u00f3 que son m\u00e1s de 50 pl\u00e1ticas realizadas ante diferentes p\u00fablicos en diversos foros, sobre \u201cLa importancia de ser padres\u201d, en el cual se revelan causas que inciden en la personalidad de los hijos, sobre todo en los menores de edad que en la actualidad, refiri\u00f3, conviven con tecnolog\u00eda avanzada y bajo modelos de familia muy particulares donde llegan a crecer s\u00f3lo con la figura del padre o la madre o la de los abuelos, de all\u00ed la relevancia para establecer conductas que alienten un proceso de convivencia amable y propositivo.<\/p>\n<p>La conferencia, subray\u00f3, retrata las obligaciones, derechos y deberes de los sectores de la sociedad para crear en la ni\u00f1ez y adolescentes, ambientes saludables que se reflejen en la constituci\u00f3n de personas de bien.<\/p>\n<p>\u201cEst\u00e1 comprobado que el 95 por ciento de familias que tienen una convivencia con amor, pero tambi\u00e9n con disciplina, tienen hijos exitosos; pero para lograr que esa armon\u00eda est\u00e9 presente, es necesario asumir decisiones responsables, entre ellas, vigilar el uso de redes sociales y amistades, dar seguimiento a las notas escolares y comportamiento, y lo que es muy com\u00fan, evitar compensar falta de tiempo con los menores por cuestiones laborales con obsequios\u201d.<\/p>\n<p>Dami\u00e1n Garc\u00eda, se\u00f1al\u00f3 que este esquema de acercamiento con la poblaci\u00f3n es permanente y que se relaciona con el esquema de gobierno del alcalde David L\u00f3pez C\u00e1rdenas, donde la promoci\u00f3n de los valores, la igualdad de g\u00e9nero y la defensa de los derechos humanos, entre otros principios que fortalecen la construcci\u00f3n de sociedad, son prioritarios para la administraci\u00f3n actual de Metepec.<\/p>\n<p>Agreg\u00f3 que las pl\u00e1ticas, talleres, conferencias, actividades recreativas, entre otras con dicho fin, realizadas por la Defensor\u00eda Municipal de Derechos Humanos, han tenido una aceptaci\u00f3n favorable en escuelas, delegaciones y distintas asociaciones.<\/p>\n<p>Para mayor informaci\u00f3n y solicitud sobre el tema y servicios inherentes a la Defensor\u00eda, est\u00e1 disponible el n\u00famero telef\u00f3nico: 2 32 11 59; el correo electr\u00f3nico: metepecderechos@gmail.com; y en Facebook: Defensor\u00eda Municipal de Derechos Humanos Metepec.<\/p>\n","protected":false},"excerpt":{"rendered":"<p>Como parte de las acciones para mejorar la relaci\u00f3n familiar, la Defensor\u00eda Municipal de los Derechos Humanos de Metepec, ofrecer\u00e1 una pl\u00e1tica gratuita para padres e hijos este mi\u00e9rcoles a las 10:00 h en la biblioteca p\u00fablica del Centenario, ubicada al interior del parque ambiental Bicentenario.<\/p>\n","protected":false},"author":3,"featured_media":389154,"comment_status":"open","ping_status":"open","sticky":false,"template":"","format":"standard","meta":{"_monsterinsights_skip_tracking":false,"_monsterinsights_sitenote_active":false,"_monsterinsights_sitenote_note":"","_monsterinsights_sitenote_category":0,"footnotes":""},"categories":[35155],"tags":[11840,14901,876,54110,54363],"class_list":["post-389082","post","type-post","status-publish","format-standard","has-post-thumbnail","hentry","category-estado-de-mexico-estado-de-mexico","tag-estao-de-mexico","tag-hijos","tag-metepec","tag-padres","tag-relacion"],"_links":{"self":[{"href":"https:\/\/www.diarioimagen.net\/index.php?rest_route=\/wp\/v2\/posts\/389082","targetHints":{"allow":["GET"]}}],"collection":[{"href":"https:\/\/www.diarioimagen.net\/index.php?rest_route=\/wp\/v2\/posts"}],"about":[{"href":"https:\/\/www.diarioimagen.net\/index.php?rest_route=\/wp\/v2\/types\/post"}],"author":[{"embeddable":true,"href":"https:\/\/www.diarioimagen.net\/index.php?rest_route=\/wp\/v2\/users\/3"}],"replies":[{"embeddable":true,"href":"https:\/\/www.diarioimagen.net\/index.php?rest_route=%2Fwp%2Fv2%2Fcomments&post=389082"}],"version-history":[{"count":0,"href":"https:\/\/www.diarioimagen.net\/index.php?rest_route=\/wp\/v2\/posts\/389082\/revisions"}],"wp:featuredmedia":[{"embeddable":true,"href":"https:\/\/www.diarioimagen.net\/index.php?rest_route=\/wp\/v2\/media\/389154"}],"wp:attachment":[{"href":"https:\/\/www.diarioimagen.net\/index.php?rest_route=%2Fwp%2Fv2%2Fmedia&parent=389082"}],"wp:term":[{"taxonomy":"category","embeddable":true,"href":"https:\/\/www.diarioimagen.net\/index.php?rest_route=%2Fwp%2Fv2%2Fcategories&post=389082"},{"taxonomy":"post_tag","embeddable":true,"href":"https:\/\/www.diarioimagen.net\/index.php?rest_route=%2Fwp%2Fv2%2Ftags&post=389082"}],"curies":[{"name":"wp","href":"https:\/\/api.w.org\/{rel}","templated":true}]}}