{"id":389088,"date":"2018-08-08T00:06:22","date_gmt":"2018-08-08T05:06:22","guid":{"rendered":"https:\/\/www.diarioimagen.net\/?p=389088"},"modified":"2018-08-08T03:47:23","modified_gmt":"2018-08-08T08:47:23","slug":"capacitacion-en-huixquilucan-en-materia-de-prevencion-de-incendios","status":"publish","type":"post","link":"https:\/\/www.diarioimagen.net\/?p=389088","title":{"rendered":"Capacitaci\u00f3n en Huixquilucan en materia de prevenci\u00f3n de incendios"},"content":{"rendered":"<ul>\n<li><strong><em>A servidores p\u00fablicos<\/em><\/strong><\/li>\n<\/ul>\n<p>&nbsp;<\/p>\n<div id=\"attachment_389162\" style=\"width: 470px\" class=\"wp-caption aligncenter\"><a href=\"https:\/\/www.diarioimagen.net\/?attachment_id=389162\" rel=\"attachment wp-att-389162\"><img loading=\"lazy\" decoding=\"async\" aria-describedby=\"caption-attachment-389162\" class=\"size-large wp-image-389162\" src=\"https:\/\/www.diarioimagen.net\/wp-content\/uploads\/2018\/08\/HUIXQUILUCAN-3428-460x259.jpg\" alt=\"\" width=\"460\" height=\"259\" srcset=\"https:\/\/www.diarioimagen.net\/wp-content\/uploads\/2018\/08\/HUIXQUILUCAN-3428-460x259.jpg 460w, https:\/\/www.diarioimagen.net\/wp-content\/uploads\/2018\/08\/HUIXQUILUCAN-3428-240x135.jpg 240w, https:\/\/www.diarioimagen.net\/wp-content\/uploads\/2018\/08\/HUIXQUILUCAN-3428-235x132.jpg 235w, https:\/\/www.diarioimagen.net\/wp-content\/uploads\/2018\/08\/HUIXQUILUCAN-3428-202x114.jpg 202w, https:\/\/www.diarioimagen.net\/wp-content\/uploads\/2018\/08\/HUIXQUILUCAN-3428-350x196.jpg 350w, https:\/\/www.diarioimagen.net\/wp-content\/uploads\/2018\/08\/HUIXQUILUCAN-3428-220x123.jpg 220w, https:\/\/www.diarioimagen.net\/wp-content\/uploads\/2018\/08\/HUIXQUILUCAN-3428-237x132.jpg 237w, https:\/\/www.diarioimagen.net\/wp-content\/uploads\/2018\/08\/HUIXQUILUCAN-3428.jpg 480w\" sizes=\"auto, (max-width: 460px) 100vw, 460px\" \/><\/a><p id=\"caption-attachment-389162\" class=\"wp-caption-text\">El Cuerpo de Bomberos de Huixquilucan dio un curso de capacitaci\u00f3n, dirigido a servidores p\u00fablicos.<\/p><\/div>\n<p>&nbsp;<\/p>\n<p><strong>Huixquilucan, Estado de M\u00e9xico<\/strong>.- Con la finalidad de saber c\u00f3mo prevenir accidentes en el trabajo y hogar\u00a0\u00a0provocados por el fuego y en caso de registrarse saber c\u00f3mo actuar, el Heroico Cuerpo de Bomberos de Huixquilucan dio un curso de capacitaci\u00f3n dirigido a servidores p\u00fablicos, que forman parte de las brigadas de la Unidad Interna de Protecci\u00f3n Civil.<\/p>\n<p>El jefe de bomberos de Huixquilucan, Edgar Cisneros, coment\u00f3 que desde el inicio de la administraci\u00f3n, el presidente municipal, Enrique Vargas del Villar, dio la instrucci\u00f3n de brindar cursos de capacitaci\u00f3n constantes para que en todas las oficinas haya personal preparado en caso de emergencia.<\/p>\n<p>En esta ocasi\u00f3n en el museo de Huixquilucan, se imparti\u00f3 el curso: Combate y Prevenci\u00f3n de Incendios, que incluy\u00f3 instrucci\u00f3n te\u00f3rica y pr\u00e1ctica.<\/p>\n<p>El comandante de bomberos, Carlos Res\u00e9ndiz Sol\u00eds, instruy\u00f3 a los asistentes en temas como, tipos de fuego y de incendio, causas de incendio, materiales combustibles y flamantes, as\u00ed como la pr\u00e1ctica de apagar un cilindro de gas.<\/p>\n<p>Adem\u00e1s de capacitar a los servidores p\u00fablicos, tambi\u00e9n hay cursos para el p\u00fablico en general, por lo que si los ciudadanos desean asistir, deber\u00e1n acudir a las oficinas de Protecci\u00f3n Civil, ubicadas en\u00a0calle Quintana Roo # 9, Huixquilucan\u00a0centro o llamar al departamento de capacitaci\u00f3n al tel\u00e9fono 554996 1520 para mayor informaci\u00f3n.<\/p>\n","protected":false},"excerpt":{"rendered":"<p>Con la finalidad de saber c\u00f3mo prevenir accidentes en el trabajo y hogar  provocados por el fuego y en caso de registrarse saber c\u00f3mo actuar, el Heroico Cuerpo de Bomberos de Huixquilucan dio un curso de capacitaci\u00f3n dirigido a servidores p\u00fablicos, que forman parte de las brigadas de la Unidad Interna de Protecci\u00f3n Civil.<\/p>\n","protected":false},"author":3,"featured_media":389162,"comment_status":"open","ping_status":"open","sticky":false,"template":"","format":"standard","meta":{"_monsterinsights_skip_tracking":false,"_monsterinsights_sitenote_active":false,"_monsterinsights_sitenote_note":"","_monsterinsights_sitenote_category":0,"footnotes":""},"categories":[35155],"tags":[76855,43675,1097,10465,21732],"class_list":["post-389088","post","type-post","status-publish","format-standard","has-post-thumbnail","hentry","category-estado-de-mexico-estado-de-mexico","tag-76855","tag-estado-de-mexico","tag-huixquilucan","tag-incendios","tag-prevencion"],"_links":{"self":[{"href":"https:\/\/www.diarioimagen.net\/index.php?rest_route=\/wp\/v2\/posts\/389088","targetHints":{"allow":["GET"]}}],"collection":[{"href":"https:\/\/www.diarioimagen.net\/index.php?rest_route=\/wp\/v2\/posts"}],"about":[{"href":"https:\/\/www.diarioimagen.net\/index.php?rest_route=\/wp\/v2\/types\/post"}],"author":[{"embeddable":true,"href":"https:\/\/www.diarioimagen.net\/index.php?rest_route=\/wp\/v2\/users\/3"}],"replies":[{"embeddable":true,"href":"https:\/\/www.diarioimagen.net\/index.php?rest_route=%2Fwp%2Fv2%2Fcomments&post=389088"}],"version-history":[{"count":0,"href":"https:\/\/www.diarioimagen.net\/index.php?rest_route=\/wp\/v2\/posts\/389088\/revisions"}],"wp:featuredmedia":[{"embeddable":true,"href":"https:\/\/www.diarioimagen.net\/index.php?rest_route=\/wp\/v2\/media\/389162"}],"wp:attachment":[{"href":"https:\/\/www.diarioimagen.net\/index.php?rest_route=%2Fwp%2Fv2%2Fmedia&parent=389088"}],"wp:term":[{"taxonomy":"category","embeddable":true,"href":"https:\/\/www.diarioimagen.net\/index.php?rest_route=%2Fwp%2Fv2%2Fcategories&post=389088"},{"taxonomy":"post_tag","embeddable":true,"href":"https:\/\/www.diarioimagen.net\/index.php?rest_route=%2Fwp%2Fv2%2Ftags&post=389088"}],"curies":[{"name":"wp","href":"https:\/\/api.w.org\/{rel}","templated":true}]}}