{"id":389130,"date":"2018-08-08T00:08:41","date_gmt":"2018-08-08T05:08:41","guid":{"rendered":"https:\/\/www.diarioimagen.net\/?p=389130"},"modified":"2018-08-08T04:10:16","modified_gmt":"2018-08-08T09:10:16","slug":"foros-por-la-pacificacion","status":"publish","type":"post","link":"https:\/\/www.diarioimagen.net\/?p=389130","title":{"rendered":"Foros por la pacificaci\u00f3n"},"content":{"rendered":"<h2>Punto por punto<\/h2>\n<h5>Augusto Corro<\/h5>\n<p>&nbsp;<\/p>\n<div id=\"attachment_389200\" style=\"width: 470px\" class=\"wp-caption aligncenter\"><a href=\"https:\/\/www.diarioimagen.net\/?attachment_id=389200\" rel=\"attachment wp-att-389200\"><img loading=\"lazy\" decoding=\"async\" aria-describedby=\"caption-attachment-389200\" class=\"size-large wp-image-389200\" src=\"https:\/\/www.diarioimagen.net\/wp-content\/uploads\/2018\/08\/EN-LAS-MISMAS-jose-luis-3428-460x397.jpg\" alt=\"\" width=\"460\" height=\"397\" srcset=\"https:\/\/www.diarioimagen.net\/wp-content\/uploads\/2018\/08\/EN-LAS-MISMAS-jose-luis-3428-460x397.jpg 460w, https:\/\/www.diarioimagen.net\/wp-content\/uploads\/2018\/08\/EN-LAS-MISMAS-jose-luis-3428-240x207.jpg 240w, https:\/\/www.diarioimagen.net\/wp-content\/uploads\/2018\/08\/EN-LAS-MISMAS-jose-luis-3428-768x663.jpg 768w, https:\/\/www.diarioimagen.net\/wp-content\/uploads\/2018\/08\/EN-LAS-MISMAS-jose-luis-3428.jpg 1200w\" sizes=\"auto, (max-width: 460px) 100vw, 460px\" \/><\/a><p id=\"caption-attachment-389200\" class=\"wp-caption-text\">En las mismas&#8230; | Jos\u00e9 Luis<\/p><\/div>\n<p>&nbsp;<\/p>\n<p>Se sabe ya cu\u00e1les son las causas de la violencia, corrupci\u00f3n e impunidad que azotan a M\u00e9xico sin contemplaci\u00f3n alguna.<\/p>\n<p>\u00bfHab\u00eda necesidad de escuchar hasta el cansancio las quejas de las v\u00edctimas de la delincuencia organizada o de los representantes de la ley en los llamados Foros por la Pacificaci\u00f3n y la Reconciliaci\u00f3n Nacional?<\/p>\n<p>Veamos: son miles de expedientes sobre asesinatos, secuestros, desapariciones forzosas que se encuentran en las oficinas impartidoras de justicia.<\/p>\n<p>Ya los integrantes del pr\u00f3ximo gabinete reconocieron que recibir\u00e1n un pa\u00eds-cementerio por el n\u00famero de fosas clandestinas a lo largo y ancho del territorio nacional.<\/p>\n<p>Son decenas de organizaciones sociales que, ante la nula atenci\u00f3n de las autoridades, buscan a sus familiares desaparecidos. Uno de esos casos es el secuestro colectivo de los 43 normalistas de Ayotzinapa.<\/p>\n<p>En los dos \u00faltimos sexenios se registraron 220 mil homicidios dolosos y 40 mil personas fueron desaparecidas. Los \u201cnarcos\u201d efectuaron \u201clevas\u201d entre los j\u00f3venes y se llevaron a cabo ejecuciones extrajudiciales.<\/p>\n<p>Son innumerables las v\u00edctimas que esperan justicia. Tendr\u00e1n que implementarse medidas radicales para enfrentar esa grav\u00edsima problem\u00e1tica social que tiene harta a los mexicanos, cuyo enojo lo manifestaron el 1 de julio.<\/p>\n<p>El activista y poeta Javier Sicilia dijo, al referirse al tema de los foros,\u00a0 que est\u00e1n \u201cde sobra\u201d.<\/p>\n<p>Explic\u00f3 que \u201cno se puede llenar de ilusiones a la naci\u00f3n. El problema es sumamente complejo y desde esa perspectiva yo creo que los foros sobran, est\u00e1 sobrediagnosticado el asunto (de la inseguridad). Ojal\u00e1 que las miles de v\u00edctimas que acudan a las reuniones en busca de paz y seguridad encuentren el eco deseado a sus necesidades de justicia.<\/p>\n<p style=\"text-align: center;\"><strong>Fotoperiodista asesinado<\/strong><\/p>\n<p>Mientras se buscan las f\u00f3rmulas para acabar con los cr\u00edmenes, el fotoperiodista Rodolfo Garc\u00eda Gonz\u00e1lez, de 45 a\u00f1os, fue asesinado a balazos.<\/p>\n<p>El hecho ocurri\u00f3 en la localidad de Valle de Santiago, Guanajuato. El cuerpo sin vida del periodista estaba a un lado de su motocicleta.<\/p>\n<p>Garc\u00eda Gonz\u00e1lez colaboraba en semanarios locales. En los \u00faltimos meses, la violencia se desat\u00f3 en el mencionado estado. En junio pasado se registraron 265 asesinatos.<\/p>\n<p>En esa entidad, igual que otras en M\u00e9xico, la \u201corde\u00f1a\u201d a los tubos de combustible de Pemex increment\u00f3 la lucha entre las bandas de huachicoleros. En julio pasado, el periodista Rub\u00e9n Pat Cahuich fue asesinado a tiros en Playa del Carmen. Un d\u00eda antes, mataron de un golpe en la cabeza al comunicador Luis P\u00e9rez Garc\u00eda, luego los victimarios le prendieron fuego a su casa.<\/p>\n<p>Como ocurre en los casos de los cr\u00edmenes de periodistas, los delincuentes nunca son perseguidos. Los expedientes completos terminan en los archivos.<\/p>\n<p>Van m\u00e1s de 130 homicidios de periodistas del a\u00f1o 2000 a la fecha. Espero que en los multicitados foros por la paz se tomen en cuenta las quejas de homicidios de los comunicadores.<\/p>\n<p style=\"text-align: center;\"><strong>Balance perredista<\/strong><\/p>\n<p>De nada les servir\u00e1 a los perredistas saber que cometieron un error al elegir a Ricardo Anaya como su candidato presidencial. Lo anterior se desprende del \u201cBalance Electoral 2018\u201d elaborado por la Secretar\u00eda Electoral del PRD.<\/p>\n<p>Como se inform\u00f3 en este espacio, los perredistas optaron por aliarse con los panistas para presentar un frente com\u00fan en la campa\u00f1a presidencial.<\/p>\n<p>Desde el principio, los analistas pol\u00edticos dijeron que esa coalici\u00f3n no dar\u00eda buenos resultados debido a las diferentes formas de pensar de sus militantes.\u00a0 Estaba claro. Mezclar el agua con el aceite, imposible. El PAN, un partido confesional, contra el PRD supuestamente de izquierda, no iban a obtener resultados positivos.<\/p>\n<p>Si Acci\u00f3n Nacional manten\u00eda su imagen de organizaci\u00f3n pol\u00edtica s\u00f3lida, el partido del sol azteca ya ten\u00eda la imagen de un edificio en ruinas.<\/p>\n<p>En el recuento final de da\u00f1os, los perredistas reconocieron que les hubiera ido mejor con un candidato propio. Demasiado tarde el an\u00e1lisis.<\/p>\n<p>En fin, los perredistas, los pocos que quedan, buscar\u00e1n replantear su l\u00ednea pol\u00edtica para sacar a su partido de los escombros al que fue reducido.<\/p>\n<p style=\"text-align: center;\"><strong>Los partidos politicos\u00a0 <\/strong><\/p>\n<p>A prop\u00f3sito, \u00bfcu\u00e1l ser\u00e1 el destino de los partidos pol\u00edticos a ra\u00edz del triunfo apabullante de Morena? Por el momento, es la incertidumbre la que priva en las c\u00fapulas del poder de las diferentes organizaciones pol\u00edticas.<\/p>\n<p>El PAN, el menos maltrecho de los partidos seguir\u00e1 como oposici\u00f3n tradicional. EL PRD ya estaba en calidad de\u00a0 cad\u00e1ver desde antes de las elecciones. El PRI dif\u00edcilmente se recuperar\u00e1 de la desastrosa derrota que le propinaron.<\/p>\n<p>Ser\u00e1 muy interesante el desempe\u00f1o de la oposici\u00f3n frente a un nuevo gobierno, como el morenista, con todo el apoyo de las mayor\u00edas en el Senado y en San L\u00e1zaro.<\/p>\n<p><em><a href=\"mailto:aco2742@hotmail.com\" target=\"_blank\" rel=\"noopener\">aco2742@hotmail.com<\/a><\/em><\/p>\n","protected":false},"excerpt":{"rendered":"<p><span style=\"color: #005497;\"><strong>Augusto Corro<\/strong><\/span><br \/>\n<br \/>\nSe sabe ya cu\u00e1les son las causas de la violencia, corrupci\u00f3n e impunidad que azotan a M\u00e9xico sin contemplaci\u00f3n alguna.<\/p>\n","protected":false},"author":3,"featured_media":389200,"comment_status":"open","ping_status":"open","sticky":false,"template":"","format":"standard","meta":{"_monsterinsights_skip_tracking":false,"_monsterinsights_sitenote_active":false,"_monsterinsights_sitenote_note":"","_monsterinsights_sitenote_category":0,"footnotes":""},"categories":[157],"tags":[43686,43674,11515],"class_list":["post-389130","post","type-post","status-publish","format-standard","has-post-thumbnail","hentry","category-augusto-corro","tag-augusto-corro","tag-opinion","tag-punto-por-punto"],"_links":{"self":[{"href":"https:\/\/www.diarioimagen.net\/index.php?rest_route=\/wp\/v2\/posts\/389130","targetHints":{"allow":["GET"]}}],"collection":[{"href":"https:\/\/www.diarioimagen.net\/index.php?rest_route=\/wp\/v2\/posts"}],"about":[{"href":"https:\/\/www.diarioimagen.net\/index.php?rest_route=\/wp\/v2\/types\/post"}],"author":[{"embeddable":true,"href":"https:\/\/www.diarioimagen.net\/index.php?rest_route=\/wp\/v2\/users\/3"}],"replies":[{"embeddable":true,"href":"https:\/\/www.diarioimagen.net\/index.php?rest_route=%2Fwp%2Fv2%2Fcomments&post=389130"}],"version-history":[{"count":0,"href":"https:\/\/www.diarioimagen.net\/index.php?rest_route=\/wp\/v2\/posts\/389130\/revisions"}],"wp:featuredmedia":[{"embeddable":true,"href":"https:\/\/www.diarioimagen.net\/index.php?rest_route=\/wp\/v2\/media\/389200"}],"wp:attachment":[{"href":"https:\/\/www.diarioimagen.net\/index.php?rest_route=%2Fwp%2Fv2%2Fmedia&parent=389130"}],"wp:term":[{"taxonomy":"category","embeddable":true,"href":"https:\/\/www.diarioimagen.net\/index.php?rest_route=%2Fwp%2Fv2%2Fcategories&post=389130"},{"taxonomy":"post_tag","embeddable":true,"href":"https:\/\/www.diarioimagen.net\/index.php?rest_route=%2Fwp%2Fv2%2Ftags&post=389130"}],"curies":[{"name":"wp","href":"https:\/\/api.w.org\/{rel}","templated":true}]}}