{"id":389221,"date":"2018-08-08T14:31:08","date_gmt":"2018-08-08T19:31:08","guid":{"rendered":"https:\/\/www.diarioimagen.net\/?p=389221"},"modified":"2018-08-09T06:24:41","modified_gmt":"2018-08-09T11:24:41","slug":"mexiquenses-en-silla-de-ruedas-rompen-barreras-fisicas","status":"publish","type":"post","link":"https:\/\/www.diarioimagen.net\/?p=389221","title":{"rendered":"Mexiquenses en silla de ruedas rompen barreras f\u00edsicas"},"content":{"rendered":"<ul>\n<li><em><strong>Empodera DIFEM a las personas con discapacidad motriz <\/strong><\/em><\/li>\n<\/ul>\n<p>&nbsp;<\/p>\n<div id=\"attachment_389222\" style=\"width: 470px\" class=\"wp-caption aligncenter\"><img loading=\"lazy\" decoding=\"async\" aria-describedby=\"caption-attachment-389222\" class=\"size-large wp-image-389222\" src=\"https:\/\/www.diarioimagen.net\/wp-content\/uploads\/2018\/08\/DIFEM9-portal-460x268.jpg\" alt=\"\" width=\"460\" height=\"268\" srcset=\"https:\/\/www.diarioimagen.net\/wp-content\/uploads\/2018\/08\/DIFEM9-portal-460x268.jpg 460w, https:\/\/www.diarioimagen.net\/wp-content\/uploads\/2018\/08\/DIFEM9-portal-240x140.jpg 240w, https:\/\/www.diarioimagen.net\/wp-content\/uploads\/2018\/08\/DIFEM9-portal.jpg 480w\" sizes=\"auto, (max-width: 460px) 100vw, 460px\" \/><p id=\"caption-attachment-389222\" class=\"wp-caption-text\">Emprende DIFEM, en colaboraci\u00f3n con Vida Independiente M\u00e9xico AC, curso para ense\u00f1ar y facilitar el uso de silla de ruedas en personas con discapacidad motora.<\/p><\/div>\n<p>&nbsp;<\/p>\n<p>Toluca, M\u00e9c.- Tras 20 a\u00f1os de sufrir un accidente que le provoc\u00f3 la inmovilidad permanente de sus piernas, Miriam Guti\u00e9rrez ve la vida diferente, pues ha aprendido a romper las barreras f\u00edsicas, pero sobre todo las psicol\u00f3gicas que le imped\u00edan ser feliz, oportunidad que al igual que ella tendr\u00e1n 35 personas con discapacidad motriz que se integran al curso de capacitaci\u00f3n para una vida independiente.<\/p>\n<p>En este curso que el DIFEM, en colaboraci\u00f3n con la Asociaci\u00f3n Vida Independiente M\u00e9xico, efectuar\u00e1 en una modalidad de campamento durante cinco d\u00edas, los beneficiarios aprender\u00e1n a\u00a0 utilizar la silla de ruedas como una extensi\u00f3n de su cuerpo que les permitir\u00e1 subir y bajar escaleras, autom\u00f3viles, rampas, atravesar obst\u00e1culos, desplazarse en la casa, en el trabajo y en las calles, as\u00ed como otras labores de la vida cotidiana.<\/p>\n<p>Al inaugurar este curso, Adriana Ramos Vizca\u00edno, Directora de Atenci\u00f3n a la Discapacidad del DIFEM, inform\u00f3 que el objetivo es empoderar a las personas con discapacidad motriz y ayudarlas a llevar una vida de calidad y de inclusi\u00f3n en todos los \u00e1mbitos.<\/p>\n<p>Para tal efecto, dijo, se cuenta con un equipo interdisciplinario en medicina general, psicolog\u00eda, integraci\u00f3n social, rehabilitaci\u00f3n f\u00edsica y ocupacional,\u00a0 e instructores de silla de ruedas, quienes brindar\u00e1n asesor\u00eda, actividades, manejo de crisis emocionales, aceptaci\u00f3n, salud, higiene y sexualidad, entre otros aspectos.<\/p>\n<p>\u201cEl jueves 9 de agosto, a partir de las 10 de la ma\u00f1ana, realizaremos una rodada a la que invitamos a la sociedad a participar, saldremos de las instalaciones del Centro Paral\u00edmpico de la Ciudad Deportiva de Zinacantepec hacia los Portales del Centro de Toluca y ah\u00ed veremos c\u00f3mo estos valiosos mexiquenses van rompiendo barreras\u201d, refiri\u00f3 Ramos Vizca\u00edno.<\/p>\n<p>Precis\u00f3 adem\u00e1s, que para el Gobernador Alfredo Del Mazo y para su esposa Fernanda Castillo de Del Mazo,\u00a0Presidenta Honoraria del DIFEM, las personas con discapacidad representan un n\u00facleo sensible de la sociedad que requiere el respaldo y el respeto en todos los \u00e1mbitos, y este curso significa paso muy importante para lograrlo.<\/p>\n<p>En tanto Rub\u00e9n Navarro Toledo, Coordinador de Vida Independiente M\u00e9xico, AC, destac\u00f3 la importancia de conjuntar esfuerzos entre instituciones y sociedad civil para impulsar el desarrollo y la inserci\u00f3n de las personas con discapacidad.<\/p>\n<p>\u201cCon este curso vamos a cambiar vidas, pero tambi\u00e9n invitaremos a los participantes a ser replicadores de lo aprendido en \u00e9l, en sus comunidades\u201d, asegur\u00f3.<\/p>\n","protected":false},"excerpt":{"rendered":"<p>Tras 20 a\u00f1os de sufrir un accidente que le provoc\u00f3 la inmovilidad permanente de sus piernas, Miriam Guti\u00e9rrez ve la vida diferente, pues ha aprendido a romper las barreras f\u00edsicas, pero sobre todo las psicol\u00f3gicas que le imped\u00edan ser feliz, oportunidad que al igual que ella tendr\u00e1n 35 personas con discapacidad motriz que se integran al curso de capacitaci\u00f3n para una vida independiente.<\/p>\n","protected":false},"author":5,"featured_media":389222,"comment_status":"open","ping_status":"open","sticky":false,"template":"","format":"standard","meta":{"_monsterinsights_skip_tracking":false,"_monsterinsights_sitenote_active":false,"_monsterinsights_sitenote_note":"","_monsterinsights_sitenote_category":0,"footnotes":""},"categories":[5],"tags":[394,76868,76871,76869],"class_list":["post-389221","post","type-post","status-publish","format-standard","has-post-thumbnail","hentry","category-estado-de-mexico","tag-difem","tag-mexiquenses-en-silla","tag-miriam-gutierrez","tag-ruedas-rompen"],"_links":{"self":[{"href":"https:\/\/www.diarioimagen.net\/index.php?rest_route=\/wp\/v2\/posts\/389221","targetHints":{"allow":["GET"]}}],"collection":[{"href":"https:\/\/www.diarioimagen.net\/index.php?rest_route=\/wp\/v2\/posts"}],"about":[{"href":"https:\/\/www.diarioimagen.net\/index.php?rest_route=\/wp\/v2\/types\/post"}],"author":[{"embeddable":true,"href":"https:\/\/www.diarioimagen.net\/index.php?rest_route=\/wp\/v2\/users\/5"}],"replies":[{"embeddable":true,"href":"https:\/\/www.diarioimagen.net\/index.php?rest_route=%2Fwp%2Fv2%2Fcomments&post=389221"}],"version-history":[{"count":0,"href":"https:\/\/www.diarioimagen.net\/index.php?rest_route=\/wp\/v2\/posts\/389221\/revisions"}],"wp:featuredmedia":[{"embeddable":true,"href":"https:\/\/www.diarioimagen.net\/index.php?rest_route=\/wp\/v2\/media\/389222"}],"wp:attachment":[{"href":"https:\/\/www.diarioimagen.net\/index.php?rest_route=%2Fwp%2Fv2%2Fmedia&parent=389221"}],"wp:term":[{"taxonomy":"category","embeddable":true,"href":"https:\/\/www.diarioimagen.net\/index.php?rest_route=%2Fwp%2Fv2%2Fcategories&post=389221"},{"taxonomy":"post_tag","embeddable":true,"href":"https:\/\/www.diarioimagen.net\/index.php?rest_route=%2Fwp%2Fv2%2Ftags&post=389221"}],"curies":[{"name":"wp","href":"https:\/\/api.w.org\/{rel}","templated":true}]}}