{"id":389226,"date":"2018-08-09T00:10:27","date_gmt":"2018-08-09T05:10:27","guid":{"rendered":"https:\/\/www.diarioimagen.net\/?p=389226"},"modified":"2018-08-09T23:55:27","modified_gmt":"2018-08-10T04:55:27","slug":"refrenda-del-mazo-compromiso-con-pacto-por-la-primera-infancia","status":"publish","type":"post","link":"https:\/\/www.diarioimagen.net\/?p=389226","title":{"rendered":"Refrenda Del Mazo compromiso con Pacto por la Primera Infancia"},"content":{"rendered":"<ul>\n<li><em><strong>Para que ni\u00f1os mexiquenses tengan un mejor desarrollo<\/strong><\/em><\/li>\n<\/ul>\n<p>&nbsp;<\/p>\n<div id=\"attachment_389227\" style=\"width: 470px\" class=\"wp-caption aligncenter\"><img loading=\"lazy\" decoding=\"async\" aria-describedby=\"caption-attachment-389227\" class=\"size-large wp-image-389227\" src=\"https:\/\/www.diarioimagen.net\/wp-content\/uploads\/2018\/08\/DEL-MAZO9-portal-460x268.jpg\" alt=\"\" width=\"460\" height=\"268\" srcset=\"https:\/\/www.diarioimagen.net\/wp-content\/uploads\/2018\/08\/DEL-MAZO9-portal-460x268.jpg 460w, https:\/\/www.diarioimagen.net\/wp-content\/uploads\/2018\/08\/DEL-MAZO9-portal-240x140.jpg 240w, https:\/\/www.diarioimagen.net\/wp-content\/uploads\/2018\/08\/DEL-MAZO9-portal.jpg 480w\" sizes=\"auto, (max-width: 460px) 100vw, 460px\" \/><p id=\"caption-attachment-389227\" class=\"wp-caption-text\">El gobernador Alfredo Del Mazo afirm\u00f3 que la entidad se compromete a trabajar de la mano con los integrantes del Pacto por la Primera Infancia.<\/p><\/div>\n<p>&nbsp;<\/p>\n<p><strong>Metepec, Estado de M\u00e9xico<\/strong>.- En el Estado de M\u00e9xico se protegen y fortalecen los derechos de las ni\u00f1as y ni\u00f1os mexiquenses, por ello, la entidad se compromete a trabajar de la mano con los integrantes del Pacto por la Primera Infancia, para que los menores de cinco a\u00f1os accedan a una mejor alimentaci\u00f3n, educaci\u00f3n de calidad y una vida libre de violencia, se\u00f1al\u00f3 el Gobernador Alfredo Del Mazo Maza.<\/p>\n<p>\u201cEn el Estado de M\u00e9xico podremos resolver algunos de nuestros desaf\u00edos m\u00e1s complejos, porque hemos hecho del desarrollo pleno de las oportunidades de la primera infancia, una prioridad de mi gobierno. Por ello estamos comprometidos con la promoci\u00f3n de los derechos de la ni\u00f1ez, a una buena alimentaci\u00f3n, a una educaci\u00f3n de calidad y a una vida libre de violencia\u201d, expres\u00f3.<\/p>\n<p>Jos\u00e9 Ignacio \u00c1valos Hern\u00e1ndez, integrante del Consejo Directivo del Pacto por la Primera Infancia y Presidente de la Organizaci\u00f3n \u201cUn Kilo de Ayuda\u201d, reconoci\u00f3 la labor y avances que ha realizado la administraci\u00f3n estatal durante sus primeros 11 meses de gesti\u00f3n en esta materia, en los cuales, ha emprendido acciones para dar seguimiento a los compromisos asumidos por el Gobernador mexiquense cuando se encontraba en proceso de campa\u00f1a electoral, en 2017.<\/p>\n<p>\u201cNunca antes en M\u00e9xico se hab\u00eda contado con las condiciones que hoy he mencionado, muchas de estas propuestas y promovidas por los actores aqu\u00ed presentes,\u00a0 gracias por haber sido receptivo de las mismas, y haber recogido su palabra empe\u00f1ada e implementarla impecablemente.<\/p>\n<p>\u201cHoy s\u00ed se\u00f1or Gobernador Alfredo Del Mazo Maza, a tan solo escasos 11 meses de haber tomado posesi\u00f3n como Jefe del Ejecutivo Estatal, y de atestiguar el impresionante esfuerzo, as\u00ed como los avances alcanzados por su administraci\u00f3n en el seguimiento del Pacto por la Primera Infancia podemos sonar, hoy s\u00ed, triunfalistas, porque estamos caminando todos en la ruta correcta, y al ritmo adecuado\u201d, puntualiz\u00f3.<\/p>\n<p>Alfredo Del Mazo destac\u00f3 que el Estado de M\u00e9xico ha encontrado en la sociedad civil a una aliada para fortalecer a la ni\u00f1ez mexiquense, a trav\u00e9s de las iniciativas que impulsan para mejorar las condiciones de su desarrollo, ya que permiten dar direcci\u00f3n a los esfuerzos que realizan los poderes p\u00fablicos.<\/p>\n<p>\u201cQuiero agradecer la nutrida participaci\u00f3n de la sociedad civil y su involucramiento, tienen en el Gobierno del Estado de M\u00e9xico a un aliado para trabajar de la mano por este prop\u00f3sito que nos une a ambos\u201d, reconoci\u00f3 el Gobernador mexiquense.<\/p>\n<p>Asimismo, indic\u00f3 que participan en el Pacto por la Primera Infancia asociaciones de la sociedad civil, instituciones acad\u00e9micas, fundaciones empresariales y organismos internacionales, las cuales trabajan de manera conjunta para hacer de los primeros a\u00f1os de los peque\u00f1os una prioridad en la agenda gubernamental.<\/p>\n<p>\u201cCon decisiones firmes y resultados fuertes, juntos haremos de la primera infancia una etapa de esperanza, de alegr\u00eda y de felicidad para las ni\u00f1as y los ni\u00f1os del Estado de M\u00e9xico\u201d, manifest\u00f3.<\/p>\n<p>Del Mazo Maza inform\u00f3 que este pacto retoma los principios de la Agenda 2030, cuyos Objetivos de Desarrollo Sostenible est\u00e1n en el Plan de Desarrollo del Estado de M\u00e9xico, y beneficia a m\u00e1s de un mill\u00f3n 700 mil ni\u00f1as y ni\u00f1os mexiquenses, menores de cinco a\u00f1os.<\/p>\n<p>El mandatario estatal se\u00f1al\u00f3 que a trav\u00e9s del Pacto por la Primera Infancia se atienden 10 compromisos para brindar mejores oportunidades de desarrollo al sector infantil.<\/p>\n<p>Entre ellos, detall\u00f3 que se encuentran el disminuir la desnutrici\u00f3n cr\u00f3nica de quienes viven en condiciones de pobreza, promover\u00a0 la lactancia materna durante los primeros seis meses; reducir la anemia en menores de cinco a\u00f1os.<\/p>\n<p>En materia educativa se impulsa que m\u00e1s infantes menores de tres a\u00f1os tengan acceso a educaci\u00f3n inicial o a pr\u00e1cticas de crianza para sus padres o cuidadores; incrementar la cobertura en nivel preescolar y disminuir el n\u00famero de ni\u00f1os con desarrollo inadecuado.<\/p>\n<p>Tambi\u00e9n, dijo, se trabaja para garantizar que los menores mexiquenses vivan en un entorno libre de violencia, por lo que la administraci\u00f3n estatal se compromete a reducir el n\u00famero de casos de maltrato infantil y la tasa de mortalidad por homicidio en menores de cuatro a\u00f1os.<\/p>\n<p>As\u00ed como disminuir los casos de abuso sexual y resolver un mayor n\u00famero de desapariciones en ni\u00f1os de menos de cinco a\u00f1os, adem\u00e1s de incrementar el n\u00famero de peque\u00f1os registrados antes de cumplir un a\u00f1o de edad, para que accedan a los derechos, garant\u00edas y protecci\u00f3n que brinda el Estado.<\/p>\n<p>El titular del Ejecutivo estatal inform\u00f3 que adicionalmente, la administraci\u00f3n mexiquense emprendi\u00f3 acciones estructurales a las cuales se ha dado cumplimiento en el primer a\u00f1o de gobierno.<\/p>\n<p>Explic\u00f3 que se trata de la inclusi\u00f3n del Pacto por la Primera Infancia en el Plan Estatal de Desarrollo con el establecimiento de 42 l\u00edneas de acci\u00f3n; realizar ajustes program\u00e1ticos necesarios para su cumplimiento mediante mesas de trabajo y discusi\u00f3n para integrar un diagn\u00f3stico y metas definidas.<\/p>\n<p>Precis\u00f3 que a trav\u00e9s de programas alimentarios se han entregado m\u00e1s de 4 millones de canastas alimentarias a m\u00e1s de 776 mil familias; se impulsa el uso de lactarios, en la entidad, ya se cuenta con 98 espacios de este tipo; el DIF estatal atiende a m\u00e1s de 5 mil familias con hijos en edad no escolar y a 106 mil peque\u00f1os que viven en comunidades de alta marginaci\u00f3n y que pueden sufrir desnutrici\u00f3n.<\/p>\n<p>Puntualiz\u00f3 que tambi\u00e9n se buscar\u00e1 asignar recursos a esta materia a trav\u00e9s del proyecto de presupuesto de egresos de 2019; adem\u00e1s de establecer un sistema de indicadores para dar seguimiento al cumplimiento de compromisos, por lo que se prepar\u00f3 un diagn\u00f3stico para establecer las acciones que se llevar\u00e1n a cabo, medir sus avances y realizar ajustes.<\/p>\n<p>Agreg\u00f3 que tambi\u00e9n se dar\u00e1 seguimiento a los compromisos que la administraci\u00f3n tiene con el Pacto por la Primera Infancia a trav\u00e9s de la Comisi\u00f3n para el Desarrollo Infantil Temprano del Sistema de Protecci\u00f3n Integral de Ni\u00f1as, Ni\u00f1os y Adolescentes del Estado de M\u00e9xico (SIPINNA).<\/p>\n<p>En el evento estuvieron presentes Filipa de Castro, Investigadora del Centro de Investigaci\u00f3n en Salud Poblacional del Instituto Nacional de Salud P\u00fablica, Eriko Flores P\u00e9rez, Secretario T\u00e9cnico del Gabinete del Estado de M\u00e9xico, Olga P\u00e9rez Sanabria, Secretaria Ejecutiva del Sistema de Protecci\u00f3n Integral de Ni\u00f1as, Ni\u00f1os y Adolescentes, entre otros.<\/p>\n","protected":false},"excerpt":{"rendered":"<p>En el Estado de M\u00e9xico se protegen y fortalecen los derechos de las ni\u00f1as y ni\u00f1os mexiquenses, por ello, la entidad se compromete a trabajar de la mano con los integrantes del Pacto por la Primera Infancia, para que los menores de cinco a\u00f1os accedan a una mejor alimentaci\u00f3n, educaci\u00f3n de calidad y una vida libre de violencia, se\u00f1al\u00f3 el Gobernador Alfredo Del Mazo Maza.\u00a0\u00a0<\/p>\n","protected":false},"author":5,"featured_media":389227,"comment_status":"open","ping_status":"open","sticky":false,"template":"","format":"standard","meta":{"_monsterinsights_skip_tracking":false,"_monsterinsights_sitenote_active":false,"_monsterinsights_sitenote_note":"","_monsterinsights_sitenote_category":0,"footnotes":""},"categories":[5],"tags":[76873,72668,76872,76874],"class_list":["post-389226","post","type-post","status-publish","format-standard","has-post-thumbnail","hentry","category-estado-de-mexico","tag-derechos-de-la-ninez","tag-pacto-por-la-primera-infancia","tag-tengan-un-mejor-desarrollo","tag-un-kilo-de-ayuda"],"_links":{"self":[{"href":"https:\/\/www.diarioimagen.net\/index.php?rest_route=\/wp\/v2\/posts\/389226","targetHints":{"allow":["GET"]}}],"collection":[{"href":"https:\/\/www.diarioimagen.net\/index.php?rest_route=\/wp\/v2\/posts"}],"about":[{"href":"https:\/\/www.diarioimagen.net\/index.php?rest_route=\/wp\/v2\/types\/post"}],"author":[{"embeddable":true,"href":"https:\/\/www.diarioimagen.net\/index.php?rest_route=\/wp\/v2\/users\/5"}],"replies":[{"embeddable":true,"href":"https:\/\/www.diarioimagen.net\/index.php?rest_route=%2Fwp%2Fv2%2Fcomments&post=389226"}],"version-history":[{"count":0,"href":"https:\/\/www.diarioimagen.net\/index.php?rest_route=\/wp\/v2\/posts\/389226\/revisions"}],"wp:featuredmedia":[{"embeddable":true,"href":"https:\/\/www.diarioimagen.net\/index.php?rest_route=\/wp\/v2\/media\/389227"}],"wp:attachment":[{"href":"https:\/\/www.diarioimagen.net\/index.php?rest_route=%2Fwp%2Fv2%2Fmedia&parent=389226"}],"wp:term":[{"taxonomy":"category","embeddable":true,"href":"https:\/\/www.diarioimagen.net\/index.php?rest_route=%2Fwp%2Fv2%2Fcategories&post=389226"},{"taxonomy":"post_tag","embeddable":true,"href":"https:\/\/www.diarioimagen.net\/index.php?rest_route=%2Fwp%2Fv2%2Ftags&post=389226"}],"curies":[{"name":"wp","href":"https:\/\/api.w.org\/{rel}","templated":true}]}}