{"id":389266,"date":"2018-08-09T00:05:21","date_gmt":"2018-08-09T05:05:21","guid":{"rendered":"https:\/\/www.diarioimagen.net\/?p=389266"},"modified":"2018-08-09T06:17:00","modified_gmt":"2018-08-09T11:17:00","slug":"muy-dificil-controlar-sargazo-semarnat","status":"publish","type":"post","link":"https:\/\/www.diarioimagen.net\/?p=389266","title":{"rendered":"Muy dif\u00edcil controlar sargazo: Semarnat"},"content":{"rendered":"<ul>\n<li><em><strong>Fopreden ha destinado 70 mdp para atender contingencia en el Caribe mexicano<\/strong><\/em><\/li>\n<\/ul>\n<p>&nbsp;<\/p>\n<div id=\"attachment_389267\" style=\"width: 470px\" class=\"wp-caption aligncenter\"><a href=\"https:\/\/www.diarioimagen.net\/?attachment_id=389267\" rel=\"attachment wp-att-389267\"><img loading=\"lazy\" decoding=\"async\" aria-describedby=\"caption-attachment-389267\" class=\"size-large wp-image-389267\" src=\"https:\/\/www.diarioimagen.net\/wp-content\/uploads\/2018\/08\/sargazo-3429-460x259.jpg\" alt=\"\" width=\"460\" height=\"259\" srcset=\"https:\/\/www.diarioimagen.net\/wp-content\/uploads\/2018\/08\/sargazo-3429-460x259.jpg 460w, https:\/\/www.diarioimagen.net\/wp-content\/uploads\/2018\/08\/sargazo-3429-240x135.jpg 240w, https:\/\/www.diarioimagen.net\/wp-content\/uploads\/2018\/08\/sargazo-3429-235x132.jpg 235w, https:\/\/www.diarioimagen.net\/wp-content\/uploads\/2018\/08\/sargazo-3429-202x114.jpg 202w, https:\/\/www.diarioimagen.net\/wp-content\/uploads\/2018\/08\/sargazo-3429-350x196.jpg 350w, https:\/\/www.diarioimagen.net\/wp-content\/uploads\/2018\/08\/sargazo-3429-220x123.jpg 220w, https:\/\/www.diarioimagen.net\/wp-content\/uploads\/2018\/08\/sargazo-3429-237x132.jpg 237w, https:\/\/www.diarioimagen.net\/wp-content\/uploads\/2018\/08\/sargazo-3429.jpg 480w\" sizes=\"auto, (max-width: 460px) 100vw, 460px\" \/><\/a><p id=\"caption-attachment-389267\" class=\"wp-caption-text\">La arribaz\u00f3n del sargazo es un problema que afecta a las playas del Caribe mexicano desde el a\u00f1o 2011, rompiendo con la belleza del paisaje, especif\u00edcamente en Puerto Morelos y Canc\u00fan.<\/p><\/div>\n<p>&nbsp;<\/p>\n<p>El titular de la Secretar\u00eda de Medio Ambiente (Semarnat), Rafael Pacchiano, reconoci\u00f3 que se ha buscado, hasta en el extranjero, m\u00e9todos o tecnolog\u00edas para frenar la expansi\u00f3n del sargazo en las playas de Quintana Roo, sin encontrar la soluci\u00f3n.<\/p>\n<p>Justific\u00f3 que este a\u00f1o, se multiplic\u00f3 la llegada de la macroalga, en comparaci\u00f3n con 2015, que tambi\u00e9n fue at\u00edpico, por lo que la crisis en esa entidad no es porque al gobierno se le haya salido de control.<\/p>\n<p>Pacchiano explic\u00f3 que es un fen\u00f3meno natural poco previsible, que no s\u00f3lo est\u00e1 ocurriendo en M\u00e9xico, sino tambi\u00e9n est\u00e1 presente en pa\u00edses del Caribe.<\/p>\n<p>Dijo que a trav\u00e9s del Fondo para la Prevenci\u00f3n de Desastres Naturales (Fopreden) se han destinado 70 millones de pesos para atender la llegada de sargazo.<\/p>\n<p>En conferencia de prensa, el secretario inform\u00f3 que desde 2015 la dependencia emiti\u00f3 los lineamientos para retirar el sargazo lo m\u00e1s pronto posible, e incluso este a\u00f1o los permisos para realizar diversas acciones s\u00f3lo tardan una semana.<\/p>\n<p>Entre las dificultades, enumer\u00f3, est\u00e1 el hecho de que esas zonas son nidos de tortugas, por lo que no se puede meter maquinaria pesada, pues tambi\u00e9n destruir\u00eda las playas quintanarroenses.<\/p>\n<p>El funcionario detall\u00f3 que Protecci\u00f3n Civil federal ha invertido al menos 70 millones de pesos para contratar a personal y maquinaria especializada para el retiro del alga, adem\u00e1s de los recursos que est\u00e1 aportando el gobierno estatal.<\/p>\n<p>\u201cInvestigamos qu\u00e9 tecnolog\u00edas estaban disponibles en otros pa\u00edses para poder retirar el sargazo y la realidad es que hay poca tecnolog\u00eda, las pocas embarcaciones que pueden estar en el mar retir\u00e1ndolo son caras, retiran poca cantidad por d\u00eda\u201d.<\/p>\n<p>\u201cNo hay maquinaria en el mundo que alcance para poderlas traer aqu\u00ed, incluso el tiempo de entrega eran seis meses, estar\u00edan llegando al pa\u00eds a fin de a\u00f1o\u201d.<\/p>\n<p>Este jueves, revel\u00f3, sostendr\u00e1n una reuni\u00f3n con acad\u00e9micos de la Universidad Nacional Aut\u00f3noma de M\u00e9xico (UNAM) para ver qu\u00e9 otras alternativas existen.<\/p>\n<p>A los hoteles se les pidi\u00f3 colocar barreras de contenci\u00f3n para frenarlo un poco y poder sacarlo con bombas, pero, reconoci\u00f3, no es suficiente.<\/p>\n<p>\u201cSe est\u00e1 anunciando que se pretende iniciar una prueba piloto para ver si se puede desviar el sargazo en altamar, para que otra corriente se lo pueda llevar, eso habr\u00e1 que ver si es suficiente la corriente, porque el viento tambi\u00e9n es un factor importante de hacia d\u00f3nde se va\u201d.<\/p>\n<p style=\"text-align: center;\"><b>Ven desastre ecol\u00f3gico<span class=\"Apple-converted-space\">\u00a0<\/span><\/b><b>en el Caribe mexicano<\/b><\/p>\n<p>Los expertos tratan de dar una explicaci\u00f3n l\u00f3gica al fen\u00f3meno del sargazo, que se piensa est\u00e1 relacionado con el aumento de las temperaturas y el cambio clim\u00e1tico<\/p>\n<p>El arribo masivo de sargazo -un alga cuya proliferaci\u00f3n en los \u00faltimos a\u00f1os obedece a motivos todav\u00eda poco claros- a las playas mexicanas supondr\u00e1 un desastre ecol\u00f3gico si no se establece un organismo central que act\u00fae, advirtieron las especialistas, Marta Garc\u00eda y Brigitta Ine Van Tussenbroek.<\/p>\n<p>La invasi\u00f3n del sargazo es un problema que afecta las playas del Caribe desde el 2011. Y terminar con \u00e9ste ha sido un reto para el sector hotelero a\u00f1o con a\u00f1o.<\/p>\n<p>La alfombra de algas pardas, color caf\u00e9 y dorado, abarca, por ejemplo, al menos seis kil\u00f3metros de playas, del sur del faro que distingue a Puerto Morelos y al norte, rompiendo con la belleza del paisaje y sepultando las ganas de los turistas para entrar al lugar.<\/p>\n","protected":false},"excerpt":{"rendered":"<p>El titular de la Secretar\u00eda de Medio Ambiente (Semarnat), Rafael Pacchiano, reconoci\u00f3 que se ha buscado, hasta en el extranjero, m\u00e9todos o tecnolog\u00edas para frenar la expansi\u00f3n del sargazo en las playas de Quintana Roo, sin encontrar la soluci\u00f3n.<\/p>\n","protected":false},"author":1,"featured_media":389267,"comment_status":"open","ping_status":"open","sticky":false,"template":"","format":"standard","meta":{"_monsterinsights_skip_tracking":false,"_monsterinsights_sitenote_active":false,"_monsterinsights_sitenote_note":"","_monsterinsights_sitenote_category":0,"footnotes":""},"categories":[3],"tags":[43673,1250,76705,539],"class_list":["post-389266","post","type-post","status-publish","format-standard","has-post-thumbnail","hentry","category-nacional","tag-nacional","tag-quintana-roo","tag-sargazo","tag-semarnat"],"_links":{"self":[{"href":"https:\/\/www.diarioimagen.net\/index.php?rest_route=\/wp\/v2\/posts\/389266","targetHints":{"allow":["GET"]}}],"collection":[{"href":"https:\/\/www.diarioimagen.net\/index.php?rest_route=\/wp\/v2\/posts"}],"about":[{"href":"https:\/\/www.diarioimagen.net\/index.php?rest_route=\/wp\/v2\/types\/post"}],"author":[{"embeddable":true,"href":"https:\/\/www.diarioimagen.net\/index.php?rest_route=\/wp\/v2\/users\/1"}],"replies":[{"embeddable":true,"href":"https:\/\/www.diarioimagen.net\/index.php?rest_route=%2Fwp%2Fv2%2Fcomments&post=389266"}],"version-history":[{"count":0,"href":"https:\/\/www.diarioimagen.net\/index.php?rest_route=\/wp\/v2\/posts\/389266\/revisions"}],"wp:featuredmedia":[{"embeddable":true,"href":"https:\/\/www.diarioimagen.net\/index.php?rest_route=\/wp\/v2\/media\/389267"}],"wp:attachment":[{"href":"https:\/\/www.diarioimagen.net\/index.php?rest_route=%2Fwp%2Fv2%2Fmedia&parent=389266"}],"wp:term":[{"taxonomy":"category","embeddable":true,"href":"https:\/\/www.diarioimagen.net\/index.php?rest_route=%2Fwp%2Fv2%2Fcategories&post=389266"},{"taxonomy":"post_tag","embeddable":true,"href":"https:\/\/www.diarioimagen.net\/index.php?rest_route=%2Fwp%2Fv2%2Ftags&post=389266"}],"curies":[{"name":"wp","href":"https:\/\/api.w.org\/{rel}","templated":true}]}}