{"id":389269,"date":"2018-08-09T00:09:01","date_gmt":"2018-08-09T05:09:01","guid":{"rendered":"https:\/\/www.diarioimagen.net\/?p=389269"},"modified":"2018-08-09T06:20:39","modified_gmt":"2018-08-09T11:20:39","slug":"educacion-clave-para-detonar-el-desarrollo-de-mexico-slim","status":"publish","type":"post","link":"https:\/\/www.diarioimagen.net\/?p=389269","title":{"rendered":"Educaci\u00f3n, clave para detonar el desarrollo de M\u00e9xico: Slim"},"content":{"rendered":"<ul>\n<li><em><strong>Firma convenio con SCJN y fundaciones UNAM<span class=\"Apple-converted-space\">\u00a0<\/span><\/strong><\/em><\/li>\n<li><em><strong>Reforzar\u00e1n el programa de becas para estudiantes de Derecho<span class=\"Apple-converted-space\">\u00a0<\/span><\/strong><\/em><\/li>\n<\/ul>\n<p>&nbsp;<\/p>\n<div id=\"attachment_389270\" style=\"width: 470px\" class=\"wp-caption aligncenter\"><a href=\"https:\/\/www.diarioimagen.net\/?attachment_id=389270\" rel=\"attachment wp-att-389270\"><img loading=\"lazy\" decoding=\"async\" aria-describedby=\"caption-attachment-389270\" class=\"size-large wp-image-389270\" src=\"https:\/\/www.diarioimagen.net\/wp-content\/uploads\/2018\/08\/slim-3429-460x259.jpg\" alt=\"\" width=\"460\" height=\"259\" srcset=\"https:\/\/www.diarioimagen.net\/wp-content\/uploads\/2018\/08\/slim-3429-460x259.jpg 460w, https:\/\/www.diarioimagen.net\/wp-content\/uploads\/2018\/08\/slim-3429-240x135.jpg 240w, https:\/\/www.diarioimagen.net\/wp-content\/uploads\/2018\/08\/slim-3429-235x132.jpg 235w, https:\/\/www.diarioimagen.net\/wp-content\/uploads\/2018\/08\/slim-3429-202x114.jpg 202w, https:\/\/www.diarioimagen.net\/wp-content\/uploads\/2018\/08\/slim-3429-350x196.jpg 350w, https:\/\/www.diarioimagen.net\/wp-content\/uploads\/2018\/08\/slim-3429-220x123.jpg 220w, https:\/\/www.diarioimagen.net\/wp-content\/uploads\/2018\/08\/slim-3429-237x132.jpg 237w, https:\/\/www.diarioimagen.net\/wp-content\/uploads\/2018\/08\/slim-3429.jpg 480w\" sizes=\"auto, (max-width: 460px) 100vw, 460px\" \/><\/a><p id=\"caption-attachment-389270\" class=\"wp-caption-text\">Se firm\u00f3 un convenio de colaboraci\u00f3n entre la Suprema Corte de Justicia de la Naci\u00f3ny las fundaciones UNAM y Carlos Slim.<\/p><\/div>\n<p>&nbsp;<\/p>\n<p>Un mejor capital humano es una de las necesidades m\u00e1s urgentes para llevar a M\u00e9xico hacia un mejor destino, con desarrollo sostenido y sustentable, afirm\u00f3 el empresario Carlos Slim Hel\u00fa.<\/p>\n<p>Al firmar el convenio de colaboraci\u00f3n entre la Suprema Corte de Justicia de la Naci\u00f3n (SCJN) y las fundaciones UNAM y Carlos Slim, para reforzar el programa de becas para estudiantes de Derecho de esa casa de estudios, Slim Hel\u00fa puntualiz\u00f3 que la civilizaci\u00f3n, la presente, ha sufrido un cambio mucho m\u00e1s violento que el vivido durante la revoluci\u00f3n industrial.<\/p>\n<p>El empresario expuso que los pa\u00edses que han accedido al desarrollo en este siglo, y a finales del pasado, como Corea, Singapur, China e India, lo han logrado sustentados en la educaci\u00f3n, en la formaci\u00f3n de su capital humano de muy alta calidad.<\/p>\n<p>Slim Hel\u00fa asegur\u00f3 que lo que vivimos actualmente no es una \u00e9poca de cambios, sino un cambio de \u00e9poca, una civilizaci\u00f3n con paradigmas completamente diferentes, de 180 grados, en la que la calidad, el desarrollo y la formaci\u00f3n del capital humano es fundamental para detonar el desarrollo del pa\u00eds.<\/p>\n<p>El presidente de la SCJN, Luis Mar\u00eda Aguilar Morales, expres\u00f3 su deseo de que los futuros juristas aquilaten el t\u00e9rmino \u201cSupremac\u00eda Constitucional\u201d, como el respeto irrestricto a los derechos humanos frente a la transgresi\u00f3n y el abuso del poder; que lo entiendan como el predominio de la convivencia pac\u00edfica sobre el conflicto y el encono, y como el imperio de la justicia sobre la impunidad.<\/p>\n<p>\u201cEn la supremac\u00eda y en la defensa de la Constituci\u00f3n, est\u00e1 la mejor idea del pa\u00eds que queremos los mexicanos\u201d, manifest\u00f3.<\/p>\n<p>En la sede del alto tribunal, Aguilar Morales se\u00f1al\u00f3 que, sin duda, los futuros profesionales del Derecho tendr\u00e1n la responsabilidad de fungir como punta de lanza en el afianzamiento de la cultura de la legalidad en el pa\u00eds, desde los campos de desarrollo laboral que elijan.<\/p>\n<p>Enfatiz\u00f3 que es importante que durante su formaci\u00f3n universitaria conozcan y puedan apreciar el aporte de las instituciones y de la aplicaci\u00f3n del principio de legalidad a la convivencia colectiva.<\/p>\n<p>En tanto, el rector de la UNAM, Enrique Graue, les habl\u00f3 a los estudiantes becados de la necesidad de que se eduquen eficientes y universales, con una plasticidad para adaptarse al importante cambio que se genera en el mundo con la cuarta revoluci\u00f3n Industrial, que es la de las tecnolog\u00edas de la informaci\u00f3n, la de la inteligencia artificial, que modificar\u00e1n las relaciones laborales y las reglamentaciones, entre otros aspectos.<\/p>\n<p>\u201cEsas adaptaciones esperan de ustedes, la Suprema Corte y la Universidad Nacional\u201d, subray\u00f3.<\/p>\n<p>Karen Sosa agradeci\u00f3 a nombre de los estudiantes becados, el apoyo que les brindan ambas instituciones ya que \u00e9sta, sostuvo, es una gran oportunidad para superarse acad\u00e9micamente.<\/p>\n<p>Esta iniciativa beneficiar\u00e1 a 100 estudiantes, extendiendo el programa de becas puesto en marcha el a\u00f1o pasado, con motivo de la celebraci\u00f3n del Centenario de la Constituci\u00f3n de 1917.<\/p>\n","protected":false},"excerpt":{"rendered":"<p>Un mejor capital humano es una de las necesidades m\u00e1s urgentes para llevar a M\u00e9xico hacia un mejor destino, con desarrollo sostenido y sustentable, afirm\u00f3 el empresario Carlos Slim Hel\u00fa.<\/p>\n","protected":false},"author":1,"featured_media":389270,"comment_status":"open","ping_status":"open","sticky":false,"template":"","format":"standard","meta":{"_monsterinsights_skip_tracking":false,"_monsterinsights_sitenote_active":false,"_monsterinsights_sitenote_note":"","_monsterinsights_sitenote_category":0,"footnotes":""},"categories":[3],"tags":[64,43673,2852,570],"class_list":["post-389269","post","type-post","status-publish","format-standard","has-post-thumbnail","hentry","category-nacional","tag-carlos-slim","tag-nacional","tag-scjn","tag-unam"],"_links":{"self":[{"href":"https:\/\/www.diarioimagen.net\/index.php?rest_route=\/wp\/v2\/posts\/389269","targetHints":{"allow":["GET"]}}],"collection":[{"href":"https:\/\/www.diarioimagen.net\/index.php?rest_route=\/wp\/v2\/posts"}],"about":[{"href":"https:\/\/www.diarioimagen.net\/index.php?rest_route=\/wp\/v2\/types\/post"}],"author":[{"embeddable":true,"href":"https:\/\/www.diarioimagen.net\/index.php?rest_route=\/wp\/v2\/users\/1"}],"replies":[{"embeddable":true,"href":"https:\/\/www.diarioimagen.net\/index.php?rest_route=%2Fwp%2Fv2%2Fcomments&post=389269"}],"version-history":[{"count":0,"href":"https:\/\/www.diarioimagen.net\/index.php?rest_route=\/wp\/v2\/posts\/389269\/revisions"}],"wp:featuredmedia":[{"embeddable":true,"href":"https:\/\/www.diarioimagen.net\/index.php?rest_route=\/wp\/v2\/media\/389270"}],"wp:attachment":[{"href":"https:\/\/www.diarioimagen.net\/index.php?rest_route=%2Fwp%2Fv2%2Fmedia&parent=389269"}],"wp:term":[{"taxonomy":"category","embeddable":true,"href":"https:\/\/www.diarioimagen.net\/index.php?rest_route=%2Fwp%2Fv2%2Fcategories&post=389269"},{"taxonomy":"post_tag","embeddable":true,"href":"https:\/\/www.diarioimagen.net\/index.php?rest_route=%2Fwp%2Fv2%2Ftags&post=389269"}],"curies":[{"name":"wp","href":"https:\/\/api.w.org\/{rel}","templated":true}]}}