{"id":389272,"date":"2018-08-09T00:09:07","date_gmt":"2018-08-09T05:09:07","guid":{"rendered":"https:\/\/www.diarioimagen.net\/?p=389272"},"modified":"2018-08-09T06:24:20","modified_gmt":"2018-08-09T11:24:20","slug":"recursos-por-15-6-mdp-en-apoyo-a-labor-asistencial","status":"publish","type":"post","link":"https:\/\/www.diarioimagen.net\/?p=389272","title":{"rendered":"Recursos por\u00a015.6 mdp en\u00a0apoyo a labor\u00a0asistencial"},"content":{"rendered":"<h2>Arco Norte<\/h2>\n<h5>Jos\u00e9 Luis Monta\u00f1ez Aguilar<\/h5>\n<p>&nbsp;<\/p>\n<p>En apoyo a las tareas asistenciales, el gobernador Alfredo Del Mazo Maza autoriz\u00f3 para 2018, recursos por 15.6 millones de pesos del Programa de Acciones para el Desarrollo (PAD), los cuales permitir\u00e1n impulsar diversos proyectos, con base en la convocatoria que en breve se difundir\u00e1.<\/p>\n<p>As\u00ed lo dio a conocer el secretario de Desarrollo Social, Eric Sevilla Montes de Oca, durante<span class=\"Apple-converted-space\">\u00a0 <\/span>el Informe de Labores de la presidenta de la Junta de Asistencia Privada del Estado de M\u00e9xico (JAPEM), Mar\u00eda Guadalupe Mariscal Torroella, correspondiente al periodo de julio 2017 a junio 2018, de acuerdo con la Ley de Instituciones de Asistencia Privada del Estado de M\u00e9xico. Agreg\u00f3 que el Ejecutivo estatal reconoce el trabajo que realizan las 237 organizaciones asistenciales en la entidad y su importante contribuci\u00f3n en los rubros de desarrollo, m\u00e9dico, educativo, de atenci\u00f3n a personas con discapacidad, a ni\u00f1as, ni\u00f1os, adolescentes y ancianos. El esfuerzo de \u00e9stas permite atender todos los d\u00edas a alrededor de 326 mil mexiquenses.<span class=\"Apple-converted-space\">\u00a0<\/span><\/p>\n<p style=\"text-align: center;\"><b>Mexiquenses en silla de ruedas rompen barreras f\u00edsicas<\/b><\/p>\n<div id=\"attachment_389222\" style=\"width: 470px\" class=\"wp-caption aligncenter\"><a href=\"https:\/\/www.diarioimagen.net\/?attachment_id=389222\" rel=\"attachment wp-att-389222\"><img loading=\"lazy\" decoding=\"async\" aria-describedby=\"caption-attachment-389222\" class=\"size-large wp-image-389222\" src=\"https:\/\/www.diarioimagen.net\/wp-content\/uploads\/2018\/08\/DIFEM9-portal-460x268.jpg\" alt=\"\" width=\"460\" height=\"268\" srcset=\"https:\/\/www.diarioimagen.net\/wp-content\/uploads\/2018\/08\/DIFEM9-portal-460x268.jpg 460w, https:\/\/www.diarioimagen.net\/wp-content\/uploads\/2018\/08\/DIFEM9-portal-240x140.jpg 240w, https:\/\/www.diarioimagen.net\/wp-content\/uploads\/2018\/08\/DIFEM9-portal.jpg 480w\" sizes=\"auto, (max-width: 460px) 100vw, 460px\" \/><\/a><p id=\"caption-attachment-389222\" class=\"wp-caption-text\">Emprende DIFEM, en colaboraci\u00f3n con Vida Independiente M\u00e9xico AC, curso para ense\u00f1ar y facilitar el uso de silla de ruedas en personas con discapacidad motora.<\/p><\/div>\n<p>Tras 20 a\u00f1os de sufrir un accidente que le provoc\u00f3 la inmovilidad permanente de sus piernas, Miriam Guti\u00e9rrez ve la vida diferente, pues ha aprendido a romper las barreras f\u00edsicas, pero sobre todo las psicol\u00f3gicas que le imped\u00edan ser feliz, oportunidad que al igual que ella tendr\u00e1n 35 personas con discapacidad motriz que se integran al curso de capacitaci\u00f3n para una vida independiente. En este curso que el DIFEM, en colaboraci\u00f3n con la Asociaci\u00f3n Vida Independiente M\u00e9xico, efectuar\u00e1 en una modalidad de campamento durante cinco d\u00edas, los beneficiarios aprender\u00e1n a utilizar la silla de ruedas como una extensi\u00f3n de su cuerpo que les permitir\u00e1 subir y bajar escaleras, autom\u00f3viles, rampas, atravesar obst\u00e1culos, desplazarse en la casa, en el trabajo y en las calles, as\u00ed como otras labores de la vida cotidiana. Al inaugurar este curso, Adriana Ramos Vizca\u00edno, directora de Atenci\u00f3n a la Discapacidad del DIFEM, inform\u00f3 que el objetivo es empoderar a las personas con discapacidad motriz y ayudarlas a llevar una vida de calidad y de inclusi\u00f3n en todos los \u00e1mbitos.<span class=\"Apple-converted-space\">\u00a0<\/span><\/p>\n<p>.<\/p>\n","protected":false},"excerpt":{"rendered":"<p><span style=\"color: #005497;\">Jos\u00e9 Luis Monta\u00f1ez Aguilar<\/span><br \/>\n<br \/>\nEn apoyo a las tareas asistenciales, el gobernador Alfredo Del Mazo Maza autoriz\u00f3 para 2018, recursos por 15.6 millones de pesos del Programa de Acciones para el Desarrollo (PAD), los cuales permitir\u00e1n impulsar diversos proyectos, con base en la convocatoria que en breve se difundir\u00e1.<\/p>\n","protected":false},"author":1,"featured_media":389222,"comment_status":"open","ping_status":"open","sticky":false,"template":"","format":"standard","meta":{"_monsterinsights_skip_tracking":false,"_monsterinsights_sitenote_active":false,"_monsterinsights_sitenote_note":"","_monsterinsights_sitenote_category":0,"footnotes":""},"categories":[5],"tags":[],"class_list":["post-389272","post","type-post","status-publish","format-standard","has-post-thumbnail","hentry","category-estado-de-mexico"],"_links":{"self":[{"href":"https:\/\/www.diarioimagen.net\/index.php?rest_route=\/wp\/v2\/posts\/389272","targetHints":{"allow":["GET"]}}],"collection":[{"href":"https:\/\/www.diarioimagen.net\/index.php?rest_route=\/wp\/v2\/posts"}],"about":[{"href":"https:\/\/www.diarioimagen.net\/index.php?rest_route=\/wp\/v2\/types\/post"}],"author":[{"embeddable":true,"href":"https:\/\/www.diarioimagen.net\/index.php?rest_route=\/wp\/v2\/users\/1"}],"replies":[{"embeddable":true,"href":"https:\/\/www.diarioimagen.net\/index.php?rest_route=%2Fwp%2Fv2%2Fcomments&post=389272"}],"version-history":[{"count":0,"href":"https:\/\/www.diarioimagen.net\/index.php?rest_route=\/wp\/v2\/posts\/389272\/revisions"}],"wp:featuredmedia":[{"embeddable":true,"href":"https:\/\/www.diarioimagen.net\/index.php?rest_route=\/wp\/v2\/media\/389222"}],"wp:attachment":[{"href":"https:\/\/www.diarioimagen.net\/index.php?rest_route=%2Fwp%2Fv2%2Fmedia&parent=389272"}],"wp:term":[{"taxonomy":"category","embeddable":true,"href":"https:\/\/www.diarioimagen.net\/index.php?rest_route=%2Fwp%2Fv2%2Fcategories&post=389272"},{"taxonomy":"post_tag","embeddable":true,"href":"https:\/\/www.diarioimagen.net\/index.php?rest_route=%2Fwp%2Fv2%2Ftags&post=389272"}],"curies":[{"name":"wp","href":"https:\/\/api.w.org\/{rel}","templated":true}]}}