{"id":389295,"date":"2018-08-09T00:03:11","date_gmt":"2018-08-09T05:03:11","guid":{"rendered":"https:\/\/www.diarioimagen.net\/?p=389295"},"modified":"2018-08-09T10:00:49","modified_gmt":"2018-08-09T15:00:49","slug":"reconocera-metepec-con-presea-a-ciudadanos-distinguidos","status":"publish","type":"post","link":"https:\/\/www.diarioimagen.net\/?p=389295","title":{"rendered":"Reconocer\u00e1\u00a0Metepec con presea a ciudadanos \u00a0distinguidos\u00a0"},"content":{"rendered":"<p><a href=\"https:\/\/www.diarioimagen.net\/?attachment_id=389296\" rel=\"attachment wp-att-389296\"><img loading=\"lazy\" decoding=\"async\" class=\"aligncenter size-large wp-image-389296\" src=\"https:\/\/www.diarioimagen.net\/wp-content\/uploads\/2018\/08\/metepec-3429-460x259.jpg\" alt=\"\" width=\"460\" height=\"259\" srcset=\"https:\/\/www.diarioimagen.net\/wp-content\/uploads\/2018\/08\/metepec-3429-460x259.jpg 460w, https:\/\/www.diarioimagen.net\/wp-content\/uploads\/2018\/08\/metepec-3429-240x135.jpg 240w, https:\/\/www.diarioimagen.net\/wp-content\/uploads\/2018\/08\/metepec-3429-235x132.jpg 235w, https:\/\/www.diarioimagen.net\/wp-content\/uploads\/2018\/08\/metepec-3429-202x114.jpg 202w, https:\/\/www.diarioimagen.net\/wp-content\/uploads\/2018\/08\/metepec-3429-350x196.jpg 350w, https:\/\/www.diarioimagen.net\/wp-content\/uploads\/2018\/08\/metepec-3429-220x123.jpg 220w, https:\/\/www.diarioimagen.net\/wp-content\/uploads\/2018\/08\/metepec-3429-237x132.jpg 237w, https:\/\/www.diarioimagen.net\/wp-content\/uploads\/2018\/08\/metepec-3429.jpg 480w\" sizes=\"auto, (max-width: 460px) 100vw, 460px\" \/><\/a><\/p>\n<p>&nbsp;<\/p>\n<p><b>Pueblo M\u00e1gico de Metepec, Estado de M\u00e9xico.-<\/b> En conferencia de prensa, el alcalde David L\u00f3pez C\u00e1rdenas, present\u00f3 la convocatoria para reconocer a ciudadanos distinguidos a trav\u00e9s de la Presea Metepec 2018, que se otorgar\u00e1 en el marco del aniversario del nombramiento de Villa de Metepec el pr\u00f3ximo 15 de octubre. A partir de su publicaci\u00f3n y hasta el d\u00eda \u00faltimo de agosto se recibir\u00e1n las propuestas de ciudadanos, vecinas y vecinos de Metepec, que por su trabajo, compromiso y acciones en favor de la colectividad, sean merecedores del m\u00e1ximo reconocimiento que otorga el gobierno local desde 1991. La Presea Metepec 2018 en la vig\u00e9sima octava edici\u00f3n, se otorgar\u00e1 en 15 categor\u00edas, donde los galardonados recibir\u00e1n un \u00c1rbol de la Vida, elaborado por el maestro Bernardo S\u00e1nchez Fierro, as\u00ed como un reconocimiento realizado bajo la t\u00e9cnica de grabado del siglo XV.<\/p>\n<p><span class=\"Apple-converted-space\">\u00a0<\/span><\/p>\n","protected":false},"excerpt":{"rendered":"<p>En conferencia de prensa, el alcalde David L\u00f3pez C\u00e1rdenas, present\u00f3 la convocatoria para reconocer a ciudadanos distinguidos a trav\u00e9s de la Presea Metepec 2018, que se otorgar\u00e1 en el marco del aniversario del nombramiento de Villa de Metepec el pr\u00f3ximo 15 de octubre.<\/p>\n","protected":false},"author":1,"featured_media":389296,"comment_status":"open","ping_status":"open","sticky":false,"template":"","format":"standard","meta":{"_monsterinsights_skip_tracking":false,"_monsterinsights_sitenote_active":false,"_monsterinsights_sitenote_note":"","_monsterinsights_sitenote_category":0,"footnotes":""},"categories":[35155],"tags":[43675,876],"class_list":["post-389295","post","type-post","status-publish","format-standard","has-post-thumbnail","hentry","category-estado-de-mexico-estado-de-mexico","tag-estado-de-mexico","tag-metepec"],"_links":{"self":[{"href":"https:\/\/www.diarioimagen.net\/index.php?rest_route=\/wp\/v2\/posts\/389295","targetHints":{"allow":["GET"]}}],"collection":[{"href":"https:\/\/www.diarioimagen.net\/index.php?rest_route=\/wp\/v2\/posts"}],"about":[{"href":"https:\/\/www.diarioimagen.net\/index.php?rest_route=\/wp\/v2\/types\/post"}],"author":[{"embeddable":true,"href":"https:\/\/www.diarioimagen.net\/index.php?rest_route=\/wp\/v2\/users\/1"}],"replies":[{"embeddable":true,"href":"https:\/\/www.diarioimagen.net\/index.php?rest_route=%2Fwp%2Fv2%2Fcomments&post=389295"}],"version-history":[{"count":0,"href":"https:\/\/www.diarioimagen.net\/index.php?rest_route=\/wp\/v2\/posts\/389295\/revisions"}],"wp:featuredmedia":[{"embeddable":true,"href":"https:\/\/www.diarioimagen.net\/index.php?rest_route=\/wp\/v2\/media\/389296"}],"wp:attachment":[{"href":"https:\/\/www.diarioimagen.net\/index.php?rest_route=%2Fwp%2Fv2%2Fmedia&parent=389295"}],"wp:term":[{"taxonomy":"category","embeddable":true,"href":"https:\/\/www.diarioimagen.net\/index.php?rest_route=%2Fwp%2Fv2%2Fcategories&post=389295"},{"taxonomy":"post_tag","embeddable":true,"href":"https:\/\/www.diarioimagen.net\/index.php?rest_route=%2Fwp%2Fv2%2Ftags&post=389295"}],"curies":[{"name":"wp","href":"https:\/\/api.w.org\/{rel}","templated":true}]}}