{"id":389298,"date":"2018-08-09T00:02:19","date_gmt":"2018-08-09T05:02:19","guid":{"rendered":"https:\/\/www.diarioimagen.net\/?p=389298"},"modified":"2018-08-09T07:02:55","modified_gmt":"2018-08-09T12:02:55","slug":"redobla-tlalnepantla-esfuerzos-para-consolidar-una-policia-de-proximidad","status":"publish","type":"post","link":"https:\/\/www.diarioimagen.net\/?p=389298","title":{"rendered":"Redobla Tlalnepantla esfuerzos para\u00a0consolidar una polic\u00eda de proximidad"},"content":{"rendered":"<ul>\n<li><em><b>Urgente, recuperar confianza<\/b><\/em><\/li>\n<\/ul>\n<p>&nbsp;<\/p>\n<div id=\"attachment_389299\" style=\"width: 470px\" class=\"wp-caption aligncenter\"><a href=\"https:\/\/www.diarioimagen.net\/?attachment_id=389299\" rel=\"attachment wp-att-389299\"><img loading=\"lazy\" decoding=\"async\" aria-describedby=\"caption-attachment-389299\" class=\"size-large wp-image-389299\" src=\"https:\/\/www.diarioimagen.net\/wp-content\/uploads\/2018\/08\/TLALNEPANTLA-3429-460x259.jpg\" alt=\"\" width=\"460\" height=\"259\" srcset=\"https:\/\/www.diarioimagen.net\/wp-content\/uploads\/2018\/08\/TLALNEPANTLA-3429-460x259.jpg 460w, https:\/\/www.diarioimagen.net\/wp-content\/uploads\/2018\/08\/TLALNEPANTLA-3429-240x135.jpg 240w, https:\/\/www.diarioimagen.net\/wp-content\/uploads\/2018\/08\/TLALNEPANTLA-3429-235x132.jpg 235w, https:\/\/www.diarioimagen.net\/wp-content\/uploads\/2018\/08\/TLALNEPANTLA-3429-202x114.jpg 202w, https:\/\/www.diarioimagen.net\/wp-content\/uploads\/2018\/08\/TLALNEPANTLA-3429-350x196.jpg 350w, https:\/\/www.diarioimagen.net\/wp-content\/uploads\/2018\/08\/TLALNEPANTLA-3429-220x123.jpg 220w, https:\/\/www.diarioimagen.net\/wp-content\/uploads\/2018\/08\/TLALNEPANTLA-3429-237x132.jpg 237w, https:\/\/www.diarioimagen.net\/wp-content\/uploads\/2018\/08\/TLALNEPANTLA-3429.jpg 480w\" sizes=\"auto, (max-width: 460px) 100vw, 460px\" \/><\/a><p id=\"caption-attachment-389299\" class=\"wp-caption-text\">La alcaldesa, Denisse Ugalde Alegr\u00eda, destac\u00f3 que a trav\u00e9s de las Redes Vecinales de Seguridad, se ha puesto en evidencia el compromiso de Tlalnepantla con la proximidad social.<\/p><\/div>\n<p>&nbsp;<\/p>\n<p><strong>Tlalnepantla, Estado de M\u00e9xico.-<\/strong> Al instalar el Comit\u00e9 de Seguimiento e Implementaci\u00f3n del Plan de Implementaci\u00f3n del Modelo de Polic\u00eda de Proximidad, la presidenta municipal, Denisse Ugalde Alegr\u00eda, destac\u00f3 que a trav\u00e9s de las Redes Vecinales de Seguridad, se ha puesto en evidencia el compromiso de Tlalnepantla con fortalecer la proximidad social para que juntos, sociedad y gobierno, superen los retos que se tienen en materia de seguridad.<\/p>\n<p>Puntualiz\u00f3 que el objetivo es recuperar la confianza de la ciudadan\u00eda en sus autoridades locales, de ah\u00ed que se han redoblado esfuerzos para que las familias de Tlalnepantla conozcan de cerca a sus polic\u00edas, tengan una comunicaci\u00f3n cercana y eficaz con sus autoridades y trabajen en conjunto para hacer un frente com\u00fan contra la delincuencia.<\/p>\n<p>Resalt\u00f3 que este comit\u00e9 fortalecer\u00e1 la labor que ya se realiza en las colonias para restablecer las condiciones de paz social y orden p\u00fablico, al tiempo que impulsar\u00e1 las acciones que se vienen realizando para profesionalizar los cuerpos de seguridad p\u00fablica.<\/p>\n<p>El Comit\u00e9 de Seguimiento e Implementaci\u00f3n del Plan de Implementaci\u00f3n del Modelo de Polic\u00eda de Proximidad tendr\u00e1 las siguientes funciones: revisar, analizar y conocer el Modelo de Polic\u00eda de Proximidad; definir el cronograma de implementaci\u00f3n del modelo y coordinar la realizaci\u00f3n del diagn\u00f3stico del municipio. Coordinar\u00e1 tambi\u00e9n las mesas de trabajo para la elaboraci\u00f3n del plan de actividades, monitorear\u00e1 y dar\u00e1 seguimiento a la implementaci\u00f3n del modelo y servir\u00e1 como punto de contacto t\u00e9cnico para expertos.<\/p>\n","protected":false},"excerpt":{"rendered":"<p>Al instalar el Comit\u00e9 de Seguimiento e Implementaci\u00f3n del Plan de Implementaci\u00f3n del Modelo de Polic\u00eda de Proximidad, la presidenta municipal, Denisse Ugalde Alegr\u00eda, destac\u00f3 que a trav\u00e9s de las Redes Vecinales de Seguridad, se ha puesto en evidencia el compromiso de Tlalnepantla con fortalecer la proximidad social para que juntos, sociedad y gobierno, superen los retos que se tienen en materia de seguridad.<\/p>\n","protected":false},"author":1,"featured_media":389299,"comment_status":"open","ping_status":"open","sticky":false,"template":"","format":"standard","meta":{"_monsterinsights_skip_tracking":false,"_monsterinsights_sitenote_active":false,"_monsterinsights_sitenote_note":"","_monsterinsights_sitenote_category":0,"footnotes":""},"categories":[35155],"tags":[43675,169],"class_list":["post-389298","post","type-post","status-publish","format-standard","has-post-thumbnail","hentry","category-estado-de-mexico-estado-de-mexico","tag-estado-de-mexico","tag-tlalnepantla"],"_links":{"self":[{"href":"https:\/\/www.diarioimagen.net\/index.php?rest_route=\/wp\/v2\/posts\/389298","targetHints":{"allow":["GET"]}}],"collection":[{"href":"https:\/\/www.diarioimagen.net\/index.php?rest_route=\/wp\/v2\/posts"}],"about":[{"href":"https:\/\/www.diarioimagen.net\/index.php?rest_route=\/wp\/v2\/types\/post"}],"author":[{"embeddable":true,"href":"https:\/\/www.diarioimagen.net\/index.php?rest_route=\/wp\/v2\/users\/1"}],"replies":[{"embeddable":true,"href":"https:\/\/www.diarioimagen.net\/index.php?rest_route=%2Fwp%2Fv2%2Fcomments&post=389298"}],"version-history":[{"count":0,"href":"https:\/\/www.diarioimagen.net\/index.php?rest_route=\/wp\/v2\/posts\/389298\/revisions"}],"wp:featuredmedia":[{"embeddable":true,"href":"https:\/\/www.diarioimagen.net\/index.php?rest_route=\/wp\/v2\/media\/389299"}],"wp:attachment":[{"href":"https:\/\/www.diarioimagen.net\/index.php?rest_route=%2Fwp%2Fv2%2Fmedia&parent=389298"}],"wp:term":[{"taxonomy":"category","embeddable":true,"href":"https:\/\/www.diarioimagen.net\/index.php?rest_route=%2Fwp%2Fv2%2Fcategories&post=389298"},{"taxonomy":"post_tag","embeddable":true,"href":"https:\/\/www.diarioimagen.net\/index.php?rest_route=%2Fwp%2Fv2%2Ftags&post=389298"}],"curies":[{"name":"wp","href":"https:\/\/api.w.org\/{rel}","templated":true}]}}