{"id":389333,"date":"2018-08-10T00:05:27","date_gmt":"2018-08-10T05:05:27","guid":{"rendered":"https:\/\/www.diarioimagen.net\/?p=389333"},"modified":"2018-08-12T23:56:24","modified_gmt":"2018-08-13T04:56:24","slug":"con-amlo-coparmex-buscara-subir-a-102-pesos-el-salario-minimo","status":"publish","type":"post","link":"https:\/\/www.diarioimagen.net\/?p=389333","title":{"rendered":"Con AMLO, se buscar\u00e1 minisalario de 102 pesos"},"content":{"rendered":"<ul>\n<li><strong><em>Ser\u00eda hacia finales del a\u00f1o<\/em><\/strong><\/li>\n<li><strong><em>Comunicaci\u00f3n de Coparmex con equipo de L\u00f3pez Obrador<\/em><\/strong><\/li>\n<\/ul>\n<p>&nbsp;<\/p>\n<div id=\"attachment_389334\" style=\"width: 470px\" class=\"wp-caption aligncenter\"><img loading=\"lazy\" decoding=\"async\" aria-describedby=\"caption-attachment-389334\" class=\"wp-image-389334 size-large\" src=\"https:\/\/www.diarioimagen.net\/wp-content\/uploads\/2018\/08\/COPARMEX10-portal-460x268.jpg\" alt=\"\" width=\"460\" height=\"268\" srcset=\"https:\/\/www.diarioimagen.net\/wp-content\/uploads\/2018\/08\/COPARMEX10-portal-460x268.jpg 460w, https:\/\/www.diarioimagen.net\/wp-content\/uploads\/2018\/08\/COPARMEX10-portal-240x140.jpg 240w, https:\/\/www.diarioimagen.net\/wp-content\/uploads\/2018\/08\/COPARMEX10-portal.jpg 480w\" sizes=\"auto, (max-width: 460px) 100vw, 460px\" \/><p id=\"caption-attachment-389334\" class=\"wp-caption-text\">La Coparmex buscar\u00e1 un acuerdo con el gobierno entrante para elevar el salario m\u00ednimo a 102 pesos.<\/p><\/div>\n<p>&nbsp;<\/p>\n<p>El presidente de Confederaci\u00f3n Patronal de la Rep\u00fablica Mexicana (Coparmex), Gustavo de Hoyos, retomar\u00e1 el di\u00e1logo con el equipo del Presidente electo, Andr\u00e9s Manuel L\u00f3pez Obrador, en busca de un acuerdo para elevar el salario m\u00ednimo de 88.36 a 102 pesos hacia finales del a\u00f1o.<\/p>\n<p>Resalt\u00f3 que el sector patronal mantiene comunicaci\u00f3n con el equipo de transici\u00f3n, pero ahora lo har\u00e1 m\u00e1s formal, despu\u00e9s de que se le entreg\u00f3 la constancia de presidente electo.<\/p>\n<p>En entrevista, el empresario coment\u00f3 que con anterioridad se reuni\u00f3 con Luisa Mar\u00eda Alcalde, designada como secretaria de Trabajo y Previsi\u00f3n Social para la siguiente administraci\u00f3n, y hay coincidencias sobre el incremento del salario m\u00ednimo general para alcanzar la l\u00ednea de bienestar que establece la Organizaci\u00f3n de las Naciones Unidas (ONU).<\/p>\n<p>\u201cEs uno de los temas en lo que tenemos gran coincidencia con quien ser\u00e1 el presidente (de la Rep\u00fablica). \u00c9l, una y otra vez en p\u00fablico y privado, nos ha reiterado que coincide con la visi\u00f3n de la Coparmex\u201d, expuso.<\/p>\n<p>De Hoyos Walther confi\u00f3 en que los representantes de la Comisi\u00f3n Nacional de Salarios M\u00ednimos (Conasami) se re\u00fanan en pr\u00f3ximas fechas para resolver si hay condiciones para dar este paso hacia un ajuste al salario m\u00ednimo.<\/p>\n<p>\u201cY que s\u00ed podamos terminar 2018 con un salario m\u00ednimo que est\u00e9 por arriba de los 100 pesos, posiblemente 102 0 103 pesos\u201d, manifest\u00f3 el empresario.<\/p>\n<p>De lograrlo, se levantar\u00e1 la \u201cbandera blanca\u201d en materia de bienestar familiar por primera vez en tres d\u00e9cadas, toda vez que el actual salario es el m\u00e1s bajo que se paga en la econom\u00eda formal, puntualiz\u00f3.<\/p>\n<p>La Constituci\u00f3n establece que el salario m\u00ednimo de un trabajador debe ser suficiente para satisfacer \u201clas necesidades normales de un jefe de familia, en el orden material, social y cultural y para proveer la educaci\u00f3n obligatoria de los hijos\u201d.<\/p>\n<p>De acuerdo con el Consejo Nacional de Evaluaci\u00f3n de la Pol\u00edtica de Desarrollo Social (Coneval), para cubrir los gastos de una sola persona en zonas urbanas en alimentaci\u00f3n, ropa, salud, transporte y educaci\u00f3n, son necesarios 99.5 pesos diarios. En el caso de los habitantes de zonas rurales son necesarios 63.96 pesos diarios.<\/p>\n<p>&nbsp;<\/p>\n","protected":false},"excerpt":{"rendered":"<p>El presidente de Confederaci\u00f3n Patronal de la Rep\u00fablica Mexicana (Coparmex), Gustavo de Hoyos, retomar\u00e1 el di\u00e1logo con el equipo del Presidente electo, Andr\u00e9s Manuel L\u00f3pez Obrador, en busca de un acuerdo para elevar el salario m\u00ednimo de 88.36 a 102 pesos hacia finales del a\u00f1o.<\/p>\n","protected":false},"author":5,"featured_media":389334,"comment_status":"open","ping_status":"open","sticky":false,"template":"","format":"standard","meta":{"_monsterinsights_skip_tracking":false,"_monsterinsights_sitenote_active":false,"_monsterinsights_sitenote_note":"","_monsterinsights_sitenote_category":0,"footnotes":""},"categories":[8],"tags":[2545,308,76893,43678,64639,43673,16104],"class_list":["post-389333","post","type-post","status-publish","format-standard","has-post-thumbnail","hentry","category-finanzas","tag-amlo","tag-coparmex","tag-finales-del-ano","tag-finanzas","tag-gustavo-de-hoyos","tag-nacional","tag-salario-minimo"],"_links":{"self":[{"href":"https:\/\/www.diarioimagen.net\/index.php?rest_route=\/wp\/v2\/posts\/389333","targetHints":{"allow":["GET"]}}],"collection":[{"href":"https:\/\/www.diarioimagen.net\/index.php?rest_route=\/wp\/v2\/posts"}],"about":[{"href":"https:\/\/www.diarioimagen.net\/index.php?rest_route=\/wp\/v2\/types\/post"}],"author":[{"embeddable":true,"href":"https:\/\/www.diarioimagen.net\/index.php?rest_route=\/wp\/v2\/users\/5"}],"replies":[{"embeddable":true,"href":"https:\/\/www.diarioimagen.net\/index.php?rest_route=%2Fwp%2Fv2%2Fcomments&post=389333"}],"version-history":[{"count":0,"href":"https:\/\/www.diarioimagen.net\/index.php?rest_route=\/wp\/v2\/posts\/389333\/revisions"}],"wp:featuredmedia":[{"embeddable":true,"href":"https:\/\/www.diarioimagen.net\/index.php?rest_route=\/wp\/v2\/media\/389334"}],"wp:attachment":[{"href":"https:\/\/www.diarioimagen.net\/index.php?rest_route=%2Fwp%2Fv2%2Fmedia&parent=389333"}],"wp:term":[{"taxonomy":"category","embeddable":true,"href":"https:\/\/www.diarioimagen.net\/index.php?rest_route=%2Fwp%2Fv2%2Fcategories&post=389333"},{"taxonomy":"post_tag","embeddable":true,"href":"https:\/\/www.diarioimagen.net\/index.php?rest_route=%2Fwp%2Fv2%2Ftags&post=389333"}],"curies":[{"name":"wp","href":"https:\/\/api.w.org\/{rel}","templated":true}]}}