{"id":389339,"date":"2018-08-10T00:03:10","date_gmt":"2018-08-10T05:03:10","guid":{"rendered":"https:\/\/www.diarioimagen.net\/?p=389339"},"modified":"2018-08-10T01:11:29","modified_gmt":"2018-08-10T06:11:29","slug":"brinda-defensoria-publica-asesoria-a-reos-indigenas-en-el-edomex","status":"publish","type":"post","link":"https:\/\/www.diarioimagen.net\/?p=389339","title":{"rendered":"Brinda defensor\u00eda p\u00fablica asesor\u00eda a reos ind\u00edgenas en el Edomex"},"content":{"rendered":"<ul>\n<li><em><strong>Defensa penal gratuita y seguimiento de casos con abogados biling\u00fces<\/strong><\/em><\/li>\n<\/ul>\n<p>&nbsp;<\/p>\n<div id=\"attachment_389340\" style=\"width: 470px\" class=\"wp-caption aligncenter\"><img loading=\"lazy\" decoding=\"async\" aria-describedby=\"caption-attachment-389340\" class=\"size-large wp-image-389340\" src=\"https:\/\/www.diarioimagen.net\/wp-content\/uploads\/2018\/08\/ASESORIA10-portal-460x268.jpg\" alt=\"\" width=\"460\" height=\"268\" srcset=\"https:\/\/www.diarioimagen.net\/wp-content\/uploads\/2018\/08\/ASESORIA10-portal-460x268.jpg 460w, https:\/\/www.diarioimagen.net\/wp-content\/uploads\/2018\/08\/ASESORIA10-portal-240x140.jpg 240w, https:\/\/www.diarioimagen.net\/wp-content\/uploads\/2018\/08\/ASESORIA10-portal.jpg 480w\" sizes=\"auto, (max-width: 460px) 100vw, 460px\" \/><p id=\"caption-attachment-389340\" class=\"wp-caption-text\">El Instituto de la Defensor\u00eda P\u00fablica recorre los centros penitenciarios de la entidad para brindar apoyo a los 475 reos ind\u00edgenas.<\/p><\/div>\n<p>&nbsp;<\/p>\n<p><strong>Ecatepec, Estado de M\u00e9xico<\/strong>.- La Secretar\u00eda de Justicia y Derechos Humanos, a trav\u00e9s del Instituto de la Defensor\u00eda P\u00fablica, recorre los Centros Penitenciarios y de Reinserci\u00f3n Social de la entidad para brindar apoyo a los 475 reos ind\u00edgenas presos por diversos delitos.<\/p>\n<p>En sus visitas a los penales, los defensores de oficio identifican a la poblaci\u00f3n procedente de pueblos originarios y les ofrecen asesor\u00eda, servicios de defensa penal y seguimiento a sus casos.<\/p>\n<p>\u201cHoy recib\u00ed asesor\u00eda de un abogado para aclarar mi procedimiento. Espero a mi abogado para compartirle lo que me dijo la gente de la defensor\u00eda\u201d, dijo uno de los reos al concluir la visita m\u00e1s reciente de los defensores al penal \u201cSergio Garc\u00eda Ram\u00edrez\u201d, en Ecatepec.<\/p>\n<p>Un reo m\u00e1s, proveniente de la etnia totonaca expres\u00f3 \u201clo que me dijo el licenciado es que puedo acceder a un beneficio porque tengo mi carta elaborada y estoy asistiendo a las \u00e1reas que el sistema pide para el pr\u00f3ximo a\u00f1o\u201d.<\/p>\n<p>El objetivo de estas visitas es garantizar el acceso a la justicia de todos los internos, ya sean mexiquenses o de otras entidades del pa\u00eds, por ello, como parte del equipo de defensores acuden abogados que hablan lenguas ind\u00edgenas.<\/p>\n<p>\u201cNosotros contamos con un abogado de ser necesario, \u00e9l platica con ellos, en este caso pues, estamos en Ixtlahuaca y la lengua que manejamos aqu\u00ed es el mazahua, pero si fuera necesario nosotros le proporcionamos al defensor p\u00fablico\u201d, explic\u00f3 Francisco Posadas, Coordinador en el Valle de Toluca de la Defensor\u00eda.<\/p>\n<p>La mayor\u00eda de la poblaci\u00f3n ind\u00edgena en los penales ya est\u00e1 sentenciada, pero a\u00fan pueden recibir asesor\u00edas gratuitas para tramitar amparos o solicitar beneficios.<\/p>\n<p>El objetivo de estos recorridos en los centros de reinserci\u00f3n y readaptaci\u00f3n social es garantizar un trato justo a la poblaci\u00f3n ind\u00edgena, en su idioma y con acceso a una defensa capacitada y comprometida.<\/p>\n","protected":false},"excerpt":{"rendered":"<p>La Secretar\u00eda de Justicia y Derechos Humanos, a trav\u00e9s del Instituto de la Defensor\u00eda P\u00fablica, recorre los Centros Penitenciarios y de Reinserci\u00f3n Social de la entidad para brindar apoyo a los 475 reos ind\u00edgenas presos por diversos delitos.<\/p>\n","protected":false},"author":5,"featured_media":389340,"comment_status":"open","ping_status":"open","sticky":false,"template":"","format":"standard","meta":{"_monsterinsights_skip_tracking":false,"_monsterinsights_sitenote_active":false,"_monsterinsights_sitenote_note":"","_monsterinsights_sitenote_category":0,"footnotes":""},"categories":[35155],"tags":[76898,76897,76896,454,43675],"class_list":["post-389339","post","type-post","status-publish","format-standard","has-post-thumbnail","hentry","category-estado-de-mexico-estado-de-mexico","tag-abogados-bilingues","tag-asesoria-a-reos-indigenas","tag-defensoria-publica","tag-ecatepec","tag-estado-de-mexico"],"_links":{"self":[{"href":"https:\/\/www.diarioimagen.net\/index.php?rest_route=\/wp\/v2\/posts\/389339","targetHints":{"allow":["GET"]}}],"collection":[{"href":"https:\/\/www.diarioimagen.net\/index.php?rest_route=\/wp\/v2\/posts"}],"about":[{"href":"https:\/\/www.diarioimagen.net\/index.php?rest_route=\/wp\/v2\/types\/post"}],"author":[{"embeddable":true,"href":"https:\/\/www.diarioimagen.net\/index.php?rest_route=\/wp\/v2\/users\/5"}],"replies":[{"embeddable":true,"href":"https:\/\/www.diarioimagen.net\/index.php?rest_route=%2Fwp%2Fv2%2Fcomments&post=389339"}],"version-history":[{"count":0,"href":"https:\/\/www.diarioimagen.net\/index.php?rest_route=\/wp\/v2\/posts\/389339\/revisions"}],"wp:featuredmedia":[{"embeddable":true,"href":"https:\/\/www.diarioimagen.net\/index.php?rest_route=\/wp\/v2\/media\/389340"}],"wp:attachment":[{"href":"https:\/\/www.diarioimagen.net\/index.php?rest_route=%2Fwp%2Fv2%2Fmedia&parent=389339"}],"wp:term":[{"taxonomy":"category","embeddable":true,"href":"https:\/\/www.diarioimagen.net\/index.php?rest_route=%2Fwp%2Fv2%2Fcategories&post=389339"},{"taxonomy":"post_tag","embeddable":true,"href":"https:\/\/www.diarioimagen.net\/index.php?rest_route=%2Fwp%2Fv2%2Ftags&post=389339"}],"curies":[{"name":"wp","href":"https:\/\/api.w.org\/{rel}","templated":true}]}}