{"id":389342,"date":"2018-08-10T00:11:42","date_gmt":"2018-08-10T05:11:42","guid":{"rendered":"https:\/\/www.diarioimagen.net\/?p=389342"},"modified":"2018-08-10T05:57:38","modified_gmt":"2018-08-10T10:57:38","slug":"reciben-viviendas-familias-afectadas-por-sismo-del-19-s","status":"publish","type":"post","link":"https:\/\/www.diarioimagen.net\/?p=389342","title":{"rendered":"Viviendas a m\u00e1s familias afectadas por el sismo <em>19-S<\/em>"},"content":{"rendered":"<h2>Arco Norte<\/h2>\n<h5>Jos\u00e9 Luis Monta\u00f1ez Aguilar<\/h5>\n<p>&nbsp;<\/p>\n<div id=\"attachment_389343\" style=\"width: 470px\" class=\"wp-caption aligncenter\"><img loading=\"lazy\" decoding=\"async\" aria-describedby=\"caption-attachment-389343\" class=\"size-large wp-image-389343\" src=\"https:\/\/www.diarioimagen.net\/wp-content\/uploads\/2018\/08\/VIVIENDA10-portal-460x268.jpg\" alt=\"\" width=\"460\" height=\"268\" srcset=\"https:\/\/www.diarioimagen.net\/wp-content\/uploads\/2018\/08\/VIVIENDA10-portal-460x268.jpg 460w, https:\/\/www.diarioimagen.net\/wp-content\/uploads\/2018\/08\/VIVIENDA10-portal-240x140.jpg 240w, https:\/\/www.diarioimagen.net\/wp-content\/uploads\/2018\/08\/VIVIENDA10-portal.jpg 480w\" sizes=\"auto, (max-width: 460px) 100vw, 460px\" \/><p id=\"caption-attachment-389343\" class=\"wp-caption-text\">Asiste Enrique Jacob Rocha, Secretario de Desarrollo Urbano y Metropolitano, a la entrega de viviendas por parte del Fideicomiso Fuerza M\u00e9xico.<\/p><\/div>\n<p>&nbsp;<\/p>\n<p>El secretario de Desarrollo Urbano y Metropolitano, Enrique Jacob Rocha, destac\u00f3 que desde el pasado 19 de septiembre, la solidaridad de la iniciativa privada, de las asociaciones civiles y de la ciudadan\u00eda se sum\u00f3 al trabajo del gobierno mexiquense, que se ha\u00a0 comprometido para que cada hogar afectado por el terremoto del 19 de septiembre del a\u00f1o pasado, sea restaurado.<\/p>\n<p>Al asistir a la primera fase de entrega de viviendas que el Fideicomiso Fuerza M\u00e9xico llev\u00f3 a cabo en el municipio de Ocuilan, el secretario indic\u00f3 que la administraci\u00f3n estatal ha estado al pendiente de los trabajos de reconstrucci\u00f3n en las regiones afectadas.<\/p>\n<p>Expres\u00f3 que la suma de esfuerzos ha permitido que iniciativas como la del Fideicomiso Fuerza M\u00e9xico se unan a la labor del gobierno estatal y apoyen en la reconstrucci\u00f3n de hogares.<\/p>\n<p>El Fideicomiso Fuerza M\u00e9xico es una iniciativa creada por el sector empresarial, que tiene el compromiso de trabajar en la reconstrucci\u00f3n de los da\u00f1os que dej\u00f3 el sismo en ocho estados del pa\u00eds.<\/p>\n<p>En el caso del Estado de M\u00e9xico el apoyo asciende a casi 30 millones de pesos, y se potencia 3 a 1, raz\u00f3n por la cual el impacto en la reconstrucci\u00f3n es mayor a 88 millones de pesos, es decir, el fideicomiso aporta una parte y gestiona la coinversi\u00f3n de las otras dos terceras partes con desarrolladoras y fundaciones.<\/p>\n<p style=\"text-align: center;\"><strong>Brinda defensor\u00eda p\u00fablica asesor\u00eda a reos ind\u00edgenas en el Edomex<\/strong><\/p>\n<p>La Secretar\u00eda de Justicia y Derechos Humanos, a trav\u00e9s del Instituto de la Defensor\u00eda P\u00fablica, recorre los Centros Penitenciarios y de Reinserci\u00f3n Social de la entidad para brindar apoyo a los 475 reos ind\u00edgenas presos por diversos delitos.<\/p>\n<p>En sus visitas a los penales, los defensores de oficio identifican a la poblaci\u00f3n procedente de pueblos originarios y les ofrecen asesor\u00eda, servicios de defensa penal y seguimiento a sus casos.<\/p>\n<p>El objetivo de estas visitas es garantizar el acceso a la justicia de todos los internos, ya sean mexiquenses o de otras entidades del pa\u00eds, por ello, como parte del equipo de defensores acuden abogados que hablan lenguas ind\u00edgenas.<\/p>\n<p>\u201cNosotros contamos con un abogado de ser necesario, \u00e9l platica con ellos, en este caso pues, estamos en Ixtlahuaca y la lengua que manejamos aqu\u00ed es el mazahua, pero si fuera necesario nosotros le proporcionamos al defensor p\u00fablico\u201d, explic\u00f3 Francisco Posadas, Coordinador en el Valle de Toluca de la Defensor\u00eda.<\/p>\n<p>La mayor\u00eda de la poblaci\u00f3n ind\u00edgena en los penales ya est\u00e1 sentenciada, pero a\u00fan pueden recibir asesor\u00edas gratuitas para tramitar amparos o solicitar beneficios.<\/p>\n<p>El objetivo de estos recorridos en los centros de reinserci\u00f3n y readaptaci\u00f3n social es garantizar un trato justo a la poblaci\u00f3n ind\u00edgena, en su idioma y con acceso a una defensa capacitada y comprometida.<\/p>\n<p><em><a href=\"mailto:montanezaguilar@gmail.com\" target=\"_blank\" rel=\"noopener\">montanezaguilar@gmail.com<\/a><\/em><\/p>\n","protected":false},"excerpt":{"rendered":"<p><span style=\"color: #005497;\">Jos\u00e9 Luis Monta\u00f1ez Aguilar<\/span><br \/>\n<br \/>\nEl secretario de Desarrollo Urbano y Metropolitano, Enrique Jacob Rocha, destac\u00f3 que desde el pasado 19 de septiembre, la solidaridad de la iniciativa privada, de las asociaciones civiles y de la ciudadan\u00eda se sum\u00f3 al trabajo del gobierno mexiquense, que se ha  comprometido para que cada hogar afectado por el terremoto del 19 de septiembre del a\u00f1o pasado, sea restaurado.<\/p>\n","protected":false},"author":5,"featured_media":389343,"comment_status":"open","ping_status":"open","sticky":false,"template":"","format":"standard","meta":{"_monsterinsights_skip_tracking":false,"_monsterinsights_sitenote_active":false,"_monsterinsights_sitenote_note":"","_monsterinsights_sitenote_category":0,"footnotes":""},"categories":[5],"tags":[47522,76900,65814,76899],"class_list":["post-389342","post","type-post","status-publish","format-standard","has-post-thumbnail","hentry","category-estado-de-mexico","tag-enrique-jacob-rocha","tag-fideicomiso-fuerza-mexico","tag-sismo-del-19-s","tag-viviendas-familias"],"_links":{"self":[{"href":"https:\/\/www.diarioimagen.net\/index.php?rest_route=\/wp\/v2\/posts\/389342","targetHints":{"allow":["GET"]}}],"collection":[{"href":"https:\/\/www.diarioimagen.net\/index.php?rest_route=\/wp\/v2\/posts"}],"about":[{"href":"https:\/\/www.diarioimagen.net\/index.php?rest_route=\/wp\/v2\/types\/post"}],"author":[{"embeddable":true,"href":"https:\/\/www.diarioimagen.net\/index.php?rest_route=\/wp\/v2\/users\/5"}],"replies":[{"embeddable":true,"href":"https:\/\/www.diarioimagen.net\/index.php?rest_route=%2Fwp%2Fv2%2Fcomments&post=389342"}],"version-history":[{"count":0,"href":"https:\/\/www.diarioimagen.net\/index.php?rest_route=\/wp\/v2\/posts\/389342\/revisions"}],"wp:featuredmedia":[{"embeddable":true,"href":"https:\/\/www.diarioimagen.net\/index.php?rest_route=\/wp\/v2\/media\/389343"}],"wp:attachment":[{"href":"https:\/\/www.diarioimagen.net\/index.php?rest_route=%2Fwp%2Fv2%2Fmedia&parent=389342"}],"wp:term":[{"taxonomy":"category","embeddable":true,"href":"https:\/\/www.diarioimagen.net\/index.php?rest_route=%2Fwp%2Fv2%2Fcategories&post=389342"},{"taxonomy":"post_tag","embeddable":true,"href":"https:\/\/www.diarioimagen.net\/index.php?rest_route=%2Fwp%2Fv2%2Ftags&post=389342"}],"curies":[{"name":"wp","href":"https:\/\/api.w.org\/{rel}","templated":true}]}}