{"id":389381,"date":"2018-08-10T00:10:58","date_gmt":"2018-08-10T05:10:58","guid":{"rendered":"https:\/\/www.diarioimagen.net\/?p=389381"},"modified":"2018-08-10T05:56:45","modified_gmt":"2018-08-10T10:56:45","slug":"estudiantes-uaem-participan-en-segundo-parlamento-juvenil","status":"publish","type":"post","link":"https:\/\/www.diarioimagen.net\/?p=389381","title":{"rendered":"Estudiantes UAEM participan en Segundo Parlamento Juvenil"},"content":{"rendered":"<ul>\n<li><strong><em>Organizado por la LXIII Legislatura de la C\u00e1mara de Diputados federal<\/em><\/strong><\/li>\n<\/ul>\n<p>&nbsp;<\/p>\n<div id=\"attachment_389494\" style=\"width: 470px\" class=\"wp-caption aligncenter\"><a href=\"https:\/\/www.diarioimagen.net\/?attachment_id=389494\" rel=\"attachment wp-att-389494\"><img loading=\"lazy\" decoding=\"async\" aria-describedby=\"caption-attachment-389494\" class=\"size-large wp-image-389494\" src=\"https:\/\/www.diarioimagen.net\/wp-content\/uploads\/2018\/08\/UAEM-3430-460x259.jpg\" alt=\"\" width=\"460\" height=\"259\" srcset=\"https:\/\/www.diarioimagen.net\/wp-content\/uploads\/2018\/08\/UAEM-3430-460x259.jpg 460w, https:\/\/www.diarioimagen.net\/wp-content\/uploads\/2018\/08\/UAEM-3430-240x135.jpg 240w, https:\/\/www.diarioimagen.net\/wp-content\/uploads\/2018\/08\/UAEM-3430-235x132.jpg 235w, https:\/\/www.diarioimagen.net\/wp-content\/uploads\/2018\/08\/UAEM-3430-202x114.jpg 202w, https:\/\/www.diarioimagen.net\/wp-content\/uploads\/2018\/08\/UAEM-3430-350x196.jpg 350w, https:\/\/www.diarioimagen.net\/wp-content\/uploads\/2018\/08\/UAEM-3430-220x123.jpg 220w, https:\/\/www.diarioimagen.net\/wp-content\/uploads\/2018\/08\/UAEM-3430-237x132.jpg 237w, https:\/\/www.diarioimagen.net\/wp-content\/uploads\/2018\/08\/UAEM-3430.jpg 480w\" sizes=\"auto, (max-width: 460px) 100vw, 460px\" \/><\/a><p id=\"caption-attachment-389494\" class=\"wp-caption-text\">Alumnos de la UAEM participaron en el Segundo Parlamento Juvenil de M\u00e9xico 2018, organizado por la LXIII Legislatura de la C\u00e1mara de Diputados en el Palacio Legislativo de San L\u00e1zaro.<\/p><\/div>\n<p>&nbsp;<\/p>\n<p><strong>Toluuca, Estado de M\u00e9xico<\/strong>.\u2013 Estudiantes de la Universidad Aut\u00f3noma del Estado de M\u00e9xico participaron en el Segundo Parlamento Juvenil de M\u00e9xico 2018, organizado por la LXIII Legislatura de la C\u00e1mara de Diputados federal, que se llev\u00f3 a cabo en el Palacio Legislativo de San L\u00e1zaro, en la CDMX.<\/p>\n<p>Para ocupar uno de los 300 lugares que a nivel nacional ofert\u00f3 el Congreso federal para este evento, los universitarios propusieron una iniciativa de ley, cuya viabilidad fue evaluada.<\/p>\n<p>Diego D\u00edaz Casta\u00f1eda, estudiante del noveno semestre de la Licenciatura de Derecho y quien fungi\u00f3 como secretario de la Mesa Directiva durante el parlamento, expres\u00f3 que participar en el simulador parlamentario fue una experiencia acad\u00e9mica y profesional enriquecedora que le permiti\u00f3 convivir con universitarios de otras entidades.<\/p>\n<p>\u201cPara demostrar que quer\u00edamos y pod\u00edamos participar en este ejercicio legislativo tuvimos que presentar una iniciativa de ley, as\u00ed que en este marco compartimos experiencias y aportamos propuestas de soluci\u00f3n a diferentes problemas\u201d.<\/p>\n<p>Carlos Ivanhov D\u00edaz Gonz\u00e1lez, estudiante de la Licenciatura en Ciencias Pol\u00edticas y Administraci\u00f3n P\u00fablica, y Carlos Mendoza Soto, de la Licenciatura en Derecho, coincidieron en lo enriquecedora de la experiencia, que les permiti\u00f3 conocer el quehacer de los legisladores federales, adem\u00e1s del proceso que sigue la aprobaci\u00f3n de una ley.<\/p>\n<p>Miguel No\u00e9 Mancilla Maldonado, alumno del tercer semestre de la Licenciatura en Derecho, invit\u00f3 a los j\u00f3venes a participar en ejercicios de este tipo desde que inician su vida universitaria, ya que permiten acumular experiencia profesional y acad\u00e9mica.<\/p>\n","protected":false},"excerpt":{"rendered":"<p>Estudiantes de la Universidad Aut\u00f3noma del Estado de M\u00e9xico participaron en el Segundo Parlamento Juvenil de M\u00e9xico 2018, organizado por la LXIII Legislatura de la C\u00e1mara de Diputados federal, que se llev\u00f3 a cabo en el Palacio Legislativo de San L\u00e1zaro, en la CDMX.<\/p>\n","protected":false},"author":3,"featured_media":389494,"comment_status":"open","ping_status":"open","sticky":false,"template":"","format":"standard","meta":{"_monsterinsights_skip_tracking":false,"_monsterinsights_sitenote_active":false,"_monsterinsights_sitenote_note":"","_monsterinsights_sitenote_category":0,"footnotes":""},"categories":[5],"tags":[43675,76921,76920,1491],"class_list":["post-389381","post","type-post","status-publish","format-standard","has-post-thumbnail","hentry","category-estado-de-mexico","tag-estado-de-mexico","tag-segundo-parlamento-juvenilm","tag-toluuca","tag-uaem"],"_links":{"self":[{"href":"https:\/\/www.diarioimagen.net\/index.php?rest_route=\/wp\/v2\/posts\/389381","targetHints":{"allow":["GET"]}}],"collection":[{"href":"https:\/\/www.diarioimagen.net\/index.php?rest_route=\/wp\/v2\/posts"}],"about":[{"href":"https:\/\/www.diarioimagen.net\/index.php?rest_route=\/wp\/v2\/types\/post"}],"author":[{"embeddable":true,"href":"https:\/\/www.diarioimagen.net\/index.php?rest_route=\/wp\/v2\/users\/3"}],"replies":[{"embeddable":true,"href":"https:\/\/www.diarioimagen.net\/index.php?rest_route=%2Fwp%2Fv2%2Fcomments&post=389381"}],"version-history":[{"count":0,"href":"https:\/\/www.diarioimagen.net\/index.php?rest_route=\/wp\/v2\/posts\/389381\/revisions"}],"wp:featuredmedia":[{"embeddable":true,"href":"https:\/\/www.diarioimagen.net\/index.php?rest_route=\/wp\/v2\/media\/389494"}],"wp:attachment":[{"href":"https:\/\/www.diarioimagen.net\/index.php?rest_route=%2Fwp%2Fv2%2Fmedia&parent=389381"}],"wp:term":[{"taxonomy":"category","embeddable":true,"href":"https:\/\/www.diarioimagen.net\/index.php?rest_route=%2Fwp%2Fv2%2Fcategories&post=389381"},{"taxonomy":"post_tag","embeddable":true,"href":"https:\/\/www.diarioimagen.net\/index.php?rest_route=%2Fwp%2Fv2%2Ftags&post=389381"}],"curies":[{"name":"wp","href":"https:\/\/api.w.org\/{rel}","templated":true}]}}