{"id":389393,"date":"2018-08-10T00:10:35","date_gmt":"2018-08-10T05:10:35","guid":{"rendered":"https:\/\/www.diarioimagen.net\/?p=389393"},"modified":"2018-08-10T05:09:49","modified_gmt":"2018-08-10T10:09:49","slug":"revisaremos-constitucionalidad-de-ley-de-veto-olga-sanchez","status":"publish","type":"post","link":"https:\/\/www.diarioimagen.net\/?p=389393","title":{"rendered":"Revisaremos constitucionalidad de ley de veto: Olga S\u00e1nchez"},"content":{"rendered":"<ul>\n<li><strong><em>Dan facultades a gobernadora de Sonora<\/em><\/strong><\/li>\n<\/ul>\n<p>&nbsp;<\/p>\n<div id=\"attachment_389499\" style=\"width: 470px\" class=\"wp-caption aligncenter\"><a href=\"https:\/\/www.diarioimagen.net\/?attachment_id=389499\" rel=\"attachment wp-att-389499\"><img loading=\"lazy\" decoding=\"async\" aria-describedby=\"caption-attachment-389499\" class=\"size-large wp-image-389499\" src=\"https:\/\/www.diarioimagen.net\/wp-content\/uploads\/2018\/08\/OLGA-3430-460x259.jpg\" alt=\"\" width=\"460\" height=\"259\" srcset=\"https:\/\/www.diarioimagen.net\/wp-content\/uploads\/2018\/08\/OLGA-3430-460x259.jpg 460w, https:\/\/www.diarioimagen.net\/wp-content\/uploads\/2018\/08\/OLGA-3430-240x135.jpg 240w, https:\/\/www.diarioimagen.net\/wp-content\/uploads\/2018\/08\/OLGA-3430-235x132.jpg 235w, https:\/\/www.diarioimagen.net\/wp-content\/uploads\/2018\/08\/OLGA-3430-202x114.jpg 202w, https:\/\/www.diarioimagen.net\/wp-content\/uploads\/2018\/08\/OLGA-3430-350x196.jpg 350w, https:\/\/www.diarioimagen.net\/wp-content\/uploads\/2018\/08\/OLGA-3430-220x123.jpg 220w, https:\/\/www.diarioimagen.net\/wp-content\/uploads\/2018\/08\/OLGA-3430-237x132.jpg 237w, https:\/\/www.diarioimagen.net\/wp-content\/uploads\/2018\/08\/OLGA-3430.jpg 480w\" sizes=\"auto, (max-width: 460px) 100vw, 460px\" \/><\/a><p id=\"caption-attachment-389499\" class=\"wp-caption-text\">Olga S\u00e1nchez Cordero se\u00f1ala que los cambios avalados por el Congreso de Sonora contravienen criterios establecidos por la SCJN.<\/p><\/div>\n<p>&nbsp;<\/p>\n<p>Olga S\u00e1nchez Cordero, futura secretaria de Gobernaci\u00f3n, cuestion\u00f3 la constitucionalidad de las reformas aprobadas por el Congreso de Sonora que, entre otras cosas, facultan a la gobernadora pri\u00edsta, Claudia Pavlovich, a vetar cualquier reforma.<\/p>\n<p>La ministra en retiro de la Suprema Corte de Justicia de la Naci\u00f3n (SCJN) sostuvo que los cambios avalados por la C\u00e1mara de Diputados estatal tambi\u00e9n contravienen criterios establecidos por el m\u00e1ximo tribunal.<\/p>\n<p>\u201cLo aprobado por el Congreso de Sonora pretende regular materias que escapan de su competencia, son contrarios a diversos precedentes de la SCJN y contravienen disposiciones de la Constituci\u00f3n\u201d, expres\u00f3. S\u00e1nchez Cordero adelant\u00f3 que las decisiones tomadas por los legisladores sonorenses ser\u00e1n sometidas a una revisi\u00f3n.<\/p>\n<p>\u201cDado lo anterior, se har\u00e1n valer las acciones necesarias para revisar su constitucionalidad\u201d, dijo.<\/p>\n<p>Alfonso Durazo, senador electo por el Movimiento de Regeneraci\u00f3n Nacional (Morena) en Sonora, inform\u00f3 que combatir\u00e1 por las v\u00edas legal y pol\u00edtica la reforma.<\/p>\n<p>\u201cEs muy importante que la gobernadora sepa que este es apenas el primer episodio de una lucha que dista mucho de haber concluido\u201d, dijo el futuro secretario de Seguridad P\u00fablica.<\/p>\n<p>La tambi\u00e9n senadora por esa entidad, Lilly T\u00e9llez, anunci\u00f3 que interpondr\u00e1 un amparo contra la denominada \u201cLey Veto\u201d, aprobada por el Congreso.<\/p>\n<p>Entre las reformas aprobadas el pasado mi\u00e9rcoles por el Congreso de Sonora, est\u00e1 la Ley de Veto, que facultar\u00eda al gobernador de la entidad para revocar lo aprobado por el Congreso local.<\/p>\n","protected":false},"excerpt":{"rendered":"<p>Olga S\u00e1nchez Cordero, futura secretaria de Gobernaci\u00f3n, cuestion\u00f3 la constitucionalidad de las reformas aprobadas por el Congreso de Sonora que, entre otras cosas, facultan a la gobernadora pri\u00edsta, Claudia Pavlovich, a vetar cualquier reforma.<\/p>\n","protected":false},"author":3,"featured_media":389499,"comment_status":"open","ping_status":"open","sticky":false,"template":"","format":"standard","meta":{"_monsterinsights_skip_tracking":false,"_monsterinsights_sitenote_active":false,"_monsterinsights_sitenote_note":"","_monsterinsights_sitenote_category":0,"footnotes":""},"categories":[3],"tags":[76922,43673,10638,2852],"class_list":["post-389393","post","type-post","status-publish","format-standard","has-post-thumbnail","hentry","category-nacional","tag-ley-de-veto","tag-nacional","tag-olga-sanchez-cordero","tag-scjn"],"_links":{"self":[{"href":"https:\/\/www.diarioimagen.net\/index.php?rest_route=\/wp\/v2\/posts\/389393","targetHints":{"allow":["GET"]}}],"collection":[{"href":"https:\/\/www.diarioimagen.net\/index.php?rest_route=\/wp\/v2\/posts"}],"about":[{"href":"https:\/\/www.diarioimagen.net\/index.php?rest_route=\/wp\/v2\/types\/post"}],"author":[{"embeddable":true,"href":"https:\/\/www.diarioimagen.net\/index.php?rest_route=\/wp\/v2\/users\/3"}],"replies":[{"embeddable":true,"href":"https:\/\/www.diarioimagen.net\/index.php?rest_route=%2Fwp%2Fv2%2Fcomments&post=389393"}],"version-history":[{"count":0,"href":"https:\/\/www.diarioimagen.net\/index.php?rest_route=\/wp\/v2\/posts\/389393\/revisions"}],"wp:featuredmedia":[{"embeddable":true,"href":"https:\/\/www.diarioimagen.net\/index.php?rest_route=\/wp\/v2\/media\/389499"}],"wp:attachment":[{"href":"https:\/\/www.diarioimagen.net\/index.php?rest_route=%2Fwp%2Fv2%2Fmedia&parent=389393"}],"wp:term":[{"taxonomy":"category","embeddable":true,"href":"https:\/\/www.diarioimagen.net\/index.php?rest_route=%2Fwp%2Fv2%2Fcategories&post=389393"},{"taxonomy":"post_tag","embeddable":true,"href":"https:\/\/www.diarioimagen.net\/index.php?rest_route=%2Fwp%2Fv2%2Ftags&post=389393"}],"curies":[{"name":"wp","href":"https:\/\/api.w.org\/{rel}","templated":true}]}}