{"id":389398,"date":"2018-08-10T00:06:40","date_gmt":"2018-08-10T05:06:40","guid":{"rendered":"https:\/\/www.diarioimagen.net\/?p=389398"},"modified":"2018-08-12T23:56:31","modified_gmt":"2018-08-13T04:56:31","slug":"clausula-sunset-de-los-ultimos-temas-del-tlcan","status":"publish","type":"post","link":"https:\/\/www.diarioimagen.net\/?p=389398","title":{"rendered":"Cl\u00e1usula \u201cSunset\u201d, de los \u00faltimos temas del TLCAN"},"content":{"rendered":"<ul>\n<li><strong><em>Para una revisi\u00f3n cada 5 a\u00f1os<\/em><\/strong><\/li>\n<li><strong><em>Representantes de AMLO calificaron de favorable el avance de ronda<\/em><\/strong><\/li>\n<\/ul>\n<p>&nbsp;<\/p>\n<div id=\"attachment_389551\" style=\"width: 470px\" class=\"wp-caption aligncenter\"><a href=\"https:\/\/www.diarioimagen.net\/?attachment_id=389551\" rel=\"attachment wp-att-389551\"><img loading=\"lazy\" decoding=\"async\" aria-describedby=\"caption-attachment-389551\" class=\"size-large wp-image-389551\" src=\"https:\/\/www.diarioimagen.net\/wp-content\/uploads\/2018\/08\/TLC-3430-460x259.jpg\" alt=\"\" width=\"460\" height=\"259\" srcset=\"https:\/\/www.diarioimagen.net\/wp-content\/uploads\/2018\/08\/TLC-3430-460x259.jpg 460w, https:\/\/www.diarioimagen.net\/wp-content\/uploads\/2018\/08\/TLC-3430-240x135.jpg 240w, https:\/\/www.diarioimagen.net\/wp-content\/uploads\/2018\/08\/TLC-3430-235x132.jpg 235w, https:\/\/www.diarioimagen.net\/wp-content\/uploads\/2018\/08\/TLC-3430-202x114.jpg 202w, https:\/\/www.diarioimagen.net\/wp-content\/uploads\/2018\/08\/TLC-3430-350x196.jpg 350w, https:\/\/www.diarioimagen.net\/wp-content\/uploads\/2018\/08\/TLC-3430-220x123.jpg 220w, https:\/\/www.diarioimagen.net\/wp-content\/uploads\/2018\/08\/TLC-3430-237x132.jpg 237w, https:\/\/www.diarioimagen.net\/wp-content\/uploads\/2018\/08\/TLC-3430.jpg 480w\" sizes=\"auto, (max-width: 460px) 100vw, 460px\" \/><\/a><p id=\"caption-attachment-389551\" class=\"wp-caption-text\">El secretario de Econom\u00eda, Ildefonso Guajardo, afirm\u00f3 que la cl\u00e1usula \u2018Sunset\u2019 ser\u00e1 una de los \u00faltimos temas de la renegociaci\u00f3n.<\/p><\/div>\n<p>&nbsp;<\/p>\n<p>Dada la complejidad que presenta, la cl\u00e1usula \u201cSunset\u201d ser\u00e1 uno de los \u00faltimos temas que M\u00e9xico y Estados Unidos abordar\u00e1n en el marco de la negociaciones del Tratado de Libre Comercio de Am\u00e9rica del Norte (TLCAN), dijo el secretario de Econom\u00eda, Ildefonso Guajardo.<\/p>\n<p>\u201cHemos organizado los temas de acuerdo con el grado de complejidad y \u2018Sunset\u2019 ser\u00e1 una de las \u00faltimas\u201d, dijo el funcionario mexicano a periodistas, a su arribo a la sede de la Representaci\u00f3n Comercial de Estados Unidos (USTR), donde se celebran las negociaciones.<\/p>\n<p>La cl\u00e1usula, bajo la cual el acuerdo ser\u00eda revisado cada cinco a\u00f1os, como lo quiere Estados Unidos, permanece como un tema de profunda discrepancia debido a la oposici\u00f3n en principio de M\u00e9xico y Estados Unidos a incorporarla en un eventual nuevo acuerdo.<\/p>\n<p>Cuestionado sobre la posibilidad de que Canad\u00e1 se incorpore a esta ronda de conservaciones a partir de la pr\u00f3xima semana, Guajardo se limit\u00f3 a responder con \u201cquiz\u00e1\u201d.<\/p>\n<p>\u201cTenemos que asegurarnos que las bilaterales M\u00e9xico-Estados Unidos concluyan\u201d, indic\u00f3 en breves declaraciones.<\/p>\n<p>Por separado, Jes\u00fas Seade, el representante en las negociaciones del presidente electo de M\u00e9xico, Andr\u00e9s Manuel L\u00f3pez Obrador, calific\u00f3 de favorable el avance de esta ronda de negociaciones que fueron iniciadas tres semanas atr\u00e1s.<\/p>\n<p>\u201cEstamos avanzando muy bien. Yo no tengo muchos temores. Estamos avanzando bien. Hay muchas cosas que ver, detalles, pero estamos avanzando bien\u201d, dijo a su arribo.<\/p>\n<p>Se espera que la reuni\u00f3n de este jueves concluya poco despu\u00e9s del mediod\u00eda, tiempo local, y Seade dijo que no est\u00e1 claro si volver\u00e1n a reunirse este viernes, o reanudar\u00e1n las pl\u00e1ticas la pr\u00f3xima semana.<\/p>\n","protected":false},"excerpt":{"rendered":"<p>Dada la complejidad que presenta, la cl\u00e1usula \u201cSunset\u201d ser\u00e1 uno de los \u00faltimos temas que M\u00e9xico y Estados Unidos abordar\u00e1n en el marco de la negociaciones del Tratado de Libre Comercio de Am\u00e9rica del Norte (TLCAN), dijo el secretario de Econom\u00eda, Ildefonso Guajardo.<\/p>\n","protected":false},"author":3,"featured_media":389551,"comment_status":"open","ping_status":"open","sticky":false,"template":"","format":"standard","meta":{"_monsterinsights_skip_tracking":false,"_monsterinsights_sitenote_active":false,"_monsterinsights_sitenote_note":"","_monsterinsights_sitenote_category":0,"footnotes":""},"categories":[8],"tags":[46371,43678,2167],"class_list":["post-389398","post","type-post","status-publish","format-standard","has-post-thumbnail","hentry","category-finanzas","tag-acuerdo","tag-finanzas","tag-tlcan"],"_links":{"self":[{"href":"https:\/\/www.diarioimagen.net\/index.php?rest_route=\/wp\/v2\/posts\/389398","targetHints":{"allow":["GET"]}}],"collection":[{"href":"https:\/\/www.diarioimagen.net\/index.php?rest_route=\/wp\/v2\/posts"}],"about":[{"href":"https:\/\/www.diarioimagen.net\/index.php?rest_route=\/wp\/v2\/types\/post"}],"author":[{"embeddable":true,"href":"https:\/\/www.diarioimagen.net\/index.php?rest_route=\/wp\/v2\/users\/3"}],"replies":[{"embeddable":true,"href":"https:\/\/www.diarioimagen.net\/index.php?rest_route=%2Fwp%2Fv2%2Fcomments&post=389398"}],"version-history":[{"count":0,"href":"https:\/\/www.diarioimagen.net\/index.php?rest_route=\/wp\/v2\/posts\/389398\/revisions"}],"wp:featuredmedia":[{"embeddable":true,"href":"https:\/\/www.diarioimagen.net\/index.php?rest_route=\/wp\/v2\/media\/389551"}],"wp:attachment":[{"href":"https:\/\/www.diarioimagen.net\/index.php?rest_route=%2Fwp%2Fv2%2Fmedia&parent=389398"}],"wp:term":[{"taxonomy":"category","embeddable":true,"href":"https:\/\/www.diarioimagen.net\/index.php?rest_route=%2Fwp%2Fv2%2Fcategories&post=389398"},{"taxonomy":"post_tag","embeddable":true,"href":"https:\/\/www.diarioimagen.net\/index.php?rest_route=%2Fwp%2Fv2%2Ftags&post=389398"}],"curies":[{"name":"wp","href":"https:\/\/api.w.org\/{rel}","templated":true}]}}