{"id":389429,"date":"2018-08-10T00:05:48","date_gmt":"2018-08-10T05:05:48","guid":{"rendered":"https:\/\/www.diarioimagen.net\/?p=389429"},"modified":"2018-08-10T06:02:36","modified_gmt":"2018-08-10T11:02:36","slug":"adan-barron-inaugura-calles-de-la-zona-sur-de-la-demarcacion","status":"publish","type":"post","link":"https:\/\/www.diarioimagen.net\/?p=389429","title":{"rendered":"Ad\u00e1n Barr\u00f3n inaugura calles de la zona sur de la demarcaci\u00f3n"},"content":{"rendered":"<p><a href=\"https:\/\/www.diarioimagen.net\/?attachment_id=389545\" rel=\"attachment wp-att-389545\"><img loading=\"lazy\" decoding=\"async\" class=\"aligncenter size-large wp-image-389545\" src=\"https:\/\/www.diarioimagen.net\/wp-content\/uploads\/2018\/08\/TULTITLAN-3430-460x259.jpg\" alt=\"\" width=\"460\" height=\"259\" srcset=\"https:\/\/www.diarioimagen.net\/wp-content\/uploads\/2018\/08\/TULTITLAN-3430-460x259.jpg 460w, https:\/\/www.diarioimagen.net\/wp-content\/uploads\/2018\/08\/TULTITLAN-3430-240x135.jpg 240w, https:\/\/www.diarioimagen.net\/wp-content\/uploads\/2018\/08\/TULTITLAN-3430-235x132.jpg 235w, https:\/\/www.diarioimagen.net\/wp-content\/uploads\/2018\/08\/TULTITLAN-3430-202x114.jpg 202w, https:\/\/www.diarioimagen.net\/wp-content\/uploads\/2018\/08\/TULTITLAN-3430-350x196.jpg 350w, https:\/\/www.diarioimagen.net\/wp-content\/uploads\/2018\/08\/TULTITLAN-3430-220x123.jpg 220w, https:\/\/www.diarioimagen.net\/wp-content\/uploads\/2018\/08\/TULTITLAN-3430-237x132.jpg 237w, https:\/\/www.diarioimagen.net\/wp-content\/uploads\/2018\/08\/TULTITLAN-3430.jpg 480w\" sizes=\"auto, (max-width: 460px) 100vw, 460px\" \/><\/a><\/p>\n<p>&nbsp;<\/p>\n<p><strong>Tultitl\u00e1n, Estado de M\u00e9xico<\/strong><strong>.- <\/strong>Bajo el mandato del presidente municipal, Ad\u00e1n Barr\u00f3n Elizalde, se pavimenta y rehabilitan calles en las tres zonas de la demarcaci\u00f3n.<\/p>\n<p>Es por ello que se inaugur\u00f3 la calle Quer\u00e9taro, tramo Avenida Las torres a calle 5 de Mayo\u00a0 y la rehabilitaci\u00f3n de la primera etapa de la Avenida Las Torres, kil\u00f3metro 0+523.45 y la construcci\u00f3n de drenaje pluvial.<\/p>\n<p>\u201cEl alcalde coment\u00f3 que \u201cel proyecto general es mejorar d\u00eda a d\u00eda la\u00a0 imagen de nuestro municipio, \u201caunque es muy complicado poder abarcar todo. Les pido paciencia, porque estamos trabajando en diversas obras para poder tener un municipio de calidad y sobre todo que se sientan orgullosos del lugar donde viven\u201d.<\/p>\n","protected":false},"excerpt":{"rendered":"<p>Bajo el mandato del presidente municipal, Ad\u00e1n Barr\u00f3n Elizalde, se pavimenta y rehabilitan calles en las tres zonas de la demarcaci\u00f3n.<\/p>\n","protected":false},"author":3,"featured_media":389545,"comment_status":"open","ping_status":"open","sticky":false,"template":"","format":"standard","meta":{"_monsterinsights_skip_tracking":false,"_monsterinsights_sitenote_active":false,"_monsterinsights_sitenote_note":"","_monsterinsights_sitenote_category":0,"footnotes":""},"categories":[35155],"tags":[43675,578],"class_list":["post-389429","post","type-post","status-publish","format-standard","has-post-thumbnail","hentry","category-estado-de-mexico-estado-de-mexico","tag-estado-de-mexico","tag-tultitlan"],"_links":{"self":[{"href":"https:\/\/www.diarioimagen.net\/index.php?rest_route=\/wp\/v2\/posts\/389429","targetHints":{"allow":["GET"]}}],"collection":[{"href":"https:\/\/www.diarioimagen.net\/index.php?rest_route=\/wp\/v2\/posts"}],"about":[{"href":"https:\/\/www.diarioimagen.net\/index.php?rest_route=\/wp\/v2\/types\/post"}],"author":[{"embeddable":true,"href":"https:\/\/www.diarioimagen.net\/index.php?rest_route=\/wp\/v2\/users\/3"}],"replies":[{"embeddable":true,"href":"https:\/\/www.diarioimagen.net\/index.php?rest_route=%2Fwp%2Fv2%2Fcomments&post=389429"}],"version-history":[{"count":0,"href":"https:\/\/www.diarioimagen.net\/index.php?rest_route=\/wp\/v2\/posts\/389429\/revisions"}],"wp:featuredmedia":[{"embeddable":true,"href":"https:\/\/www.diarioimagen.net\/index.php?rest_route=\/wp\/v2\/media\/389545"}],"wp:attachment":[{"href":"https:\/\/www.diarioimagen.net\/index.php?rest_route=%2Fwp%2Fv2%2Fmedia&parent=389429"}],"wp:term":[{"taxonomy":"category","embeddable":true,"href":"https:\/\/www.diarioimagen.net\/index.php?rest_route=%2Fwp%2Fv2%2Fcategories&post=389429"},{"taxonomy":"post_tag","embeddable":true,"href":"https:\/\/www.diarioimagen.net\/index.php?rest_route=%2Fwp%2Fv2%2Ftags&post=389429"}],"curies":[{"name":"wp","href":"https:\/\/api.w.org\/{rel}","templated":true}]}}