{"id":389484,"date":"2018-08-10T00:07:09","date_gmt":"2018-08-10T05:07:09","guid":{"rendered":"https:\/\/www.diarioimagen.net\/?p=389484"},"modified":"2018-08-10T06:25:55","modified_gmt":"2018-08-10T11:25:55","slug":"contra-la-violencia","status":"publish","type":"post","link":"https:\/\/www.diarioimagen.net\/?p=389484","title":{"rendered":"Contra la violencia"},"content":{"rendered":"<h2>Punto por punto<\/h2>\n<h5>Augusto Corro<\/h5>\n<p>&nbsp;<\/p>\n<div id=\"attachment_389572\" style=\"width: 470px\" class=\"wp-caption aligncenter\"><a href=\"https:\/\/www.diarioimagen.net\/?attachment_id=389572\" rel=\"attachment wp-att-389572\"><img loading=\"lazy\" decoding=\"async\" aria-describedby=\"caption-attachment-389572\" class=\"size-large wp-image-389572\" src=\"https:\/\/www.diarioimagen.net\/wp-content\/uploads\/2018\/08\/POSITIVO-jose-luis-3430-460x371.jpg\" alt=\"\" width=\"460\" height=\"371\" srcset=\"https:\/\/www.diarioimagen.net\/wp-content\/uploads\/2018\/08\/POSITIVO-jose-luis-3430-460x371.jpg 460w, https:\/\/www.diarioimagen.net\/wp-content\/uploads\/2018\/08\/POSITIVO-jose-luis-3430-240x194.jpg 240w, https:\/\/www.diarioimagen.net\/wp-content\/uploads\/2018\/08\/POSITIVO-jose-luis-3430-768x620.jpg 768w, https:\/\/www.diarioimagen.net\/wp-content\/uploads\/2018\/08\/POSITIVO-jose-luis-3430.jpg 1200w\" sizes=\"auto, (max-width: 460px) 100vw, 460px\" \/><\/a><p id=\"caption-attachment-389572\" class=\"wp-caption-text\">Positivo.. | Jos\u00e9 Luis<\/p><\/div>\n<p>&nbsp;<\/p>\n<p>La violencia en M\u00e9xico se encuentra en sus niveles m\u00e1s altos. \u00bfHay alguna manera de erradicarla o por lo menos de reducirla? Es dif\u00edcil. Para tal fin se necesitar\u00eda sumar esfuerzos de todos los sectores de la sociedad mexicana, incluidos los representantes de la ley, las v\u00edctimas y las autoridades procuradoras de justicia.<\/p>\n<p>Cada quien desde su trinchera tendr\u00eda que aportar sus experiencias y puntos vista para lograr una estrategia de paz, legalidad y seguridad. Con el prop\u00f3sito fundamental de evitar p\u00e9rdidas de vidas humanas.<\/p>\n<p>Pero tambi\u00e9n atender a las v\u00edctimas de la delincuencia. A aquellas personas que perdieron a sus seres queridos o se encuentran desaparecidos. De la necesidad de crear organismos que atiendan a esa gente que, no obstante su profundo dolor, se arman de palas para buscar los restos de sus familiares en las fosas clandestinas.<\/p>\n<p>M\u00e9xico es un pueblo dolido que desea paz y seguridad. Andr\u00e9s Manuel L\u00f3pez Obrador (AMLO) y varios funcionarios de su futuro gabinete iniciaron la b\u00fasqueda de f\u00f3rmulas para terminar la espiral de violencia que se padece en el territorio nacional.<\/p>\n<p>Hablamos de los foros y las consultas para la paz, en los que se escuchar\u00e1n a las v\u00edctimas de las innumerables tragedias sangrientas, que durante dos sexenios enlutaron y sumieron en la desgracia a miles de hogares mexicanos, as\u00ed como las opiniones de los especialistas en la materia.<\/p>\n<p>La participaci\u00f3n de organizaciones civiles defensoras de los derechos humanos ser\u00e1 invaluable. Quiz\u00e1s, por primera vez ser\u00e1n escuchadas sus denuncias y exigencias de un mejor trato a quienes demandan el auxilio de las autoridades.<\/p>\n<p>Los representantes de la fuerza p\u00fablica (polic\u00edas, soldados, marinos, etc.) tendr\u00e1n que exponer sus opiniones sobre las condiciones en que desempe\u00f1an sus labores con leyes que no siempre los benefician. \u00bfY sus sueldos? \u00bfGanan lo suficiente para rechazar el \u201ccanto de las sirenas\u201d de los delincuentes?<\/p>\n<p>Cada vez se sabe m\u00e1s de linchamientos a presuntos delincuentes. Es un reflejo de la ausencia de autoridad o de una mala aplicaci\u00f3n de lay, que obliga a los propios ciudadanos a hacerse justicia por propia mano, sin darle la oportunidad a la v\u00edctima de defenderse.<\/p>\n<p>\u00bfEn el rengl\u00f3n de las drogas y sus productores? \u00bfC\u00f3mo solucionar la situaci\u00f3n de guerra que se vive en Tamaulipas, Michoac\u00e1n, Guerrero, Sinaloa, etc.? \u00bfLegalizar los estupefacientes? Sin duda, se trata de una complej\u00edsima preocupaci\u00f3n que urge resolver. En el caso del contrabando de armas, las opiniones coincidir\u00e1n en que las aduanas de las fronteras no funcionan. \u00bfO c\u00f3mo explicarse que todo mundo anda armado? Que en los asesinatos se usan pistolas y rifles de alto poder.<\/p>\n<p>En fin, vamos a esperar las primeras respuestas de los funcionarios del gobierno del pr\u00f3ximo sexenio. Sabemos, por supuesto, que no ser\u00e1 ninguna tarea f\u00e1cil recuperar la paz y la seguridad perdidas.<\/p>\n<p style=\"text-align: center;\"><strong>EL PAN Y SU ELECCI\u00d3N INTERNA<\/strong><\/p>\n<p>Los partidos pol\u00edticos PAN, PRI y PRD quedaron noqueados el 1 de julio. En m\u00e1s de un mes de su derrota empezaron a dar\u00a0 muy ligeras muestras de recuperaci\u00f3n.<\/p>\n<p>Desde su terapia intensiva, Acci\u00f3n Nacional ya prepara el cambio de su dirigencia en medio de una divisi\u00f3n total.<\/p>\n<p>Hace varios d\u00edas apareci\u00f3 el \u201cave de las tempestades\u201d, el antes \u201cjoven maravilla\u201d, Ricardo Anaya, en el escenario pol\u00edtico, para levantar la mano de presente.<\/p>\n<p>Como se inform\u00f3 el domingo 21 de octubre se efectuar\u00e1 la elecci\u00f3n del nuevo l\u00edder blanquiazul, que hoy ostenta Dami\u00e1n Zepeda, como suplente.<\/p>\n<p>Ma\u00f1ana s\u00e1bado, la Comisi\u00f3n Nacional Electoral del PAN aprobar\u00e1 la convocatoria que contempla los d\u00edas del 21 de agosto al 9 de septiembre para el registro de los candidatos.\u00a0 El an\u00e1lisis de las solicitudes se realizar\u00e1 del 10 al 14 de septiembre.<\/p>\n<p>La procedencia y validez de las candidaturas se conocer\u00e1 el 16 de septiembre. Las campa\u00f1as se efectuar\u00e1n del 17 de septiembre al 20 de octubre, para llegar a la elecci\u00f3n del nuevo dirigente el 21 de octubre.<\/p>\n<p>El coordinador de los diputados blanquiazules, Marko Cort\u00e9s Mendoza, ya manifest\u00f3 que aspira a dirigir su partido. En la lucha por el poder panista tambi\u00e9n se apuntaron el ex gobernador de Puebla, Rafael Moreno Valle, as\u00ed como los senadores Juan Carlos Romero Hicks y Roberto Gil Zuarth.<\/p>\n<p>En el PAN, dos son los principales grupos que luchan por el poder: los \u201ccalderonistas\u201d, encabezados por el ex presidente Felipe Calder\u00f3n Hinojosa y los \u201canayistas\u201d, de Ricardo Anaya, quien fue derrotado en las recientes elecciones presidenciales.<\/p>\n<p style=\"text-align: right;\"><em><strong>Feliz fin de semana.<\/strong><\/em><\/p>\n<p><em><a href=\"mailto:aco2742@hotmail.com\" target=\"_blank\" rel=\"noopener\">aco2742@hotmail.com<\/a><\/em><\/p>\n","protected":false},"excerpt":{"rendered":"<p><span style=\"color: #005497;\"><strong>Augusto Corro<\/strong><\/span><br \/>\n<br \/>\nLa violencia en M\u00e9xico se encuentra en sus niveles m\u00e1s altos. \u00bfHay alguna manera de erradicarla o por lo menos de reducirla? Es dif\u00edcil. Para tal fin se necesitar\u00eda sumar esfuerzos de todos los sectores de la sociedad mexicana, incluidos los representantes de la ley, las v\u00edctimas y las autoridades procuradoras de justicia.<\/p>\n","protected":false},"author":3,"featured_media":389572,"comment_status":"open","ping_status":"open","sticky":false,"template":"","format":"standard","meta":{"_monsterinsights_skip_tracking":false,"_monsterinsights_sitenote_active":false,"_monsterinsights_sitenote_note":"","_monsterinsights_sitenote_category":0,"footnotes":""},"categories":[157],"tags":[43686,43674,11515],"class_list":["post-389484","post","type-post","status-publish","format-standard","has-post-thumbnail","hentry","category-augusto-corro","tag-augusto-corro","tag-opinion","tag-punto-por-punto"],"_links":{"self":[{"href":"https:\/\/www.diarioimagen.net\/index.php?rest_route=\/wp\/v2\/posts\/389484","targetHints":{"allow":["GET"]}}],"collection":[{"href":"https:\/\/www.diarioimagen.net\/index.php?rest_route=\/wp\/v2\/posts"}],"about":[{"href":"https:\/\/www.diarioimagen.net\/index.php?rest_route=\/wp\/v2\/types\/post"}],"author":[{"embeddable":true,"href":"https:\/\/www.diarioimagen.net\/index.php?rest_route=\/wp\/v2\/users\/3"}],"replies":[{"embeddable":true,"href":"https:\/\/www.diarioimagen.net\/index.php?rest_route=%2Fwp%2Fv2%2Fcomments&post=389484"}],"version-history":[{"count":0,"href":"https:\/\/www.diarioimagen.net\/index.php?rest_route=\/wp\/v2\/posts\/389484\/revisions"}],"wp:featuredmedia":[{"embeddable":true,"href":"https:\/\/www.diarioimagen.net\/index.php?rest_route=\/wp\/v2\/media\/389572"}],"wp:attachment":[{"href":"https:\/\/www.diarioimagen.net\/index.php?rest_route=%2Fwp%2Fv2%2Fmedia&parent=389484"}],"wp:term":[{"taxonomy":"category","embeddable":true,"href":"https:\/\/www.diarioimagen.net\/index.php?rest_route=%2Fwp%2Fv2%2Fcategories&post=389484"},{"taxonomy":"post_tag","embeddable":true,"href":"https:\/\/www.diarioimagen.net\/index.php?rest_route=%2Fwp%2Fv2%2Ftags&post=389484"}],"curies":[{"name":"wp","href":"https:\/\/api.w.org\/{rel}","templated":true}]}}