{"id":389490,"date":"2018-08-10T00:10:04","date_gmt":"2018-08-10T05:10:04","guid":{"rendered":"https:\/\/www.diarioimagen.net\/?p=389490"},"modified":"2018-08-10T06:22:11","modified_gmt":"2018-08-10T11:22:11","slug":"y-batres-se-descuenta-a-cordero","status":"publish","type":"post","link":"https:\/\/www.diarioimagen.net\/?p=389490","title":{"rendered":"Y Batres se descuenta a Cordero"},"content":{"rendered":"<h2>Tras la puerta del poder<\/h2>\n<h5>Roberto Vizca\u00edno<\/h5>\n<p>&nbsp;<\/p>\n<div id=\"attachment_389566\" style=\"width: 470px\" class=\"wp-caption aligncenter\"><a href=\"https:\/\/www.diarioimagen.net\/?attachment_id=389566\" rel=\"attachment wp-att-389566\"><img loading=\"lazy\" decoding=\"async\" aria-describedby=\"caption-attachment-389566\" class=\"size-large wp-image-389566\" src=\"https:\/\/www.diarioimagen.net\/wp-content\/uploads\/2018\/08\/papelitos-importantes-LUIS-XAVIER-340-460x352.jpg\" alt=\"\" width=\"460\" height=\"352\" srcset=\"https:\/\/www.diarioimagen.net\/wp-content\/uploads\/2018\/08\/papelitos-importantes-LUIS-XAVIER-340-460x352.jpg 460w, https:\/\/www.diarioimagen.net\/wp-content\/uploads\/2018\/08\/papelitos-importantes-LUIS-XAVIER-340-240x184.jpg 240w, https:\/\/www.diarioimagen.net\/wp-content\/uploads\/2018\/08\/papelitos-importantes-LUIS-XAVIER-340-768x588.jpg 768w, https:\/\/www.diarioimagen.net\/wp-content\/uploads\/2018\/08\/papelitos-importantes-LUIS-XAVIER-340.jpg 1200w\" sizes=\"auto, (max-width: 460px) 100vw, 460px\" \/><\/a><p id=\"caption-attachment-389566\" class=\"wp-caption-text\">\u00abPapelitos\u00bb importantes | Luis Xavier<\/p><\/div>\n<p>&nbsp;<\/p>\n<p>Y mientras <strong>Ernesto Cordero, <\/strong>presidente del Senado -y en proceso de expulsi\u00f3n del PAN&#8211;, se cuidaba de los golpes de la derecha anayista, el senador morenista electo <strong>Mart\u00ed Batres<\/strong> se lo descont\u00f3 ayer medi\u00e1ticamente por la izquierda.<\/p>\n<p>As\u00ed, en su af\u00e1n por ganar espacios en medios y meter en callejones de conflictos y confrontaci\u00f3n con los senadores salientes a <strong>Ricardo Anaya, <\/strong>quien le gan\u00f3 la coordinaci\u00f3n parlamentaria de los senadores de Morena por recomendaci\u00f3n del mism\u00edsimo <strong>Andr\u00e9s Manuel L\u00f3pez Obrador<\/strong>, <strong>Mart\u00ed Batres<\/strong>, <strong>en una abierta injerencia en una legislatura que no es la suya,<\/strong> acus\u00f3 ayer a <strong>Cordero<\/strong> de haber autorizado bonos especiales a 22 altos mandos y asesores senatoriales.<\/p>\n<p>Y mostr\u00f3 la copia de un acuerdo donde el presidente del Senado aprueba los pagos sobresalientes a esos 22 asesores y altos funcionarios en reconocimiento a su desempe\u00f1o.<\/p>\n<p>Los bonos fueron el equivalente a 40 y 60 d\u00edas de salario.<\/p>\n<p><strong>Batres,<\/strong> quien es apenas senador electo y que comenzar\u00e1 a ejercer su cargo a partir del 1 de septiembre, aleg\u00f3 que esos bonos no son obligatorios y por ello llam\u00f3 a <strong>Cordero <\/strong>a \u201ctener sensibilidad\u201d y echarlos atr\u00e1s.<\/p>\n<p>Y sin dar ninguna explicaci\u00f3n, tambi\u00e9n le pidi\u00f3 al presidente del Senado saliente que no apruebe nuevas plazas ni firme contratos que deban ser validados por la siguiente legislatura.<\/p>\n<p><strong>Mart\u00ed Batres,<\/strong> quien fracas\u00f3 tambi\u00e9n &#8211;pero frente a <strong>Claudia Sheinbaum<\/strong>&#8211;, en la b\u00fasqueda de la candidatura de Morena para ser Jefe de Gobierno, cobr\u00f3 notoriedad p\u00fablica, pol\u00edtica y medi\u00e1tica en febrero de 1999 cuando la Secretar\u00eda de Salud revel\u00f3 que vend\u00eda en zonas marginadas y previa afiliaci\u00f3n a su grupo del PRD, eso s\u00ed a precios bajos, una leche denominada \u201cBetty\u201d con pocas grasas, pocas prote\u00ednas y poco calcio pero muy contaminada con heces fecales.<\/p>\n<p>El diario <em>El Pa\u00eds<\/em> de Espa\u00f1a encontr\u00f3 que \u201clos compradores deb\u00edan presentar la credencial de elector y apuntarse a la Uni\u00f3n de Abasto Popular, organizaci\u00f3n vinculada al PRD\u201d, que lideraba <strong>Batres.<\/strong><\/p>\n<p>En el envase de la leche \u201cBetty\u201d no figuraba la fecha de caducidad del producto, pero s\u00ed los nombres de los diputados benefactores, el primero de ellos <strong>Batres.<\/strong><\/p>\n<p>La Procuradur\u00eda Federal del Consumidor de aquel tiempo, detect\u00f3 en la leche \u201cBetty\u201d un nivel de bacterias 300 veces superior al permitido.<\/p>\n<p>Hoy <strong>Batres,<\/strong> senador electo por Morena, es ya conocido por anunciar que va a proponer un recorte de 2 mil millones de pesos en el presupuesto del Senado y consecuentemente el despido de la mayor\u00eda de la plantilla de personal de confianza y asesores en ese recinto. Ahora ya compr\u00f3 pleito con <strong>Cordero.<\/strong><\/p>\n<p>Ser\u00eda interesante saber si <strong>Ricardo Monreal<\/strong>, su pr\u00f3ximo coordinador legislativo, est\u00e1 de acuerdo con el papel de vocero adelantado de la fracci\u00f3n morenista que ha asumido <strong>Batres.<\/strong><\/p>\n<p style=\"text-align: center;\"><strong>Sigue el rompimiento panista<\/strong><\/p>\n<p>Y mientras eso ocurre en el Senado, en el PAN las confrontaciones siguen su curso.<\/p>\n<p>As\u00ed, mientras entre jaloneos y choques avanza el proceso de renovaci\u00f3n de la dirigencia nacional, el ex presidente <strong>Felipe Calder\u00f3n<\/strong> se agarr\u00f3 del chongo twitero con el gobernador de Chihuahua, <strong>Javier Corral a quien le recrimin\u00f3 no haberle dicho a Andr\u00e9s Manuel L\u00f3pez Obrador <\/strong>lo que antes hab\u00eda subido a redes sociales.<\/p>\n<p>Resulta que Corral le dijo a L\u00f3pez Obrador en Twitter que su propuesta de amnist\u00eda a criminales era \u00ababsurda y grotesca\u00bb.<\/p>\n<p>Y que con ello el presidente electo \u00abse coloca en sentido contrario a una de las motivaciones m\u00e1s importantes de la voluntad popular del 1 de julio. La impunidad perpet\u00faa, la corrupci\u00f3n y la injusticia. Es complicidad\u00bb.<\/p>\n<p>Calder\u00f3n ironiz\u00f3 en redes al indicar que Corral seguramente le dijo a AMLO, en su encuentro en un foro en Ciudad Ju\u00e1rez, que no estaba de acuerdo con sus ideas y propuestas.<\/p>\n<p><strong>Corral <\/strong>le revir\u00f3 a <strong>Calder\u00f3n:<\/strong><\/p>\n<p>\u00abSi lo que dice <strong>Jos\u00e9 Agust\u00edn<\/strong> es lo que piensa hacer @lopezobrador_se lo dir\u00e9 en p\u00fablico y en privado, como te lo dije a ti de frente, se\u00f1al\u00e1ndote como uno de los responsables de esta tragedia nacional y el colapso del Partido.<\/p>\n<p>La amargura no te permite distinguir la civilidad\u00bb.<\/p>\n<p style=\"text-align: center;\"><strong>Y mientras\u2026<\/strong><\/p>\n<p>En medio de este ambiente, el senador <strong>H\u00e9ctor Larios <\/strong>&#8211;quien hace unos d\u00edas adelant\u00f3 que se lanzar\u00eda como aspirante a la presidencia del PAN&#8211;, cuestion\u00f3 que <strong>Marko Cort\u00e9s<\/strong>, coordinador de los diputados federales de Acci\u00f3n Nacional, haya aceptado jugar como el delfin de <strong>Ricardo Anaya<\/strong> para que el grupo de este siga al frente del PAN.<\/p>\n<p>Y exigi\u00f3 que se elija a un presidente de transici\u00f3n en Acci\u00f3n Nacional, que evite la continuidad que representa <strong>Marko Cort\u00e9s.<\/strong><\/p>\n<p>El senador <strong>Larios <\/strong>les pidi\u00f3 a Anaya y Cortes entender que \u00abhay un sector importante del partido que no quiere que haya continuidad, que quiere que se rompa la continuidad.<\/p>\n<p>Hay diversos actores del partido que est\u00e1n tratando de construir un acuerdo que permita que tengamos una dirigencia de transici\u00f3n encabezada por alguien de mucho reconocimiento y que permita hacer los cambios en el partido y regresarlo a su esp\u00edritu democr\u00e1tico.<\/p>\n<p>\u00abCreo que ha sido negativo para el partido el estilo de liderazgo que ha habido. Tiene que haber un solo frente que compita frente al statu quo, contra la continuidad\u00bb.<\/p>\n<p style=\"text-align: center;\"><strong>Morenistas en guerra<\/strong><\/p>\n<p>Y mientras Andr\u00e9s Manuel L\u00f3pez Obrador afirm\u00f3 en su discurso de entrega de constancia de mayor\u00eda como Presidente Electo que no presionar\u00eda a ninguno de los otros poderes, ayer la ex ministra y pr\u00f3xima secretaria de Gobernaci\u00f3n Olga S\u00e1nchez Cordero indicaba que har\u00eda \u201cvaler las acciones necesarias para revisar la constitucionalidad de la facultad de veto constitucional del Ejecutivo aprobada por el Congreso de Sonora\u201d.<\/p>\n<p>Y es que ayer el Congreso de Sonora, todav\u00eda de mayor\u00eda pri\u00edsta, pero que tendr\u00e1 mayor\u00eda morenista, aprob\u00f3 reformas a la constituci\u00f3n estatal que facultan a la gobernadora Claudia Pavlovich a vetar la Ley de Ingresos y Egresos.<\/p>\n<p>Esta reforma intentar\u00eda evitar que la siguiente legislatura &#8211;como ya dijimos de mayor\u00eda morenista&#8211;, le impusiera a la gobernadora Pavlovich un presupuesto de egresos distinto al que ella pudiera enviar para su aprobaci\u00f3n.<\/p>\n<p>Sobre eso dijo la pr\u00f3xima secretaria de Gobernaci\u00f3n federal Olga S\u00e1nchez Cordero:<\/p>\n<p>\u201cLo aprobado el d\u00eda de ayer por el Congreso de Sonora pretende regular materias que escapan de su competencia, son contrarios a diversos precedentes de la Suprema Corte de Justicia de la Naci\u00f3n y contravienen disposiciones expresas de la Constituci\u00f3n Federal. Dado lo anterior se har\u00e1n valer las acciones necesarias para revisar su constitucionalidad\u201d.<\/p>\n<p>\u00a1\u00a1\u00a1Zas!!!<\/p>\n<p><em><a href=\"mailto:rvizcainoa@gmail.com\" target=\"_blank\" rel=\"noopener\">rvizcainoa@gmail.com<\/a><\/em><br \/>\n<em><a href=\"http:\/\/www.endirecto.com.mx\/\" target=\"_blank\" rel=\"noopener\">www.endirecto.com.mx<\/a><\/em><br \/>\n<em><a href=\"https:\/\/twitter.com\/_rvizcaino\" target=\"_blank\" rel=\"noopener\">@_RVizcaino<\/a><\/em><br \/>\n<a href=\"https:\/\/www.facebook.com\/rvizcainoa\" target=\"_blank\" rel=\"noopener\">f<em>acebook.com\/rvizcainoa<\/em><\/a><\/p>\n","protected":false},"excerpt":{"rendered":"<p><span style=\"color: #005497;\"><strong>Roberto Vizca\u00edno<\/strong><\/span><br \/>\n<br \/>\nY mientras <strong>Ernesto Cordero, <\/strong>presidente del Senado -y en proceso de expulsi\u00f3n del PAN&#8211;, se cuidaba de los golpes de la derecha anayista, el senador morenista electo <strong>Mart\u00ed Batres<\/strong> se lo descont\u00f3 ayer medi\u00e1ticamente por la izquierda.<\/p>\n","protected":false},"author":3,"featured_media":389566,"comment_status":"open","ping_status":"open","sticky":false,"template":"","format":"standard","meta":{"_monsterinsights_skip_tracking":false,"_monsterinsights_sitenote_active":false,"_monsterinsights_sitenote_note":"","_monsterinsights_sitenote_category":0,"footnotes":""},"categories":[136],"tags":[43674,93,94],"class_list":["post-389490","post","type-post","status-publish","format-standard","has-post-thumbnail","hentry","category-roberto-vizcaino-opinion","tag-opinion","tag-roberto-vizcaino","tag-tras-la-puerta-del-poder"],"_links":{"self":[{"href":"https:\/\/www.diarioimagen.net\/index.php?rest_route=\/wp\/v2\/posts\/389490","targetHints":{"allow":["GET"]}}],"collection":[{"href":"https:\/\/www.diarioimagen.net\/index.php?rest_route=\/wp\/v2\/posts"}],"about":[{"href":"https:\/\/www.diarioimagen.net\/index.php?rest_route=\/wp\/v2\/types\/post"}],"author":[{"embeddable":true,"href":"https:\/\/www.diarioimagen.net\/index.php?rest_route=\/wp\/v2\/users\/3"}],"replies":[{"embeddable":true,"href":"https:\/\/www.diarioimagen.net\/index.php?rest_route=%2Fwp%2Fv2%2Fcomments&post=389490"}],"version-history":[{"count":0,"href":"https:\/\/www.diarioimagen.net\/index.php?rest_route=\/wp\/v2\/posts\/389490\/revisions"}],"wp:featuredmedia":[{"embeddable":true,"href":"https:\/\/www.diarioimagen.net\/index.php?rest_route=\/wp\/v2\/media\/389566"}],"wp:attachment":[{"href":"https:\/\/www.diarioimagen.net\/index.php?rest_route=%2Fwp%2Fv2%2Fmedia&parent=389490"}],"wp:term":[{"taxonomy":"category","embeddable":true,"href":"https:\/\/www.diarioimagen.net\/index.php?rest_route=%2Fwp%2Fv2%2Fcategories&post=389490"},{"taxonomy":"post_tag","embeddable":true,"href":"https:\/\/www.diarioimagen.net\/index.php?rest_route=%2Fwp%2Fv2%2Ftags&post=389490"}],"curies":[{"name":"wp","href":"https:\/\/api.w.org\/{rel}","templated":true}]}}