{"id":389580,"date":"2018-08-13T00:04:47","date_gmt":"2018-08-13T05:04:47","guid":{"rendered":"https:\/\/www.diarioimagen.net\/?p=389580"},"modified":"2018-08-13T01:53:32","modified_gmt":"2018-08-13T06:53:32","slug":"capacita-difem-a-mexiquenses-con-discapacidad-motora","status":"publish","type":"post","link":"https:\/\/www.diarioimagen.net\/?p=389580","title":{"rendered":"Capacita DIFEM a mexiquenses con discapacidad motora"},"content":{"rendered":"<ul>\n<li><em><strong>Para una vida independiente<\/strong><\/em><\/li>\n<\/ul>\n<p>&nbsp;<\/p>\n<div id=\"attachment_389581\" style=\"width: 470px\" class=\"wp-caption aligncenter\"><img loading=\"lazy\" decoding=\"async\" aria-describedby=\"caption-attachment-389581\" class=\"size-large wp-image-389581\" src=\"https:\/\/www.diarioimagen.net\/wp-content\/uploads\/2018\/08\/DIFEM13-portal-460x268.jpg\" alt=\"\" width=\"460\" height=\"268\" srcset=\"https:\/\/www.diarioimagen.net\/wp-content\/uploads\/2018\/08\/DIFEM13-portal-460x268.jpg 460w, https:\/\/www.diarioimagen.net\/wp-content\/uploads\/2018\/08\/DIFEM13-portal-240x140.jpg 240w, https:\/\/www.diarioimagen.net\/wp-content\/uploads\/2018\/08\/DIFEM13-portal.jpg 480w\" sizes=\"auto, (max-width: 460px) 100vw, 460px\" \/><p id=\"caption-attachment-389581\" class=\"wp-caption-text\">Reciben mexiquenses en sillas de ruedas instrucci\u00f3n en t\u00e9cnicas de desplazamiento, sexualidad y actividades de la vida diaria, entre otros temas de inclusi\u00f3n.<\/p><\/div>\n<p>&nbsp;<\/p>\n<p>Zinacantepec, M\u00e9x.- Con esfuerzo y tenacidad, m\u00e1s de 35 personas en silla de ruedas adquirieron t\u00e9cnicas y desarrollaron habilidades para aprender a desplazarse de manera independiente y superar obst\u00e1culos arquitect\u00f3nicos en espacios p\u00fablicos.<\/p>\n<p>Lo anterior dentro del curso de capacitaci\u00f3n \u201cVida independiente para personas con discapacidad motora\u201d que el DIF Estado de M\u00e9xico efectu\u00f3 en las instalaciones de la Unidad Deportiva \u201cJuan Fern\u00e1ndez Albarr\u00e1n\u201d.<\/p>\n<p>Esta capacitaci\u00f3n, realizada con apoyo de la Organizaci\u00f3n Internacional Vida Independiente M\u00e9xico, permitir\u00e1 que personas con discapacidad motora de la entidad reciban entrenamiento proactivo para que desarrollen la aceptaci\u00f3n y habilidades para ayudarse a s\u00ed mismas y sean promotoras de su integraci\u00f3n social.<\/p>\n<p>\u201cLa idea es que las personas con discapacidad fortalezcan la filosof\u00eda de que s\u00ed se puede lograr una vida independiente y eso genere su inclusi\u00f3n social; el DIF Estado de M\u00e9xico celebra ser sede de esta actividad que favorece la vida familiar, acad\u00e9mica, laboral de este sector de la poblaci\u00f3n\u201d, afirm\u00f3 Salvador Reyes Orta, Subdirector de Inclusi\u00f3n Social del DIFEM.<\/p>\n<p>Refiri\u00f3 que, para tal efecto, los participantes cuentan con el apoyo de especialistas en medicina general, psicolog\u00eda, integraci\u00f3n social, rehabilitaci\u00f3n f\u00edsica y ocupacional e instructores de silla de ruedas, quienes brindar\u00e1n asesor\u00eda, actividades, manejo de crisis emocionales, aceptaci\u00f3n, salud, higiene preventiva y sexualidad.<\/p>\n<p>\u201cUno de los principales objetivos de Fernanda Castillo de Del Mazo, Presidenta Honoraria del DIF Estatal, es promover acciones que fortalezcan y generan herramientas para que las personas con discapacidad logren tener una mejor calidad de vida y tener familias fuertes\u201d, se\u00f1al\u00f3.<\/p>\n<p>Agreg\u00f3 que esta din\u00e1mica, promovida por el Sistema Nacional DIF en coordinaci\u00f3n con dicha Organizaci\u00f3n, se lleva a cabo en todo el pa\u00eds, por lo que en este a\u00f1o el Estado de M\u00e9xico fungi\u00f3 como sede para poder generar cadenas de apoyo a trav\u00e9s de los beneficiarios participantes.<\/p>\n<p>Como parte de las t\u00e9cnicas de manejo de sillas de ruedas, los participantes se desplazaron por rampas y escaleras met\u00e1licas, carretera, pasto, rampas inclinadas, subieron escalones de edificios p\u00fablicos, rodaron y cruzando banquetas, subieron y descendieron de la cama, como parte de las actividades diarias a las que se enfrentan para lograr una vida independiente e inclusiva, adem\u00e1s de recibir una pl\u00e1tica de sexualidad y discapacidad.<\/p>\n<p>Mayra Viridiana Oliva Estrada, fue una de las beneficiadas de dicha pr\u00e1ctica, ha pasado un a\u00f1o desde que sufri\u00f3 un accidente en una resbaladilla, lo que la llev\u00f3 a perder movilidad en la mitad de su cuerpo,<\/p>\n<p>Para ella ha sido muy dif\u00edcil depender de una persona para desplazarse, por lo que este curso le ha servido para superar los obst\u00e1culos que enfrenta todos los d\u00edas al permitirle realizar sola sus actividades cotidianas.<\/p>\n","protected":false},"excerpt":{"rendered":"<p> Con esfuerzo y tenacidad, m\u00e1s de 35 personas en silla de ruedas adquirieron t\u00e9cnicas y desarrollaron habilidades para aprender a desplazarse de manera independiente y superar obst\u00e1culos arquitect\u00f3nicos en espacios p\u00fablicos.<\/p>\n","protected":false},"author":5,"featured_media":389581,"comment_status":"open","ping_status":"open","sticky":false,"template":"","format":"standard","meta":{"_monsterinsights_skip_tracking":false,"_monsterinsights_sitenote_active":false,"_monsterinsights_sitenote_note":"","_monsterinsights_sitenote_category":0,"footnotes":""},"categories":[35155],"tags":[76941,64358,76942,76944,6609,76943],"class_list":["post-389580","post","type-post","status-publish","format-standard","has-post-thumbnail","hentry","category-estado-de-mexico-estado-de-mexico","tag-capacita-difem","tag-dif-estado-de-mexico","tag-discapacidad-motora","tag-juan-fernandez-albarran","tag-mexiquenses","tag-vida-independiente"],"_links":{"self":[{"href":"https:\/\/www.diarioimagen.net\/index.php?rest_route=\/wp\/v2\/posts\/389580","targetHints":{"allow":["GET"]}}],"collection":[{"href":"https:\/\/www.diarioimagen.net\/index.php?rest_route=\/wp\/v2\/posts"}],"about":[{"href":"https:\/\/www.diarioimagen.net\/index.php?rest_route=\/wp\/v2\/types\/post"}],"author":[{"embeddable":true,"href":"https:\/\/www.diarioimagen.net\/index.php?rest_route=\/wp\/v2\/users\/5"}],"replies":[{"embeddable":true,"href":"https:\/\/www.diarioimagen.net\/index.php?rest_route=%2Fwp%2Fv2%2Fcomments&post=389580"}],"version-history":[{"count":0,"href":"https:\/\/www.diarioimagen.net\/index.php?rest_route=\/wp\/v2\/posts\/389580\/revisions"}],"wp:featuredmedia":[{"embeddable":true,"href":"https:\/\/www.diarioimagen.net\/index.php?rest_route=\/wp\/v2\/media\/389581"}],"wp:attachment":[{"href":"https:\/\/www.diarioimagen.net\/index.php?rest_route=%2Fwp%2Fv2%2Fmedia&parent=389580"}],"wp:term":[{"taxonomy":"category","embeddable":true,"href":"https:\/\/www.diarioimagen.net\/index.php?rest_route=%2Fwp%2Fv2%2Fcategories&post=389580"},{"taxonomy":"post_tag","embeddable":true,"href":"https:\/\/www.diarioimagen.net\/index.php?rest_route=%2Fwp%2Fv2%2Ftags&post=389580"}],"curies":[{"name":"wp","href":"https:\/\/api.w.org\/{rel}","templated":true}]}}