{"id":389626,"date":"2018-08-13T00:11:23","date_gmt":"2018-08-13T05:11:23","guid":{"rendered":"https:\/\/www.diarioimagen.net\/?p=389626"},"modified":"2018-08-14T00:21:36","modified_gmt":"2018-08-14T05:21:36","slug":"ordena-juez-a-la-pgr-reabrir-el-caso-tlatlaya","status":"publish","type":"post","link":"https:\/\/www.diarioimagen.net\/?p=389626","title":{"rendered":"Ordena juez a la PGR reabrir el caso Tlatlaya"},"content":{"rendered":"<ul>\n<li><strong><em>Deber\u00e1 realizar una indagatoria exhaustiva<\/em><\/strong><\/li>\n<\/ul>\n<p>&nbsp;<\/p>\n<div id=\"attachment_389748\" style=\"width: 470px\" class=\"wp-caption aligncenter\"><a href=\"https:\/\/www.diarioimagen.net\/?attachment_id=389748\" rel=\"attachment wp-att-389748\"><img loading=\"lazy\" decoding=\"async\" aria-describedby=\"caption-attachment-389748\" class=\"size-large wp-image-389748\" src=\"https:\/\/www.diarioimagen.net\/wp-content\/uploads\/2018\/08\/TLATAYA-3431-460x259.jpg\" alt=\"\" width=\"460\" height=\"259\" srcset=\"https:\/\/www.diarioimagen.net\/wp-content\/uploads\/2018\/08\/TLATAYA-3431-460x259.jpg 460w, https:\/\/www.diarioimagen.net\/wp-content\/uploads\/2018\/08\/TLATAYA-3431-240x135.jpg 240w, https:\/\/www.diarioimagen.net\/wp-content\/uploads\/2018\/08\/TLATAYA-3431-235x132.jpg 235w, https:\/\/www.diarioimagen.net\/wp-content\/uploads\/2018\/08\/TLATAYA-3431-202x114.jpg 202w, https:\/\/www.diarioimagen.net\/wp-content\/uploads\/2018\/08\/TLATAYA-3431-350x196.jpg 350w, https:\/\/www.diarioimagen.net\/wp-content\/uploads\/2018\/08\/TLATAYA-3431-220x123.jpg 220w, https:\/\/www.diarioimagen.net\/wp-content\/uploads\/2018\/08\/TLATAYA-3431-237x132.jpg 237w, https:\/\/www.diarioimagen.net\/wp-content\/uploads\/2018\/08\/TLATAYA-3431.jpg 480w\" sizes=\"auto, (max-width: 460px) 100vw, 460px\" \/><\/a><p id=\"caption-attachment-389748\" class=\"wp-caption-text\">Un juez federal orden\u00f3 a la PGR realizar una indagatoria exhaustiva que incluya la orden de abatir criminales.<\/p><\/div>\n<p>&nbsp;<\/p>\n<p>Un juez federal orden\u00f3 a la Procuradur\u00eda General de la Rep\u00fablica (PGR) reabrir el caso Tlataya y realizar una indagatoria exhaustiva, que incluya la orden de abatir criminales en horas de oscuridad.<\/p>\n<p>En un comunicado de prensa, el Centro Prodh, que acompa\u00f1a jur\u00eddicamente a la sobreviviente Clara G\u00f3mez Gonz\u00e1lez, inform\u00f3 que el fallo del juez Decimocuarto de Distrito de Amparo en Materia Penal, Erik Zabalgoitia Novales, se dio el 25 de mayo.<\/p>\n<p>A cuatro a\u00f1os de que militares ejecutaran al menos a 12 personas en Tlatlaya, Estado de M\u00e9xico, el juez determina que la PGR no ha realizado una investigaci\u00f3n adecuada y efectiva, por lo que orden\u00f3 una serie de diligencias para esclarecer el caso y fincar responsabilidades.<\/p>\n<p>El 30 de junio de 2014, elementos del Ej\u00e9rcito abatieron a 22 personas en una bodega de San Pedro Lim\u00f3n, en el municipio de Tlatlaya.<\/p>\n<p>Aunque la Secretar\u00eda de la Defensa Nacional (Sedena) inform\u00f3 que hab\u00eda sido durante un enfrentamiento con criminales, la Comisi\u00f3n Nacional de los Derechos Humanos (CNDH) determin\u00f3 que ente 12 y 15 de esas personas hab\u00edan sido ejecutadas arbitrariamente.<\/p>\n<p>\u201cDebido a la fallida investigaci\u00f3n de la PGR, a la fecha no hay ninguna persona rindiendo cuentas ante la justicia al no haber ofrecido las pruebas suficientes para se\u00f1alar individualmente a los responsables\u201d, reproch\u00f3 el Centro Prodh.<\/p>\n<p>\u201cEsta falta de debida diligencia es una de las m\u00faltiples formas que toma el inaceptable encubrimiento de graves violaciones a los derechos humanos en M\u00e9xico\u201d.<\/p>\n<p style=\"text-align: center;\"><strong>Versi\u00f3n inicial de la Sedena<\/strong><\/p>\n<p>Seg\u00fan la versi\u00f3n inicial ofrecida por la Sedena sobre lo ocurrido el 30 de junio de 2014 en una bodega de Tlatlaya, 22 presuntos delincuentes murieron en enfrentamiento armado con militares.<\/p>\n<p>Dicha versi\u00f3n fue desmentida por uno de los tres supervivientes, quien asegur\u00f3 que un civil hab\u00eda muerto en el choque y los dem\u00e1s hab\u00edan sido asesinados tras un interrogatorio, lo que desencaden\u00f3 la detenci\u00f3n de 7 militares.<\/p>\n<p>Sin embargo, un juez orden\u00f3 en octubre de 2015 liberar a cuatro de los militares implicados en la matanza tras considerar que la Fiscal\u00eda no hab\u00eda sido clara a la hora de explicar los hechos por los que estaban acusados.<\/p>\n<p>Y en mayo de 2016, un juez federal desestim\u00f3 los elementos de prueba aportados por la Fiscal\u00eda General y orden\u00f3 la liberaci\u00f3n de los otros tres militares implicados.<\/p>\n<p>En respuesta al recurso de la sobreviviente, Zabalgoitia ordena ahora a la Fiscal\u00eda realizar una serie de diligencias para esclarecer de inmediato el caso y establecer responsabilidades, \u201cincluyendo la cadena de mando involucrada en la ilegal orden de abatir delincuentes en horas de oscuridad\u201d.<\/p>\n","protected":false},"excerpt":{"rendered":"<p>Un juez federal orden\u00f3 a la Procuradur\u00eda General de la Rep\u00fablica (PGR) reabrir el caso Tlataya y realizar una indagatoria exhaustiva, que incluya la orden de abatir criminales en horas de oscuridad.<\/p>\n","protected":false},"author":3,"featured_media":389748,"comment_status":"open","ping_status":"open","sticky":false,"template":"","format":"standard","meta":{"_monsterinsights_skip_tracking":false,"_monsterinsights_sitenote_active":false,"_monsterinsights_sitenote_note":"","_monsterinsights_sitenote_category":0,"footnotes":""},"categories":[7],"tags":[70733,76983,43677,76982],"class_list":["post-389626","post","type-post","status-publish","format-standard","has-post-thumbnail","hentry","category-seguridad","tag-caso","tag-reabre","tag-seguridad","tag-tlataya"],"_links":{"self":[{"href":"https:\/\/www.diarioimagen.net\/index.php?rest_route=\/wp\/v2\/posts\/389626","targetHints":{"allow":["GET"]}}],"collection":[{"href":"https:\/\/www.diarioimagen.net\/index.php?rest_route=\/wp\/v2\/posts"}],"about":[{"href":"https:\/\/www.diarioimagen.net\/index.php?rest_route=\/wp\/v2\/types\/post"}],"author":[{"embeddable":true,"href":"https:\/\/www.diarioimagen.net\/index.php?rest_route=\/wp\/v2\/users\/3"}],"replies":[{"embeddable":true,"href":"https:\/\/www.diarioimagen.net\/index.php?rest_route=%2Fwp%2Fv2%2Fcomments&post=389626"}],"version-history":[{"count":0,"href":"https:\/\/www.diarioimagen.net\/index.php?rest_route=\/wp\/v2\/posts\/389626\/revisions"}],"wp:featuredmedia":[{"embeddable":true,"href":"https:\/\/www.diarioimagen.net\/index.php?rest_route=\/wp\/v2\/media\/389748"}],"wp:attachment":[{"href":"https:\/\/www.diarioimagen.net\/index.php?rest_route=%2Fwp%2Fv2%2Fmedia&parent=389626"}],"wp:term":[{"taxonomy":"category","embeddable":true,"href":"https:\/\/www.diarioimagen.net\/index.php?rest_route=%2Fwp%2Fv2%2Fcategories&post=389626"},{"taxonomy":"post_tag","embeddable":true,"href":"https:\/\/www.diarioimagen.net\/index.php?rest_route=%2Fwp%2Fv2%2Ftags&post=389626"}],"curies":[{"name":"wp","href":"https:\/\/api.w.org\/{rel}","templated":true}]}}