{"id":389655,"date":"2018-08-13T00:06:25","date_gmt":"2018-08-13T05:06:25","guid":{"rendered":"https:\/\/www.diarioimagen.net\/?p=389655"},"modified":"2018-08-13T05:10:34","modified_gmt":"2018-08-13T10:10:34","slug":"inauguran-muestra-plastica-manticora-abierta-a-todo-el-publico-en-tultepec","status":"publish","type":"post","link":"https:\/\/www.diarioimagen.net\/?p=389655","title":{"rendered":"Inauguran muestra pl\u00e1stica Manticora, abierta a todo el p\u00fablico en Tultepec"},"content":{"rendered":"<ul>\n<li><strong><em>En la Galer\u00eda de Kiosco<\/em><\/strong><\/li>\n<\/ul>\n<p>&nbsp;<\/p>\n<div id=\"attachment_389736\" style=\"width: 470px\" class=\"wp-caption aligncenter\"><a href=\"https:\/\/www.diarioimagen.net\/?attachment_id=389736\" rel=\"attachment wp-att-389736\"><img loading=\"lazy\" decoding=\"async\" aria-describedby=\"caption-attachment-389736\" class=\"size-large wp-image-389736\" src=\"https:\/\/www.diarioimagen.net\/wp-content\/uploads\/2018\/08\/TULTEPEC-3431-460x259.jpg\" alt=\"\" width=\"460\" height=\"259\" srcset=\"https:\/\/www.diarioimagen.net\/wp-content\/uploads\/2018\/08\/TULTEPEC-3431-460x259.jpg 460w, https:\/\/www.diarioimagen.net\/wp-content\/uploads\/2018\/08\/TULTEPEC-3431-240x135.jpg 240w, https:\/\/www.diarioimagen.net\/wp-content\/uploads\/2018\/08\/TULTEPEC-3431-235x132.jpg 235w, https:\/\/www.diarioimagen.net\/wp-content\/uploads\/2018\/08\/TULTEPEC-3431-202x114.jpg 202w, https:\/\/www.diarioimagen.net\/wp-content\/uploads\/2018\/08\/TULTEPEC-3431-350x196.jpg 350w, https:\/\/www.diarioimagen.net\/wp-content\/uploads\/2018\/08\/TULTEPEC-3431-220x123.jpg 220w, https:\/\/www.diarioimagen.net\/wp-content\/uploads\/2018\/08\/TULTEPEC-3431-237x132.jpg 237w, https:\/\/www.diarioimagen.net\/wp-content\/uploads\/2018\/08\/TULTEPEC-3431.jpg 480w\" sizes=\"auto, (max-width: 460px) 100vw, 460px\" \/><\/a><p id=\"caption-attachment-389736\" class=\"wp-caption-text\">Inauguraron la exposici\u00f3n\u00a0Manticora en la Galer\u00eda del Kiosco, ubicada en el jard\u00edn principal del 11 de agosto al 5 de septiembre.<\/p><\/div>\n<p>&nbsp;<\/p>\n<p><strong>Tultepec, Estado de M\u00e9xico<\/strong>.- Autoridades municipales, encabezadas por Ana Mar\u00eda Mazzoco Galv\u00e1n, s\u00edndico municipal, en representaci\u00f3n del alcalde Armando Portuguez Fuentes, inauguraron la exposici\u00f3n\u00a0Manticora, abierta para todo el p\u00fablico en la Galer\u00eda del Kiosco, ubicada en el jard\u00edn principal del 11 de agosto y hasta el 5 de septiembre.<\/p>\n<p>Con una selecci\u00f3n de obras realizadas por alumnos de los diversos talleres impartidos durante 2017 y 2018, y ex alumnos del connotado taller\u00a0Manticora, escuela de pintura y artes pl\u00e1sticas del distinguido artista tultepequense Agust\u00edn Cervantes M\u00e1rquez, exposici\u00f3n que lleva el mismo nombre de este centro de instrucci\u00f3n.<\/p>\n<p>Fruto del esfuerzo y la pasi\u00f3n por el arte de 10 alumnos de todas las edades, en las obras se plasman coloridas creaciones sobre naturaleza, flores, aves, cascadas y elementos muy propios y emblem\u00e1ticos de M\u00e9xico, tales como alebrijes y catrinas elaboradas entre los a\u00f1os 2014 y 2018, con t\u00e9cnicas como \u00f3leo sobre tela, \u00f3leo sobre papel, pastel sobre papel, acuarelas, papel mach\u00e9 y \u00f3leo sobre MDF (madera triplay).<\/p>\n<p>Ante la vocaci\u00f3n de un pueblo inmerso en la cultura, el H. Ayuntamiento de Tultepec ofrece a la ciudadan\u00eda en general, a propios y extra\u00f1os, en el Kiosco Galer\u00eda, un espacio ideal para exponer y compartir esa singular forma de manifestar su sentir por el entorno que les rodea y de la vida misma, expres\u00f3 Juana Antonieta Z\u00fa\u00f1iga Urb\u00e1n, Cronista Municipal, y responsable de este espacio.<\/p>\n<p>El Taller de Artes Pl\u00e1sticas Manticora (TAPM), tiene m\u00e1s de una d\u00e9cada de vida, su objetivo primordial ha sido acercar el arte a la comunidad a trav\u00e9s de cursos, talleres, exposiciones, conferencias y eventos culturales, nace en el a\u00f1o 2004 en Tultepec Estado de M\u00e9xico y es creado por el Artista Pl\u00e1stico Agust\u00edn Cervantes M\u00e1rquez, egresado de la Academia de San Carlos y alumno del connotado pintor, Luis Nishizawa.<\/p>\n<p>Las actividades del TAPM est\u00e1n dirigidas al p\u00fablico en general de todas las edades, donde los estudiantes descubren sus habilidades art\u00edsticas a trav\u00e9s del manejo de la forma, el color y la textura, adem\u00e1s de conocer los procesos t\u00e9cnicos y las caracter\u00edsticas expresivas de los materiales como el \u00f3leo, acr\u00edlico, acuarela y pasta de papel mach\u00e9, entre otros.<\/p>\n<p>En el \u00e1nimo de ampliar la oferta de actividades que ofrece este centro de instrucci\u00f3n, este a\u00f1o se programaron diversos talleres con profesores invitados, para as\u00ed compartir nuevas experiencias creativas.\u00a0Para quienes deseen conocer m\u00e1s sobre este espacio y los talleres que ofrece, pueden visitar la p\u00e1gina en Facebook Taller Manticora.<\/p>\n<p>Los expositores, j\u00f3venes y adultos son: Alex Cervantes M\u00e1rquez, Sandra Villafa\u00f1a El\u00edas, Gloria Galindo L\u00f3pez, Casandra Garc\u00eda Moncayo, Fanny Paleo Ramos, Mariana G\u00f3mez Monroy, Irma Carranza L\u00f3pez, Edith Maciel S\u00e1nchez, Leticia P\u00e1ez D\u00edaz, Al\u00e1n S\u00e1nchez G\u00f3mez y Agust\u00edn Cervantes M\u00e1rquez.<\/p>\n<p>La administraci\u00f3n 2016-2018, comprometida con la cultura y la educaci\u00f3n, impulsa de manera decidida el desarrollo de la galer\u00eda ubicada en el kiosco municipal como el espacio ideal para la promoci\u00f3n de las manifestaciones art\u00edsticas de toda la ciudadan\u00eda de Tultepec, expres\u00f3 Ana Mar\u00eda Mazzoco Galv\u00e1n, S\u00edndico Municipal<\/p>\n","protected":false},"excerpt":{"rendered":"<p>Autoridades municipales, encabezadas por Ana Mar\u00eda Mazzoco Galv\u00e1n, s\u00edndico municipal, en representaci\u00f3n del alcalde Armando Portuguez Fuentes, inauguraron la exposici\u00f3n Manticora, abierta para todo el p\u00fablico en la Galer\u00eda del Kiosco, ubicada en el jard\u00edn principal del 11 de agosto y hasta el 5 de septiembre.<\/p>\n","protected":false},"author":3,"featured_media":389736,"comment_status":"open","ping_status":"open","sticky":false,"template":"","format":"standard","meta":{"_monsterinsights_skip_tracking":false,"_monsterinsights_sitenote_active":false,"_monsterinsights_sitenote_note":"","_monsterinsights_sitenote_category":0,"footnotes":""},"categories":[35155],"tags":[43675,47480,3802],"class_list":["post-389655","post","type-post","status-publish","format-standard","has-post-thumbnail","hentry","category-estado-de-mexico-estado-de-mexico","tag-estado-de-mexico","tag-inauguran","tag-tultepec"],"_links":{"self":[{"href":"https:\/\/www.diarioimagen.net\/index.php?rest_route=\/wp\/v2\/posts\/389655","targetHints":{"allow":["GET"]}}],"collection":[{"href":"https:\/\/www.diarioimagen.net\/index.php?rest_route=\/wp\/v2\/posts"}],"about":[{"href":"https:\/\/www.diarioimagen.net\/index.php?rest_route=\/wp\/v2\/types\/post"}],"author":[{"embeddable":true,"href":"https:\/\/www.diarioimagen.net\/index.php?rest_route=\/wp\/v2\/users\/3"}],"replies":[{"embeddable":true,"href":"https:\/\/www.diarioimagen.net\/index.php?rest_route=%2Fwp%2Fv2%2Fcomments&post=389655"}],"version-history":[{"count":0,"href":"https:\/\/www.diarioimagen.net\/index.php?rest_route=\/wp\/v2\/posts\/389655\/revisions"}],"wp:featuredmedia":[{"embeddable":true,"href":"https:\/\/www.diarioimagen.net\/index.php?rest_route=\/wp\/v2\/media\/389736"}],"wp:attachment":[{"href":"https:\/\/www.diarioimagen.net\/index.php?rest_route=%2Fwp%2Fv2%2Fmedia&parent=389655"}],"wp:term":[{"taxonomy":"category","embeddable":true,"href":"https:\/\/www.diarioimagen.net\/index.php?rest_route=%2Fwp%2Fv2%2Fcategories&post=389655"},{"taxonomy":"post_tag","embeddable":true,"href":"https:\/\/www.diarioimagen.net\/index.php?rest_route=%2Fwp%2Fv2%2Ftags&post=389655"}],"curies":[{"name":"wp","href":"https:\/\/api.w.org\/{rel}","templated":true}]}}