{"id":389657,"date":"2018-08-13T00:05:30","date_gmt":"2018-08-13T05:05:30","guid":{"rendered":"https:\/\/www.diarioimagen.net\/?p=389657"},"modified":"2018-08-13T05:14:25","modified_gmt":"2018-08-13T10:14:25","slug":"capacita-huixquilucan-a-sus-policias-en-perspectiva-de-genero-y-derechos-humanos","status":"publish","type":"post","link":"https:\/\/www.diarioimagen.net\/?p=389657","title":{"rendered":"Capacita Huixquilucan a sus polic\u00edas en perspectiva de g\u00e9nero y derechos humanos"},"content":{"rendered":"<ul>\n<li><strong><em>Conocimientos en materia t\u00e9cnica, t\u00e1ctica y acad\u00e9mica<\/em><\/strong><\/li>\n<\/ul>\n<p>&nbsp;<\/p>\n<div id=\"attachment_389739\" style=\"width: 470px\" class=\"wp-caption aligncenter\"><a href=\"https:\/\/www.diarioimagen.net\/?attachment_id=389739\" rel=\"attachment wp-att-389739\"><img loading=\"lazy\" decoding=\"async\" aria-describedby=\"caption-attachment-389739\" class=\"size-large wp-image-389739\" src=\"https:\/\/www.diarioimagen.net\/wp-content\/uploads\/2018\/08\/HUIXQUILUCAN-3431-460x259.jpg\" alt=\"\" width=\"460\" height=\"259\" srcset=\"https:\/\/www.diarioimagen.net\/wp-content\/uploads\/2018\/08\/HUIXQUILUCAN-3431-460x259.jpg 460w, https:\/\/www.diarioimagen.net\/wp-content\/uploads\/2018\/08\/HUIXQUILUCAN-3431-240x135.jpg 240w, https:\/\/www.diarioimagen.net\/wp-content\/uploads\/2018\/08\/HUIXQUILUCAN-3431-235x132.jpg 235w, https:\/\/www.diarioimagen.net\/wp-content\/uploads\/2018\/08\/HUIXQUILUCAN-3431-202x114.jpg 202w, https:\/\/www.diarioimagen.net\/wp-content\/uploads\/2018\/08\/HUIXQUILUCAN-3431-350x196.jpg 350w, https:\/\/www.diarioimagen.net\/wp-content\/uploads\/2018\/08\/HUIXQUILUCAN-3431-220x123.jpg 220w, https:\/\/www.diarioimagen.net\/wp-content\/uploads\/2018\/08\/HUIXQUILUCAN-3431-237x132.jpg 237w, https:\/\/www.diarioimagen.net\/wp-content\/uploads\/2018\/08\/HUIXQUILUCAN-3431.jpg 480w\" sizes=\"auto, (max-width: 460px) 100vw, 460px\" \/><\/a><p id=\"caption-attachment-389739\" class=\"wp-caption-text\">El gobierno de Huixquilucan imparti\u00f3 el taller \u201cPolic\u00eda, como actuar con perspectiva de g\u00e9nero y derechos humanos\u201d.<\/p><\/div>\n<p>&nbsp;<\/p>\n<p><strong>Huixquilucan, Estado de M\u00e9xico<\/strong>.- Para continuar con la capacitaci\u00f3n de los elementos de la Direcci\u00f3n de Seguridad P\u00fablica de Huixquilucan en temas de g\u00e9nero, se realiz\u00f3 el taller \u201cPolic\u00eda, como actuar con perspectiva de g\u00e9nero y derechos humanos\u201d, en el que se brindaron conocimientos en materia t\u00e9cnica, t\u00e1ctica y acad\u00e9mica para hacer m\u00e1s eficiente su trabajo.<\/p>\n<p>La subdirectora de atenci\u00f3n a la mujer de Huixquilucan, Irene Clemente Valencia, destac\u00f3 que la capacitaci\u00f3n servir\u00e1 para que los elementos identifiquen y sepan como actuar al atender situaciones de g\u00e9nero y as\u00ed erradicar la violencia contra la mujer.<\/p>\n<p>Coment\u00f3 que se est\u00e1n cumpliendo las indicaciones del presidente municipal de Huixquilucan, Enrique Vargas del Villar, de contar con personal de seguridad p\u00fablica que tenga una formaci\u00f3n integral y pueda actuar con estricto apego a la legalidad en actos donde se vean vulnerados los derechos de la mujer.<\/p>\n<p>En esta ocasi\u00f3n, los oficiales recibieron la preparaci\u00f3n para que al intervenir en alguna diligencia, siempre garanticen las condiciones de igualdad y no discriminaci\u00f3n por razones de g\u00e9nero.<\/p>\n<p>Los temas abordados en esta capacitaci\u00f3n se ejemplificaron en forma pr\u00e1ctica con experiencias del trabajo diario de los polic\u00edas, y con estos conocimientos, al atender alg\u00fan incidente de agresi\u00f3n a la mujer, tengan mecanismos alternativos de soluci\u00f3n de controversia.<\/p>\n","protected":false},"excerpt":{"rendered":"<p>Para continuar con la capacitaci\u00f3n de los elementos de la Direcci\u00f3n de Seguridad P\u00fablica de Huixquilucan en temas de g\u00e9nero, se realiz\u00f3 el taller \u201cPolic\u00eda, como actuar con perspectiva de g\u00e9nero y derechos humanos\u201d, en el que se brindaron conocimientos en materia t\u00e9cnica, t\u00e1ctica y acad\u00e9mica para hacer m\u00e1s eficiente su trabajo.<\/p>\n","protected":false},"author":3,"featured_media":389739,"comment_status":"open","ping_status":"open","sticky":false,"template":"","format":"standard","meta":{"_monsterinsights_skip_tracking":false,"_monsterinsights_sitenote_active":false,"_monsterinsights_sitenote_note":"","_monsterinsights_sitenote_category":0,"footnotes":""},"categories":[35155],"tags":[43675,25269,1097],"class_list":["post-389657","post","type-post","status-publish","format-standard","has-post-thumbnail","hentry","category-estado-de-mexico-estado-de-mexico","tag-estado-de-mexico","tag-genero","tag-huixquilucan"],"_links":{"self":[{"href":"https:\/\/www.diarioimagen.net\/index.php?rest_route=\/wp\/v2\/posts\/389657","targetHints":{"allow":["GET"]}}],"collection":[{"href":"https:\/\/www.diarioimagen.net\/index.php?rest_route=\/wp\/v2\/posts"}],"about":[{"href":"https:\/\/www.diarioimagen.net\/index.php?rest_route=\/wp\/v2\/types\/post"}],"author":[{"embeddable":true,"href":"https:\/\/www.diarioimagen.net\/index.php?rest_route=\/wp\/v2\/users\/3"}],"replies":[{"embeddable":true,"href":"https:\/\/www.diarioimagen.net\/index.php?rest_route=%2Fwp%2Fv2%2Fcomments&post=389657"}],"version-history":[{"count":0,"href":"https:\/\/www.diarioimagen.net\/index.php?rest_route=\/wp\/v2\/posts\/389657\/revisions"}],"wp:featuredmedia":[{"embeddable":true,"href":"https:\/\/www.diarioimagen.net\/index.php?rest_route=\/wp\/v2\/media\/389739"}],"wp:attachment":[{"href":"https:\/\/www.diarioimagen.net\/index.php?rest_route=%2Fwp%2Fv2%2Fmedia&parent=389657"}],"wp:term":[{"taxonomy":"category","embeddable":true,"href":"https:\/\/www.diarioimagen.net\/index.php?rest_route=%2Fwp%2Fv2%2Fcategories&post=389657"},{"taxonomy":"post_tag","embeddable":true,"href":"https:\/\/www.diarioimagen.net\/index.php?rest_route=%2Fwp%2Fv2%2Ftags&post=389657"}],"curies":[{"name":"wp","href":"https:\/\/api.w.org\/{rel}","templated":true}]}}