{"id":389688,"date":"2018-08-13T00:00:26","date_gmt":"2018-08-13T05:00:26","guid":{"rendered":"https:\/\/www.diarioimagen.net\/?p=389688"},"modified":"2018-08-13T02:43:08","modified_gmt":"2018-08-13T07:43:08","slug":"divide-opiniones-reaparicion-de-anaya","status":"publish","type":"post","link":"https:\/\/www.diarioimagen.net\/?p=389688","title":{"rendered":"Divide opiniones reaparici\u00f3n de Anaya"},"content":{"rendered":"<h2>La Retaguardia<\/h2>\n<h5>Adriana Moreno Cordero<\/h5>\n<p><em>\u00a0<\/em><\/p>\n<ul>\n<li><strong><em>Barbosa, \u00bfsuperdelegado o gobernador?<\/em><\/strong><\/li>\n<li><strong><em>Graco Ram\u00edrez sigue quitando recursos<\/em><\/strong><\/li>\n<\/ul>\n<p>&nbsp;<\/p>\n<p>La reaparici\u00f3n del excandidato presidencial de la coalici\u00f3n \u201cPor M\u00e9xico al Frente\u201d, <strong>Ricardo Anaya<\/strong>, dividi\u00f3 las opiniones, y eso que antes de plantarse ante la militancia panista, el otrora \u201cJoven Maravilla\u201d anunci\u00f3 que se reunir\u00e1 ni m\u00e1s ni menos que con el presidente electo, <strong>Andr\u00e9s Manuel L\u00f3pez Obrador<\/strong> y para tal fin, no necesit\u00f3 dejarse crecer la barba. Luego, reapareci\u00f3 ante sus correligionarios en el Consejo albiazul en el que <strong>Rafael Moreno Valle<\/strong>, supuso que ten\u00eda el control.<\/p>\n<p>Hasta el momento todo indica que el que va en la delantera para ocupar el liderazgo del PAN, es el coordinador de la bancada de este instituto pol\u00edtico en la C\u00e1mara de Diputados, <strong>Marko Cort\u00e9s<\/strong>, cercano a Anaya.<\/p>\n<p>Tal pareciera que el ex gobernador poblano, no las tiene todas consigo pues ayer, cuando el estado estaba en una relativa calma, se registr\u00f3 una multidinaria marcha de Morena, desde el Paseo Bravo hasta el Z\u00f3calo de esta entidad,\u00a0protestando por\u00a0el presunto fraude electoral que hiciera\u00a0 Moreno Valle, al imponer a\u00a0\u00a0 <strong>Martha Erika Alonso<\/strong> como gobernadora de Puebla. Se dice que el senador electo panista, ser\u00e1 el verdadero \u201csusurro tras el trono\u201d.<\/p>\n<p>La movilizaci\u00f3n estuvo encabezada por quien fuera candidato de Morena a esa posici\u00f3n, <strong>Luis Miguel Barbosa<\/strong>, de quien se hab\u00eda venido diciendo que ser\u00eda nombrado \u201csuperdelegado\u201d en el estado, para estar sobre Alonso, como una sombra, cuestionando cada movimiento de la gobernadora electa.<\/p>\n<p>Acompa\u00f1aron a Barbosa, entre otros, la dirigente de Morena, <strong>Yedickol Polevnsky, Horacio Duarte<\/strong> y <strong>Gerardo Fern\u00e1ndez Noro\u00f1a<\/strong>.<\/p>\n<p>Por cierto, por sus redes, la dirigente morenista, anunci\u00f3 que hab\u00eda asistido a la marcha porque es \u201cla \u00faltima batalla de Puebla contra el fraude electoral\u201d, de ah\u00ed que muchos se pregunten si acaso habr\u00eda alguna posibilidad de que se d\u00e9 marcha atr\u00e1s y Barbosa llegue.<\/p>\n<p>\u2018Por su parte, quien fuera candidato de Morena al gobierno poblano, emocionado ante tantos apoyos, subray\u00f3 que no se va a cansar ni a \u201crajar\u201d, ni a \u201cabrir\u201d, \u201chasta donde tope y con lo que tope\u201d.<\/p>\n<p>Ya no mencion\u00f3 el \u201cvoto por voto, casilla por casilla\u201d, sin embargo,\u00a0 prometi\u00f3 que nunca se va a rendir de denunciar el presunto fraude del que fue objeto. \u00bfSer\u00e1?<\/p>\n<p>No deja de llamar la atenci\u00f3n, por cierto, que el consejero, <strong>Jos\u00e9 Roberto Ruiz<\/strong>, por segunda ocasi\u00f3n, se quedara del lado de Morena. Cuesti\u00f3n de recordar que cuando se vino el esc\u00e1ndalo por el Fideicomiso de ese partido para supuestamente apoyar a los damnificados del sismo del pasado 19 de septiembre, el consejero Ruiz defendi\u00f3 \u201ca capa y espada\u201d al partido de L\u00f3pez Obrador.<\/p>\n<p>Ahora, en el caso de Puebla, de nueva cuenta, dicho consejero, cuestiona el resultado de esos comicios al asegurar que hubo fraude y violencia.<\/p>\n<p style=\"text-align: center;\"><strong>Municiones<\/strong><\/p>\n<p>*** Por las avenidas principales de Cuernavaca y varias ciudades de Morelos, han aparecido espectaculares en los que se puede ver que con el #MORELOSDIPUTADOSDEVERG\u00dcENZA, se lee,<\/p>\n<p>\u201cDiputados aprobaron salario vitalicio a Fiscal Anticorrupci\u00f3n. \u00bfY t\u00fa, tienes salario vitalicio?\u201d. Se trata de empresarios dedicados al Turismo en dicha entidad los que han lanzado esta campa\u00f1a porque el gobierno que encabeza <strong>Graco Ram\u00edrez<\/strong>, les ha quitado de la manera m\u00e1s impune, recursos. Incluso por espectacular, le preguntan al secretario de Hacienda local, <strong>Jorge Michel Luna<\/strong>, si le quit\u00f3 dinero a Promoci\u00f3n Tur\u00edstica del estado, \u201cporque vas de salida. \u00bfNo te Importa?\u201d<\/p>\n<p>*** Por sus redes, el presidente electo anunci\u00f3 que convers\u00f3 con <strong>Ricardo Monreal<\/strong>, senador electo que se perfila para ocupar la coordinaci\u00f3n de la bancada de Morena en el Senado de la Rep\u00fablica. Llama la atenci\u00f3n que el tabasque\u00f1o haya puesto \u201cprobable\u201d, pues es bien sabido que otro senador electo morenista, <strong>Mart\u00ed Batres<\/strong>, hace hasta lo imposible por quedarse \u00e9l con dicha coordinaci\u00f3n. En otra entrega, se consign\u00f3 en este mismo espacio que el ex gobernador zacatecano cuenta con las tablas suficientes y m\u00e1s para ocupar esa nueva responsabilidad.<\/p>\n<p>*** Y aprovechando las redes sociales, el tabasque\u00f1o reiter\u00f3 lo que ha dicho en diversos foros: que no dar\u00e1 \u201cl\u00ednea\u201d a los legisladores de su partido que se han constituido, por cierto, en una \u201caplanadora\u201d en el Congreso de la Uni\u00f3n. Esto, para acallar aquellas versiones de que el aplastante triunfo de Morena, lo convierte en el partido hegem\u00f3nico, como se vivi\u00f3 en el pasado con el PRI.<\/p>\n<p>*** Tan <strong>Elba Esther Gordillo<\/strong> regresar\u00e1 con todo a retomar el liderazgo del gremio magisterial, que ya solicit\u00f3 a las autoridades correspondientes que le devuelvan su pasaporte, por lo que puede inferirse que retomar\u00e1 el intenso ritmo de trabajo que ten\u00eda, antes de ser aprehendida en el aeropuerto de Toluca en el 2013. Demand\u00f3 adem\u00e1s a la Secretar\u00eda de Gobernaci\u00f3n, retirar las alertas migratorias que le imped\u00edan viajar al extranjero.<\/p>\n<p>*** <strong>Mar\u00eda de los Dolores Padierna<\/strong> particip\u00f3 en la Asamblea Nacional del Movimiento Nacional por la Esperanza, que dirige su esposo, <strong>Ren\u00e9 Juvenal Bejarano<\/strong>, que a\u00fan no acaba por salir a la escena para no revivir viejos y perjudiciales recuerdos. Dijo la experredista que ha trabajado en el Programa de Austeridad Republicana de la C\u00e1mara de Diputados.<\/p>\n<p>Se sabe que sigue la disputa por ver si ella o <strong>Mario Delgado<\/strong>, ocupan la coordinaci\u00f3n de la fracci\u00f3n de Morena en la C\u00e1mara Baja.<\/p>\n<p><a href=\"mailto:morcora@gmail.com\" target=\"_blank\" rel=\"noopener\"><em>morcora@gmail.com<\/em><\/a><\/p>\n","protected":false},"excerpt":{"rendered":"<p><span style=\"color: #005497;\"><strong>Adriana Moreno Cordero<\/strong><\/span><\/p>\n","protected":false},"author":3,"featured_media":0,"comment_status":"open","ping_status":"open","sticky":false,"template":"","format":"standard","meta":{"_monsterinsights_skip_tracking":false,"_monsterinsights_sitenote_active":false,"_monsterinsights_sitenote_note":"","_monsterinsights_sitenote_category":0,"footnotes":""},"categories":[69370],"tags":[69369,69368,43674],"class_list":["post-389688","post","type-post","status-publish","format-standard","hentry","category-adriana-moreno-cordero","tag-adriana-moreno-cordero","tag-la-retaguardia","tag-opinion"],"_links":{"self":[{"href":"https:\/\/www.diarioimagen.net\/index.php?rest_route=\/wp\/v2\/posts\/389688","targetHints":{"allow":["GET"]}}],"collection":[{"href":"https:\/\/www.diarioimagen.net\/index.php?rest_route=\/wp\/v2\/posts"}],"about":[{"href":"https:\/\/www.diarioimagen.net\/index.php?rest_route=\/wp\/v2\/types\/post"}],"author":[{"embeddable":true,"href":"https:\/\/www.diarioimagen.net\/index.php?rest_route=\/wp\/v2\/users\/3"}],"replies":[{"embeddable":true,"href":"https:\/\/www.diarioimagen.net\/index.php?rest_route=%2Fwp%2Fv2%2Fcomments&post=389688"}],"version-history":[{"count":0,"href":"https:\/\/www.diarioimagen.net\/index.php?rest_route=\/wp\/v2\/posts\/389688\/revisions"}],"wp:attachment":[{"href":"https:\/\/www.diarioimagen.net\/index.php?rest_route=%2Fwp%2Fv2%2Fmedia&parent=389688"}],"wp:term":[{"taxonomy":"category","embeddable":true,"href":"https:\/\/www.diarioimagen.net\/index.php?rest_route=%2Fwp%2Fv2%2Fcategories&post=389688"},{"taxonomy":"post_tag","embeddable":true,"href":"https:\/\/www.diarioimagen.net\/index.php?rest_route=%2Fwp%2Fv2%2Ftags&post=389688"}],"curies":[{"name":"wp","href":"https:\/\/api.w.org\/{rel}","templated":true}]}}