{"id":389690,"date":"2018-08-13T00:01:25","date_gmt":"2018-08-13T05:01:25","guid":{"rendered":"https:\/\/www.diarioimagen.net\/?p=389690"},"modified":"2018-08-13T02:46:48","modified_gmt":"2018-08-13T07:46:48","slug":"los-coordinadores-de-amlo","status":"publish","type":"post","link":"https:\/\/www.diarioimagen.net\/?p=389690","title":{"rendered":"Los coordinadores de AMLO"},"content":{"rendered":"<h2>Derecho de r\u00e9plica<\/h2>\n<p>&nbsp;<\/p>\n<ul>\n<li><strong><em>Juanita Alonso, Ruby Maribel Canto, Henry Mart\u00ednez y Manuel Aguilar apoyar\u00e1n a Arturo Abreu<\/em><\/strong><\/li>\n<\/ul>\n<p>&nbsp;<\/p>\n<p>&nbsp;<\/p>\n<p>El fin de semana se conocieron los nombres de quienes ser\u00e1n los coordinadores regionales en Quintana Roo por parte del pr\u00f3ximo gobierno federal y los encargados de vigilar que los programas y dineros que la administraci\u00f3n de Andr\u00e9s Manuel L\u00f3pez Obrador destine a Quintana Roo.<\/p>\n<p>En reuni\u00f3n en la Ciudad de M\u00e9xico, que encabez\u00f3 L\u00f3pez Obrador, se revel\u00f3 que Juanita Alonso Marrufo, Ruby Maribel Canto Rosado, Henry Mart\u00ednez Aguilar y Manuel Aguilar Ortega, ser\u00e1n quienes apoyen el trabajo de quien ser\u00e1 coordinador en Quintana Roo, Arturo Abreu Mar\u00edn.<\/p>\n<p style=\"text-align: center;\"><strong>Qui\u00e9n es qui\u00e9n<\/strong><\/p>\n<p>Ruby Maribel Canto Rosado, quien particip\u00f3 en la contienda electoral pasada como suplente de Mildred \u00c1vila, la ahora diputada electa, por el Distrito 3 (Benito Ju\u00e1rez) despachar\u00e1 desde Canc\u00fan.<\/p>\n<p>Henry Mart\u00ednez Aguilar, que fue representante de Morena ante el INE en el Distrito 1 federal, ser\u00e1 coordinador desde Solidaridad, donde tendr\u00e1 una aliada natural en Laura Beristain.<\/p>\n<p>Juanita Alonso Marrufo, la que contendi\u00f3 y perdi\u00f3 la elecci\u00f3n a la presidencia municipal de Cozumel, tendr\u00e1 su sede en la Isla de las Golondrinas.<\/p>\n<p>Donde parece que se le \u201cchispote\u00f3\u201d a AMLO, fue al nombrar como coordinador desde Oth\u00f3n P. Blanco, que abarcar\u00e1 tambi\u00e9n Bacalar, es al ex secretario de Salud, Manuel Aguilar Ortega, pri\u00edsta que ocup\u00f3 diversos cargos en los sexenios de F\u00e9lix Gonz\u00e1lez Canto y Roberto Borge, al que le llov\u00edan, como man\u00e1 a los israelitas, acusaciones de corrupci\u00f3n de todo tipo.<\/p>\n<p>En la campa\u00f1a del 2016, el doctor Aguilar Ortega fue coordinador en OPB del candidato pri\u00edsta a la gubernatura, Mauricio G\u00f3ngora, y de la aspirante a presidenta municipal, Arlet M\u00f3lgora, en Chetumal. Pero bueno, ser\u00e1n estos personajes, delegados, que tendr\u00e1n las riendas de los programas federales y ser\u00e1n el enlace directo con la federaci\u00f3n y tendr\u00e1n el poder de entre los que creen tenerlo.<\/p>\n<p>En cuanto al quinto nombre del que despachar\u00e1 desde Felipe Carrillo Puerto, a\u00fan est\u00e1 pendiente, pues saldr\u00e1 en consenso con el pueblo maya.<\/p>\n<p style=\"text-align: center;\"><strong>Piden trato fronterizo<\/strong><\/p>\n<p>El presidente de la Canaco-Servytur- Chetumal-Tulum, Eloy Quintal Jim\u00e9nez, demand\u00f3 que \u201ctanto el gobierno federal como estatal, estimulen el desarrollo econ\u00f3mico con incentivos fiscales, como el 8% en la frontera y se fortalezca la industria local de bajo impacto y acorde a la naturaleza y potencial regional, tanto en el ramo forestal, agr\u00edcola y tecnol\u00f3gico, eso, porque el incremento a los costos de las gasolinas le impacta de forma importante a la zona, por la lejan\u00eda y lo que representa en el transporte de mercanc\u00edas.<\/p>\n<p>\u201cChetumal, por su posici\u00f3n geogr\u00e1fica, es de las m\u00e1s afectadas por concepto de este tipo de aumentos, que se refleja en los fletes de carga\u201d, puntualiz\u00f3 el dirigente empresarial.<\/p>\n<p>Aunque en teor\u00eda el precio de la gasolina se rige conforme al mercado desde noviembre pasado, el precio todav\u00eda est\u00e1 desfasado, de acuerdo a los principales referentes comerciales de M\u00e9xico, ya que el ajuste, aunque ha sido hacia el alza, todav\u00eda est\u00e1 por debajo de los incrementos internacionales.<\/p>\n<p>El principal factor inflacionario en Chetumal a lo largo del a\u00f1o, ha sido la gasolina, que en el caso de la Magna, se increment\u00f3 10.48 por ciento, al pasar de 16.82 pesos a principios de a\u00f1o a 18.79 a este mes de agosto, en tanto que la Premium aument\u00f3 16.57 por ciento en igual per\u00edodo, al pasar de 18.45 a 22.22 pesos, conforme a los registros que levanta desde este a\u00f1o la Canaco-Servytur-Chetumal-Tulum.<\/p>\n<p style=\"text-align: center;\"><strong>Todo es caro en Chetumal<\/strong><\/p>\n<p>Conforme a los registros del INEGI, Chetumal es una de las ciudades con mayor inflaci\u00f3n acumulada en el pa\u00eds.<\/p>\n<p>Los incrementos de precios m\u00e1s significativos registrados durante julio de 2018, fueron los siguientes bienes y servicios: gasolina de bajo octanaje; tomate verde; jitomate; papa y otros tub\u00e9rculos; loncher\u00edas, fondas, torter\u00edas y taquer\u00edas; servicios tur\u00edsticos en paquete; vivienda propia; manzana; naranja y cebolla. El impacto de estos aumentos fue parcialmente contrarrestado por la baja de los precios de: pollo; huevo; uva; blusas y playeras para mujer; guayaba; pasta dental; pantalones para mujer; frijol; durazno y mel\u00f3n.<\/p>\n<p style=\"text-align: center;\"><strong>De Canc\u00fan a Estambul<\/strong><\/p>\n<p>Esta ciudad se convertir\u00e1 en la primera de M\u00e9xico, y la s\u00e9ptima de Latinoam\u00e9rica, con vuelos directos a Estambul, mediante la aerol\u00ednea turca Turkish Airlines, anunci\u00f3 el gobierno del estado.<\/p>\n<p>De acuerdo con la aerol\u00ednea, ha decidido operar vuelos programados a Canc\u00fan, como parte de un ambicioso plan de expansi\u00f3n internacional, reflejado tambi\u00e9n con la construcci\u00f3n del nuevo Aeropuerto Internacional de Estambul-Yeni Havalimani y la adquisici\u00f3n de nuevas aeronaves de fuselaje ancho.<\/p>\n<p style=\"text-align: center;\"><strong>SEyC a\u00fan no se re\u00fane con equipo de transici\u00f3n <\/strong><\/p>\n<p>La secretaria de Educaci\u00f3n y Cultura de la entidad, Ana Isabel V\u00e1zquez Jim\u00e9nez, se\u00f1al\u00f3 que a\u00fan no se re\u00fane con el equipo de transici\u00f3n del Presidente electo, Andr\u00e9s Manuel L\u00f3pez Obrador, para evaluar las propuesta de cambios que se har\u00e1n, por lo que estima que se lograr\u00e1 un acuerdo a m\u00e1s tardar en octubre.<\/p>\n<p>En exclusiva para DIARIO IMAGEN, la titular de la SEyC precis\u00f3 que a\u00fan no han sido convocados por quien ser\u00e1 titular de la SEP, Esteban Moctezuma Barrag\u00e1n, para sentarse a trabajar sobre las modificaciones constitucionales al Art\u00edculo Tercero, que anunci\u00f3 el Presidente electo, Andr\u00e9s Manuel L\u00f3pez Obrador, que echar\u00eda abajo la reforma educativa del 2013 y que tiene descontento a la mayor\u00eda del magisterio del pa\u00eds.<\/p>\n<p>Es probable, agreg\u00f3 que en octubre se estar\u00edan reuniendo con Esteban Moctezuma Barrag\u00e1n, ya que primero empezaron con los gobernadores agrupados en la Conago y posteriormente acudir\u00e1n a reuniones regionales para tratar el tema de la reforma educativa.<\/p>\n<p>En tanto, se\u00f1al\u00f3 la evaluaci\u00f3n 2018-2019 a m\u00e1s de 2 mil 700 docentes seleccionados en todo al estado (de m\u00e1s de 20 a\u00f1os de servicio) contin\u00faa su proceso normal, tal y como lo estipulan los lineamientos del Servicio Profesional Docente.<\/p>\n<p>En este sentido, V\u00e1zquez Jim\u00e9nez afirm\u00f3 que se termin\u00f3 el proceso de notificaci\u00f3n a m\u00e1s de 2 mil 700 maestros y al mismo tiempo arrancaron los cursos de actualizaci\u00f3n, que les servir\u00e1 a los docentes para prepararse y acreditar la evaluaci\u00f3n de permanencia, conforme lo estipula la nueva Ley Federal de Educaci\u00f3n.<\/p>\n<p>Sin embargo, pese a ser un curso gratuito que el gobierno otorga en apoyo a los docentes por primera vez en Quintana Roo, la asistencia fue casi al 50%, ya que la mayor\u00eda de los mentores apenas fueron notificados el pasado viernes, cuando se realizaba la quinta sesi\u00f3n de los cursos del nuevo modelo educativo.<\/p>\n","protected":false},"excerpt":{"rendered":"<p><span style=\"color: #005497;\"><strong>Derecho de r\u00e9plica<\/strong><\/span><\/p>\n","protected":false},"author":3,"featured_media":0,"comment_status":"open","ping_status":"open","sticky":false,"template":"","format":"standard","meta":{"_monsterinsights_skip_tracking":false,"_monsterinsights_sitenote_active":false,"_monsterinsights_sitenote_note":"","_monsterinsights_sitenote_category":0,"footnotes":""},"categories":[62907],"tags":[47840,43674],"class_list":["post-389690","post","type-post","status-publish","format-standard","hentry","category-derecho-de-replica","tag-derecho-de-replica","tag-opinion"],"_links":{"self":[{"href":"https:\/\/www.diarioimagen.net\/index.php?rest_route=\/wp\/v2\/posts\/389690","targetHints":{"allow":["GET"]}}],"collection":[{"href":"https:\/\/www.diarioimagen.net\/index.php?rest_route=\/wp\/v2\/posts"}],"about":[{"href":"https:\/\/www.diarioimagen.net\/index.php?rest_route=\/wp\/v2\/types\/post"}],"author":[{"embeddable":true,"href":"https:\/\/www.diarioimagen.net\/index.php?rest_route=\/wp\/v2\/users\/3"}],"replies":[{"embeddable":true,"href":"https:\/\/www.diarioimagen.net\/index.php?rest_route=%2Fwp%2Fv2%2Fcomments&post=389690"}],"version-history":[{"count":0,"href":"https:\/\/www.diarioimagen.net\/index.php?rest_route=\/wp\/v2\/posts\/389690\/revisions"}],"wp:attachment":[{"href":"https:\/\/www.diarioimagen.net\/index.php?rest_route=%2Fwp%2Fv2%2Fmedia&parent=389690"}],"wp:term":[{"taxonomy":"category","embeddable":true,"href":"https:\/\/www.diarioimagen.net\/index.php?rest_route=%2Fwp%2Fv2%2Fcategories&post=389690"},{"taxonomy":"post_tag","embeddable":true,"href":"https:\/\/www.diarioimagen.net\/index.php?rest_route=%2Fwp%2Fv2%2Ftags&post=389690"}],"curies":[{"name":"wp","href":"https:\/\/api.w.org\/{rel}","templated":true}]}}