{"id":389839,"date":"2018-08-14T00:11:33","date_gmt":"2018-08-14T05:11:33","guid":{"rendered":"https:\/\/www.diarioimagen.net\/?p=389839"},"modified":"2018-08-14T04:56:40","modified_gmt":"2018-08-14T09:56:40","slug":"estudiantes-de-67-municipios-en-universidad-intercultural","status":"publish","type":"post","link":"https:\/\/www.diarioimagen.net\/?p=389839","title":{"rendered":"Estudiantes de 67 municipios en Universidad Intercultural"},"content":{"rendered":"<h2>Arco Norte<\/h2>\n<h5>Jos\u00e9 Luis Monta\u00f1ez Aguilar<\/h5>\n<p>&nbsp;<\/p>\n<p><a href=\"https:\/\/www.diarioimagen.net\/?attachment_id=389947\" rel=\"attachment wp-att-389947\"><img loading=\"lazy\" decoding=\"async\" class=\"aligncenter size-large wp-image-389947\" src=\"https:\/\/www.diarioimagen.net\/wp-content\/uploads\/2018\/08\/arco-3432-460x259.jpg\" alt=\"\" width=\"460\" height=\"259\" srcset=\"https:\/\/www.diarioimagen.net\/wp-content\/uploads\/2018\/08\/arco-3432-460x259.jpg 460w, https:\/\/www.diarioimagen.net\/wp-content\/uploads\/2018\/08\/arco-3432-240x135.jpg 240w, https:\/\/www.diarioimagen.net\/wp-content\/uploads\/2018\/08\/arco-3432-235x132.jpg 235w, https:\/\/www.diarioimagen.net\/wp-content\/uploads\/2018\/08\/arco-3432-202x114.jpg 202w, https:\/\/www.diarioimagen.net\/wp-content\/uploads\/2018\/08\/arco-3432-350x196.jpg 350w, https:\/\/www.diarioimagen.net\/wp-content\/uploads\/2018\/08\/arco-3432-220x123.jpg 220w, https:\/\/www.diarioimagen.net\/wp-content\/uploads\/2018\/08\/arco-3432-237x132.jpg 237w, https:\/\/www.diarioimagen.net\/wp-content\/uploads\/2018\/08\/arco-3432.jpg 480w\" sizes=\"auto, (max-width: 460px) 100vw, 460px\" \/><\/a><\/p>\n<p>&nbsp;<\/p>\n<p>Con el objetivo de formar profesionistas solidarios y comprometidos con el desarrollo econ\u00f3mico, social y cultural de las comunidades de la entidad y del pa\u00eds, la Universidad Intercultural del Estado de M\u00e9xico (UIEM), inici\u00f3 el ciclo escolar 2018-2019, con una matr\u00edcula de m\u00e1s de mil estudiantes en sus dos planteles, San Felipe del Progreso y Tepetlixpa.<\/p>\n<p>Los estudiantes de nuevo ingreso, provenientes de 67 municipios mexiquenses como Jocotitl\u00e1n, El Oro, Temascalcingo, Donato Guerra, Aculco, Temascaltepec y Ocuilan, adem\u00e1s de 10 estados de la Rep\u00fablica mexicana, entre ellos Michoac\u00e1n, Oaxaca, Guerrero, Ciudad de M\u00e9xico, Puebla, Morelos y Quer\u00e9taro, recibieron la bienvenida a este recinto educativo por parte del personal docente y administrativo de esta Universidad.<\/p>\n<p>El rector de la UIEM, An\u00edbal Alberto Mej\u00eda Guadarrama, exhort\u00f3 a los docentes, personal administrativo y estudiantes, a sumarse al equipo de trabajo encabezado por el gobernador, Alfredo Del Mazo Maza, quien busca consolidar una educaci\u00f3n de calidad para los estudiantes mexiquenses, que les permita alcanzar una mejor calidad de vida.<\/p>\n<p>De la matr\u00edcula total de los estudiantes que iniciaron sus cursos, 67 por ciento son mujeres y 33 por ciento hombres; adem\u00e1s, 73 por ciento de los alumnos son hablantes de alguna lengua originaria: 56 por ciento mazahua, 9 por ciento otom\u00ed, 7 por ciento n\u00e1huatl y el 1 por ciento restante se encuentra dentro de las lenguas matlazinca, tlahuica, huasteco y tarahumara, detall\u00f3 Mej\u00eda Guadarrama.<\/p>\n<p>La oferta educativa de la Universidad Intercultural consta de seis licenciaturas: Salud Intercultural, Lengua y Cultura, Enfermer\u00eda Intercultural, Comunicaci\u00f3n Intercultural, Desarrollo Sustentable, y Arte y Dise\u00f1o Intercultural.<\/p>\n<p>Tambi\u00e9n cuentan con su propia Cl\u00ednica Escuela de Salud Intercultural que al mes otorga mil 200 consultas y ofrece 19 servicios a la comunidad del norte de la entidad entre los que destacan salud emocional, medicina tradicional mesoamericana, control prenatal y parter\u00eda, pr\u00e1cticas de crianza y estimulaci\u00f3n temprana, masaje terap\u00e9utico, fitoterapia, acupuntura, temazcal, laboratorio cl\u00ednico, rayos x y ultrasonido, entre otros.<\/p>\n<p><em><a href=\"mailto:montanezaguilar@gmail.com\" target=\"_blank\" rel=\"noopener\">montanezaguilar@gmail.com<\/a><\/em><\/p>\n","protected":false},"excerpt":{"rendered":"<p><span style=\"color: #005497;\">Jos\u00e9 Luis Monta\u00f1ez Aguilar<\/span><br \/>\n<br \/>\nCon el objetivo de formar profesionistas solidarios y comprometidos con el desarrollo econ\u00f3mico, social y cultural de las comunidades de la entidad y del pa\u00eds, la Universidad Intercultural del Estado de M\u00e9xico (UIEM), inici\u00f3 el ciclo escolar 2018-2019, con una matr\u00edcula de m\u00e1s de mil estudiantes en sus dos planteles, San Felipe del Progreso y Tepetlixpa.<\/p>\n","protected":false},"author":3,"featured_media":389947,"comment_status":"open","ping_status":"open","sticky":false,"template":"","format":"standard","meta":{"_monsterinsights_skip_tracking":false,"_monsterinsights_sitenote_active":false,"_monsterinsights_sitenote_note":"","_monsterinsights_sitenote_category":0,"footnotes":""},"categories":[5],"tags":[13284,43704,43674],"class_list":["post-389839","post","type-post","status-publish","format-standard","has-post-thumbnail","hentry","category-estado-de-mexico","tag-arco-norte","tag-jose-luis-montanez-aguilar","tag-opinion"],"_links":{"self":[{"href":"https:\/\/www.diarioimagen.net\/index.php?rest_route=\/wp\/v2\/posts\/389839","targetHints":{"allow":["GET"]}}],"collection":[{"href":"https:\/\/www.diarioimagen.net\/index.php?rest_route=\/wp\/v2\/posts"}],"about":[{"href":"https:\/\/www.diarioimagen.net\/index.php?rest_route=\/wp\/v2\/types\/post"}],"author":[{"embeddable":true,"href":"https:\/\/www.diarioimagen.net\/index.php?rest_route=\/wp\/v2\/users\/3"}],"replies":[{"embeddable":true,"href":"https:\/\/www.diarioimagen.net\/index.php?rest_route=%2Fwp%2Fv2%2Fcomments&post=389839"}],"version-history":[{"count":0,"href":"https:\/\/www.diarioimagen.net\/index.php?rest_route=\/wp\/v2\/posts\/389839\/revisions"}],"wp:featuredmedia":[{"embeddable":true,"href":"https:\/\/www.diarioimagen.net\/index.php?rest_route=\/wp\/v2\/media\/389947"}],"wp:attachment":[{"href":"https:\/\/www.diarioimagen.net\/index.php?rest_route=%2Fwp%2Fv2%2Fmedia&parent=389839"}],"wp:term":[{"taxonomy":"category","embeddable":true,"href":"https:\/\/www.diarioimagen.net\/index.php?rest_route=%2Fwp%2Fv2%2Fcategories&post=389839"},{"taxonomy":"post_tag","embeddable":true,"href":"https:\/\/www.diarioimagen.net\/index.php?rest_route=%2Fwp%2Fv2%2Ftags&post=389839"}],"curies":[{"name":"wp","href":"https:\/\/api.w.org\/{rel}","templated":true}]}}