{"id":390019,"date":"2018-08-15T00:10:43","date_gmt":"2018-08-15T05:10:43","guid":{"rendered":"https:\/\/www.diarioimagen.net\/?p=390019"},"modified":"2018-08-15T00:36:44","modified_gmt":"2018-08-15T05:36:44","slug":"se-elevan-multas-para-vehiculos-que-invadan-carriles-del-mexibus","status":"publish","type":"post","link":"https:\/\/www.diarioimagen.net\/?p=390019","title":{"rendered":"Mayor multa para quien invada carril del Mexib\u00fas"},"content":{"rendered":"<h2>Arco Norte<\/h2>\n<h5>Jos\u00e9 Luis Monta\u00f1ez Aguilar<\/h5>\n<p>&nbsp;<\/p>\n<div id=\"attachment_390020\" style=\"width: 470px\" class=\"wp-caption aligncenter\"><img loading=\"lazy\" decoding=\"async\" aria-describedby=\"caption-attachment-390020\" class=\"size-large wp-image-390020\" src=\"https:\/\/www.diarioimagen.net\/wp-content\/uploads\/2018\/08\/MEXIBUS15-portal-460x268.jpg\" alt=\"\" width=\"460\" height=\"268\" srcset=\"https:\/\/www.diarioimagen.net\/wp-content\/uploads\/2018\/08\/MEXIBUS15-portal-460x268.jpg 460w, https:\/\/www.diarioimagen.net\/wp-content\/uploads\/2018\/08\/MEXIBUS15-portal-240x140.jpg 240w, https:\/\/www.diarioimagen.net\/wp-content\/uploads\/2018\/08\/MEXIBUS15-portal.jpg 480w\" sizes=\"auto, (max-width: 460px) 100vw, 460px\" \/><p id=\"caption-attachment-390020\" class=\"wp-caption-text\">Elevar\u00e1n las multas para los veh\u00edculos que invadan el carril exclusivo del sistema Mexib\u00fas.<\/p><\/div>\n<p>&nbsp;<\/p>\n<p>&nbsp;<\/p>\n<p>El gobierno del Estado de M\u00e9xico incrementar\u00e1 las multas para los veh\u00edculos que invadan el carril exclusivo del sistema Mexib\u00fas.<\/p>\n<p>Jorge Barreiro Estrada, director del Sistema de Transporte Masivo y Telef\u00e9rico del Edomex, indic\u00f3 que el ajuste se realizar\u00e1 mediante una reforma al Reglamento de Tr\u00e1nsito estatal.<\/p>\n<p>Actualmente, el Reglamento establece en sus art\u00edculos 90, 100 y 118 las sanciones por no respetar el carril confinado del Mexib\u00fas, que van de tres a cinco d\u00edas de salario m\u00ednimo, es decir, de 240 a 400 pesos.<\/p>\n<p>Sin embargo, la reforma propuesta, que podr\u00eda entrar en vigor en septiembre, establece las nuevas sanciones, mismas que van de las 20 a las 40 Unidades de Medida y Actualizaci\u00f3n (UMA\u2019s).<\/p>\n<p>Considerando que la UMA tiene un valor de 80.60 pesos en el Estado de M\u00e9xico, las multas por obstruir o invadir el carril confinado van de 1 mil 612 hasta 3 mil 224 pesos.<\/p>\n<p>La medida tiene como objetivo que los veh\u00edculos dejen de invadir el carril, pues esta condici\u00f3n genera percances o choques que retrasan o impiden el paso de las unidades del transporte masivo.<\/p>\n<p>&nbsp;<\/p>\n<p style=\"text-align: center;\"><strong>Abre centro de atenci\u00f3n y servicios en beneficio de la mujer<\/strong><\/p>\n<p>Para brindar un mejor servicio a los mexiquenses, el secretario de Desarrollo Social, Eric Sevilla Montes de Oca, inaugur\u00f3 el Centro de Atenci\u00f3n y Servicios del Consejo Estatal de la Mujer y Bienestar Social (CEMyBS).<\/p>\n<p>En las nuevas instalaciones, ubicadas en Avenida Jos\u00e9 Mar\u00eda Morelos y Pav\u00f3n n\u00famero 116, colonia San Bernardino, en Toluca, Estado de M\u00e9xico, estar\u00e1n operando los tres programas eje de la administraci\u00f3n del gobernador Alfredo Del Mazo Maza: Familias Fuertes Salario Rosa, Personas Adultas Mayores y Mujeres Adolescentes Embarazadas.<\/p>\n<p>Con esta ampliaci\u00f3n se brindar\u00e1 resoluci\u00f3n inmediata a las inquietudes que presenten las personas inscritas a los programas, o bien de aquellas que deseen integrarse a los ya mencionados, as\u00ed como acercarles beneficios y apoyos de otras \u00e1reas de gobierno.<\/p>\n<p>Es importante referir que este modelo de servicio tambi\u00e9n estar\u00e1 operando en el Valle de M\u00e9xico y la zona oriente de la entidad.<\/p>\n<p>Durante la inauguraci\u00f3n, el Secretario, acompa\u00f1ado de la Vocal Ejecutiva del CEMyBS, Melissa Vargas Camacho, realiz\u00f3 un recorrido para supervisar y conocer las diferentes \u00e1reas que estar\u00e1n ofreciendo servicios a la poblaci\u00f3n, entre los que se encuentran tambi\u00e9n asesor\u00edas psicol\u00f3gicas, legales y de trabajo social.<\/p>\n<p>Cabe destacar que con esta acci\u00f3n se cumple la instrucci\u00f3n emitida por el Ejecutivo estatal, acerca de tener una pol\u00edtica social focalizada, transversal, incluyente e integral, contribuyendo as\u00ed a brindar atenci\u00f3n al p\u00fablico de manera personalizada y orientada a satisfacer las necesidades de quienes menos tienen.<\/p>\n<p><em><a href=\"mailto:montanezaguilar@gmail.com\" target=\"_blank\" rel=\"noopener\">montanezaguilar@gmail.com<\/a><\/em><\/p>\n","protected":false},"excerpt":{"rendered":"<p><span style=\"color: #005497;\">Jos\u00e9 Luis Monta\u00f1ez Aguilar<\/span><br \/>\n<br \/>\nEl gobierno del Estado de M\u00e9xico incrementar\u00e1 las multas para los veh\u00edculos que invadan el carril exclusivo del sistema Mexib\u00fas. Jorge Barreiro Estrada, director del Sistema de Transporte Masivo y Telef\u00e9rico del Edomex, indic\u00f3 que el ajuste se realizar\u00e1 mediante una reforma al Reglamento de Tr\u00e1nsito estatal.<\/p>\n","protected":false},"author":5,"featured_media":390020,"comment_status":"open","ping_status":"open","sticky":false,"template":"","format":"standard","meta":{"_monsterinsights_skip_tracking":false,"_monsterinsights_sitenote_active":false,"_monsterinsights_sitenote_note":"","_monsterinsights_sitenote_category":0,"footnotes":""},"categories":[5],"tags":[77045],"class_list":["post-390019","post","type-post","status-publish","format-standard","has-post-thumbnail","hentry","category-estado-de-mexico","tag-carriles-del-mexibus"],"_links":{"self":[{"href":"https:\/\/www.diarioimagen.net\/index.php?rest_route=\/wp\/v2\/posts\/390019","targetHints":{"allow":["GET"]}}],"collection":[{"href":"https:\/\/www.diarioimagen.net\/index.php?rest_route=\/wp\/v2\/posts"}],"about":[{"href":"https:\/\/www.diarioimagen.net\/index.php?rest_route=\/wp\/v2\/types\/post"}],"author":[{"embeddable":true,"href":"https:\/\/www.diarioimagen.net\/index.php?rest_route=\/wp\/v2\/users\/5"}],"replies":[{"embeddable":true,"href":"https:\/\/www.diarioimagen.net\/index.php?rest_route=%2Fwp%2Fv2%2Fcomments&post=390019"}],"version-history":[{"count":0,"href":"https:\/\/www.diarioimagen.net\/index.php?rest_route=\/wp\/v2\/posts\/390019\/revisions"}],"wp:featuredmedia":[{"embeddable":true,"href":"https:\/\/www.diarioimagen.net\/index.php?rest_route=\/wp\/v2\/media\/390020"}],"wp:attachment":[{"href":"https:\/\/www.diarioimagen.net\/index.php?rest_route=%2Fwp%2Fv2%2Fmedia&parent=390019"}],"wp:term":[{"taxonomy":"category","embeddable":true,"href":"https:\/\/www.diarioimagen.net\/index.php?rest_route=%2Fwp%2Fv2%2Fcategories&post=390019"},{"taxonomy":"post_tag","embeddable":true,"href":"https:\/\/www.diarioimagen.net\/index.php?rest_route=%2Fwp%2Fv2%2Ftags&post=390019"}],"curies":[{"name":"wp","href":"https:\/\/api.w.org\/{rel}","templated":true}]}}