{"id":390102,"date":"2018-08-15T00:08:28","date_gmt":"2018-08-15T05:08:28","guid":{"rendered":"https:\/\/www.diarioimagen.net\/?p=390102"},"modified":"2018-08-15T08:51:18","modified_gmt":"2018-08-15T13:51:18","slug":"metepec-entregara-amplio-paquete-de-obra-publica","status":"publish","type":"post","link":"https:\/\/www.diarioimagen.net\/?p=390102","title":{"rendered":"Metepec entregar\u00e1 amplio paquete de obra p\u00fablica"},"content":{"rendered":"<ul>\n<li><strong><em>Antes de diciembre<\/em><\/strong><\/li>\n<\/ul>\n<p>&nbsp;<\/p>\n<div id=\"attachment_390169\" style=\"width: 470px\" class=\"wp-caption aligncenter\"><a href=\"https:\/\/www.diarioimagen.net\/?attachment_id=390169\" rel=\"attachment wp-att-390169\"><img loading=\"lazy\" decoding=\"async\" aria-describedby=\"caption-attachment-390169\" class=\"size-large wp-image-390169\" src=\"https:\/\/www.diarioimagen.net\/wp-content\/uploads\/2018\/08\/METEPEC-3433-460x259.jpg\" alt=\"\" width=\"460\" height=\"259\" srcset=\"https:\/\/www.diarioimagen.net\/wp-content\/uploads\/2018\/08\/METEPEC-3433-460x259.jpg 460w, https:\/\/www.diarioimagen.net\/wp-content\/uploads\/2018\/08\/METEPEC-3433-240x135.jpg 240w, https:\/\/www.diarioimagen.net\/wp-content\/uploads\/2018\/08\/METEPEC-3433-235x132.jpg 235w, https:\/\/www.diarioimagen.net\/wp-content\/uploads\/2018\/08\/METEPEC-3433-202x114.jpg 202w, https:\/\/www.diarioimagen.net\/wp-content\/uploads\/2018\/08\/METEPEC-3433-350x196.jpg 350w, https:\/\/www.diarioimagen.net\/wp-content\/uploads\/2018\/08\/METEPEC-3433-220x123.jpg 220w, https:\/\/www.diarioimagen.net\/wp-content\/uploads\/2018\/08\/METEPEC-3433-237x132.jpg 237w, https:\/\/www.diarioimagen.net\/wp-content\/uploads\/2018\/08\/METEPEC-3433.jpg 480w\" sizes=\"auto, (max-width: 460px) 100vw, 460px\" \/><\/a><p id=\"caption-attachment-390169\" class=\"wp-caption-text\">Metepec cumplir\u00e1 en su totalidad compromisos con la ciudadan\u00eda, entre ellos, con la entrega de diversa obra p\u00fablica antes de finalizar la gesti\u00f3n el 31 de diciembre.<\/p><\/div>\n<p>&nbsp;<\/p>\n<p><strong>Metepec, Estado de M\u00e9xico<\/strong>.- El gobierno de Metepec cumplir\u00e1 en su totalidad compromisos con la ciudadan\u00eda, entre ellos, con la entrega de diversa obra p\u00fablica antes de finalizar la gesti\u00f3n el pr\u00f3ximo 31 de diciembre.<\/p>\n<p>La administraci\u00f3n del alcalde David L\u00f3pez C\u00e1rdenas, trabaja con intensidad en la construcci\u00f3n y modernizaci\u00f3n de infraestructura urbana, social y educativa, que recibir\u00e1n los metepequenses en los siguientes meses de este a\u00f1o.<\/p>\n<p>De acuerdo con la Direcci\u00f3n de Obras P\u00fablicas de la municipalidad, al momento se realizan diversas acciones en distintas comunidades de esta demarcaci\u00f3n, algunas, culminar\u00e1n en el corto plazo, como la pavimentaci\u00f3n de tramos de las calles de Gardenias, Dalias, Gladiolas, Amapolas, Claveles y Circuito Cuauht\u00e9moc, en el fraccionamiento Izcalli Cuauht\u00e9moc II, mismas que estar\u00e1n terminadas en la siguiente semana.<\/p>\n<p>El director de la dependencia, Edmundo Baeza V\u00e1zquez, inform\u00f3 que entre otras importantes obras, destacan los avances en la pavimentaci\u00f3n de la calle Guaymas en San Jer\u00f3nimo Chicahualco, comedores en San Lucas Tunco y la ejecuci\u00f3n de cuartos dormitorio en las comunidades de San Miguel Totocuitlapilco, San Jorge Pueblo Nuevo y en colonias Bellavista, La Michoacana, La Uni\u00f3n, entre otras delegaciones.<\/p>\n<p>Subray\u00f3 que dentro del paquete de obra p\u00fablica de 2018, en breve iniciar\u00e1 la pavimentaci\u00f3n con concreto hidr\u00e1ulico estampado en tramos de las calles Ignacio Allende y Pedro Ascencio, en el per\u00edmetro del Pueblo M\u00e1gico. \u00a0Adem\u00e1s, enfatiz\u00f3 que las jornadas de bacheo se mantendr\u00e1n de forma permanente, las cuales son de alto significado para restaurar la superficie de rodamiento de calles y avenidas que registran deterioro principalmente por la presencia de lluvia.<\/p>\n<p>Con la ejecuci\u00f3n de \u00e9stas y otras obras que se ir\u00e1n efectuando y que culminar\u00e1 antes de finalizar el a\u00f1o, el ayuntamiento de Metepec cerrar\u00e1 su programa de infraestructura, cubriendo en su totalidad los compromisos con la sociedad.<\/p>\n","protected":false},"excerpt":{"rendered":"<p>El gobierno de Metepec cumplir\u00e1 en su totalidad compromisos con la ciudadan\u00eda, entre ellos, con la entrega de diversa obra p\u00fablica antes de finalizar la gesti\u00f3n el pr\u00f3ximo 31 de diciembre.<\/p>\n","protected":false},"author":3,"featured_media":390169,"comment_status":"open","ping_status":"open","sticky":false,"template":"","format":"standard","meta":{"_monsterinsights_skip_tracking":false,"_monsterinsights_sitenote_active":false,"_monsterinsights_sitenote_note":"","_monsterinsights_sitenote_category":0,"footnotes":""},"categories":[35155],"tags":[43675,876,52393],"class_list":["post-390102","post","type-post","status-publish","format-standard","has-post-thumbnail","hentry","category-estado-de-mexico-estado-de-mexico","tag-estado-de-mexico","tag-metepec","tag-obra-publica"],"_links":{"self":[{"href":"https:\/\/www.diarioimagen.net\/index.php?rest_route=\/wp\/v2\/posts\/390102","targetHints":{"allow":["GET"]}}],"collection":[{"href":"https:\/\/www.diarioimagen.net\/index.php?rest_route=\/wp\/v2\/posts"}],"about":[{"href":"https:\/\/www.diarioimagen.net\/index.php?rest_route=\/wp\/v2\/types\/post"}],"author":[{"embeddable":true,"href":"https:\/\/www.diarioimagen.net\/index.php?rest_route=\/wp\/v2\/users\/3"}],"replies":[{"embeddable":true,"href":"https:\/\/www.diarioimagen.net\/index.php?rest_route=%2Fwp%2Fv2%2Fcomments&post=390102"}],"version-history":[{"count":0,"href":"https:\/\/www.diarioimagen.net\/index.php?rest_route=\/wp\/v2\/posts\/390102\/revisions"}],"wp:featuredmedia":[{"embeddable":true,"href":"https:\/\/www.diarioimagen.net\/index.php?rest_route=\/wp\/v2\/media\/390169"}],"wp:attachment":[{"href":"https:\/\/www.diarioimagen.net\/index.php?rest_route=%2Fwp%2Fv2%2Fmedia&parent=390102"}],"wp:term":[{"taxonomy":"category","embeddable":true,"href":"https:\/\/www.diarioimagen.net\/index.php?rest_route=%2Fwp%2Fv2%2Fcategories&post=390102"},{"taxonomy":"post_tag","embeddable":true,"href":"https:\/\/www.diarioimagen.net\/index.php?rest_route=%2Fwp%2Fv2%2Ftags&post=390102"}],"curies":[{"name":"wp","href":"https:\/\/api.w.org\/{rel}","templated":true}]}}