{"id":390106,"date":"2018-08-15T00:06:05","date_gmt":"2018-08-15T05:06:05","guid":{"rendered":"https:\/\/www.diarioimagen.net\/?p=390106"},"modified":"2018-08-15T09:23:26","modified_gmt":"2018-08-15T14:23:26","slug":"dona-tultitlan-mobiliario-a-boleros-para-seguir-desarrollando-su-oficio","status":"publish","type":"post","link":"https:\/\/www.diarioimagen.net\/?p=390106","title":{"rendered":"Dona Tultitl\u00e1n mobiliario a boleros, para seguir desarrollando su oficio"},"content":{"rendered":"<ul>\n<li><strong><em>Testigos de la historia y desarrollo del municipio<\/em><\/strong><\/li>\n<\/ul>\n<p>&nbsp;<\/p>\n<div id=\"attachment_390187\" style=\"width: 470px\" class=\"wp-caption aligncenter\"><a href=\"https:\/\/www.diarioimagen.net\/?attachment_id=390187\" rel=\"attachment wp-att-390187\"><img loading=\"lazy\" decoding=\"async\" aria-describedby=\"caption-attachment-390187\" class=\"size-large wp-image-390187\" src=\"https:\/\/www.diarioimagen.net\/wp-content\/uploads\/2018\/08\/TULTITLAN-3433-460x259.jpg\" alt=\"\" width=\"460\" height=\"259\" srcset=\"https:\/\/www.diarioimagen.net\/wp-content\/uploads\/2018\/08\/TULTITLAN-3433-460x259.jpg 460w, https:\/\/www.diarioimagen.net\/wp-content\/uploads\/2018\/08\/TULTITLAN-3433-240x135.jpg 240w, https:\/\/www.diarioimagen.net\/wp-content\/uploads\/2018\/08\/TULTITLAN-3433-235x132.jpg 235w, https:\/\/www.diarioimagen.net\/wp-content\/uploads\/2018\/08\/TULTITLAN-3433-202x114.jpg 202w, https:\/\/www.diarioimagen.net\/wp-content\/uploads\/2018\/08\/TULTITLAN-3433-350x196.jpg 350w, https:\/\/www.diarioimagen.net\/wp-content\/uploads\/2018\/08\/TULTITLAN-3433-220x123.jpg 220w, https:\/\/www.diarioimagen.net\/wp-content\/uploads\/2018\/08\/TULTITLAN-3433-237x132.jpg 237w, https:\/\/www.diarioimagen.net\/wp-content\/uploads\/2018\/08\/TULTITLAN-3433.jpg 480w\" sizes=\"auto, (max-width: 460px) 100vw, 460px\" \/><\/a><p id=\"caption-attachment-390187\" class=\"wp-caption-text\">El presidente municipal, Ad\u00e1n Barr\u00f3n Elizalde, entreg\u00f3 10 sillas de boleros.<\/p><\/div>\n<p>&nbsp;<\/p>\n<p><strong>Tultitl\u00e1n, Estado de M\u00e9xico<\/strong>.- Un oficio que durante generaciones ha sido testigo de la historia y desarrollo de Tultitl\u00e1n, hoy tras millones de calzados lustrados, conversaciones, an\u00e9cdotas, finalmente fue reconocido y dignificado por las autoridades municipales, con la entrega de 10 sillas de boleros que encabez\u00f3 el alcalde, Ad\u00e1n Barr\u00f3n Elizalde.<\/p>\n<p>El evento fue realizado en la Concha Ac\u00fastica, sita en la Plaza Hidalgo de la zona centro de Tultitl\u00e1n en donde el mun\u00edcipe se\u00f1al\u00f3, \u201cque en el trabajo del d\u00eda a veces nos perdemos de esos peque\u00f1os grandes detalles que nos cambian como comunidad. Este es un oficio que muchas veces no le ponemos atenci\u00f3n,\u00a0 ni nos damos cuenta que hay familias que dependen de \u00e9l\u201d.<\/p>\n<p>Adem\u00e1s, el alcalde explic\u00f3 que el proyecto es un mejoramiento de imagen de las sillas de bolero, y aprovech\u00f3 para agradecer a los boleros, por que durante a\u00f1os han contribuido a mejorar el aspecto de nuestro calzado.<\/p>\n<p>Finalmente, el se\u00f1or Jose Mart\u00ednez (bolero), agradeci\u00f3 a las autoridades por el apoyo para lograr el mejoramiento de la imagen del sector que durante a\u00f1os ha trabajado en la Plaza Hidalgo.<\/p>\n","protected":false},"excerpt":{"rendered":"<p>Un oficio que durante generaciones ha sido testigo de la historia y desarrollo de Tultitl\u00e1n, hoy tras millones de calzados lustrados, conversaciones, an\u00e9cdotas, finalmente fue reconocido y dignificado por las autoridades municipales, con la entrega de 10 sillas de boleros que encabez\u00f3 el alcalde, Ad\u00e1n Barr\u00f3n Elizalde.<\/p>\n","protected":false},"author":3,"featured_media":390187,"comment_status":"open","ping_status":"open","sticky":false,"template":"","format":"standard","meta":{"_monsterinsights_skip_tracking":false,"_monsterinsights_sitenote_active":false,"_monsterinsights_sitenote_note":"","_monsterinsights_sitenote_category":0,"footnotes":""},"categories":[35155],"tags":[47118,43675,578],"class_list":["post-390106","post","type-post","status-publish","format-standard","has-post-thumbnail","hentry","category-estado-de-mexico-estado-de-mexico","tag-adan-barron-elizalde","tag-estado-de-mexico","tag-tultitlan"],"_links":{"self":[{"href":"https:\/\/www.diarioimagen.net\/index.php?rest_route=\/wp\/v2\/posts\/390106","targetHints":{"allow":["GET"]}}],"collection":[{"href":"https:\/\/www.diarioimagen.net\/index.php?rest_route=\/wp\/v2\/posts"}],"about":[{"href":"https:\/\/www.diarioimagen.net\/index.php?rest_route=\/wp\/v2\/types\/post"}],"author":[{"embeddable":true,"href":"https:\/\/www.diarioimagen.net\/index.php?rest_route=\/wp\/v2\/users\/3"}],"replies":[{"embeddable":true,"href":"https:\/\/www.diarioimagen.net\/index.php?rest_route=%2Fwp%2Fv2%2Fcomments&post=390106"}],"version-history":[{"count":0,"href":"https:\/\/www.diarioimagen.net\/index.php?rest_route=\/wp\/v2\/posts\/390106\/revisions"}],"wp:featuredmedia":[{"embeddable":true,"href":"https:\/\/www.diarioimagen.net\/index.php?rest_route=\/wp\/v2\/media\/390187"}],"wp:attachment":[{"href":"https:\/\/www.diarioimagen.net\/index.php?rest_route=%2Fwp%2Fv2%2Fmedia&parent=390106"}],"wp:term":[{"taxonomy":"category","embeddable":true,"href":"https:\/\/www.diarioimagen.net\/index.php?rest_route=%2Fwp%2Fv2%2Fcategories&post=390106"},{"taxonomy":"post_tag","embeddable":true,"href":"https:\/\/www.diarioimagen.net\/index.php?rest_route=%2Fwp%2Fv2%2Ftags&post=390106"}],"curies":[{"name":"wp","href":"https:\/\/api.w.org\/{rel}","templated":true}]}}