{"id":390222,"date":"2018-08-16T00:11:02","date_gmt":"2018-08-16T05:11:02","guid":{"rendered":"https:\/\/www.diarioimagen.net\/?p=390222"},"modified":"2018-08-16T00:42:03","modified_gmt":"2018-08-16T05:42:03","slug":"equipan-a-celulas-de-busqueda-para-optimizar-localizacion-de-personas","status":"publish","type":"post","link":"https:\/\/www.diarioimagen.net\/?p=390222","title":{"rendered":"Avanza el sistema anticorrupci\u00f3n del Edomex"},"content":{"rendered":"<h2>Arco Norte<\/h2>\n<h5>Jos\u00e9 Luis Monta\u00f1ez Aguilar<\/h5>\n<p>&nbsp;<\/p>\n<p>El secretario de la Contralor\u00eda, Javier Vargas Zempoalt\u00e9catl, inform\u00f3 que el presupuesto inicial para el arranque de los trabajos del Sistema Anticorrupci\u00f3n del Estado de M\u00e9xico y Municipios (SAEMM) se ha entregado en tiempo y forma, luego de cumplirse con los requisitos previamente establecidos, trat\u00e1ndose de recursos p\u00fablicos.<\/p>\n<p>Al encabezar la instalaci\u00f3n de la Comisi\u00f3n Permanente de Contralores Estado-Municipios (CPCE-M) asegur\u00f3 que el aspecto econ\u00f3mico no ha sido impedimento para seguir avanzando, prueba de ello es la permanente coordinaci\u00f3n con los integrantes de los Comit\u00e9s Rector y de Participaci\u00f3n Ciudadana del propio SAEMM.<\/p>\n<p>Record\u00f3 que el Estado de M\u00e9xico fue la primera entidad en prever la existencia del sistema anticorrupci\u00f3n en el \u00e1mbito municipal.<\/p>\n<p>En su calidad de Presidente de la CPCE-M, Vargas Zempoalt\u00e9catl se\u00f1al\u00f3 que esta instancia permitir\u00e1 mantener una comunicaci\u00f3n permanente entre el Ejecutivo estatal, a trav\u00e9s de la Secretar\u00eda de la Contralor\u00eda, y los 125 ayuntamientos, mediante las contralor\u00edas municipales, a fin de intercambiar informaci\u00f3n, experiencias y capacitaci\u00f3n, sobre la aplicaci\u00f3n del nuevo marco jur\u00eddico en materia anticorrupci\u00f3n que incluye el \u00e1mbito municipal.<\/p>\n<p>&nbsp;<\/p>\n<p style=\"text-align: center;\"><strong>Equipan a c\u00e9lulas de b\u00fasqueda para optimizar localizaci\u00f3n de personas<\/strong><\/p>\n<p>&nbsp;<\/p>\n<div id=\"attachment_390223\" style=\"width: 470px\" class=\"wp-caption aligncenter\"><img loading=\"lazy\" decoding=\"async\" aria-describedby=\"caption-attachment-390223\" class=\"size-large wp-image-390223\" src=\"https:\/\/www.diarioimagen.net\/wp-content\/uploads\/2018\/08\/BUSQUEDA16-portal-460x268.jpg\" alt=\"\" width=\"460\" height=\"268\" srcset=\"https:\/\/www.diarioimagen.net\/wp-content\/uploads\/2018\/08\/BUSQUEDA16-portal-460x268.jpg 460w, https:\/\/www.diarioimagen.net\/wp-content\/uploads\/2018\/08\/BUSQUEDA16-portal-240x140.jpg 240w, https:\/\/www.diarioimagen.net\/wp-content\/uploads\/2018\/08\/BUSQUEDA16-portal.jpg 480w\" sizes=\"auto, (max-width: 460px) 100vw, 460px\" \/><p id=\"caption-attachment-390223\" class=\"wp-caption-text\">Destaca Comisionado Nacional de B\u00fasqueda de Personas trabajo del Estado de M\u00e9xico en tareas de localizaci\u00f3n de personas.<\/p><\/div>\n<p>&nbsp;<\/p>\n<p>La Comisi\u00f3n Nacional de B\u00fasqueda de Personas entreg\u00f3 a cinco municipios mexiquenses equipo de alta tecnolog\u00eda, con el fin de crear una base de datos biom\u00e9tricos que coadyuve a la ubicaci\u00f3n con vida de personas reportadas como desaparecidas o no localizadas.<\/p>\n<p>El comisionado Nacional de B\u00fasqueda de Personas, Roberto Cabrera Alfaro, indic\u00f3 que la iniciativa piloto se lanz\u00f3 en el Estado de M\u00e9xico, en los municipios de Toluca, Ecatepec, Chimalhuac\u00e1n, Nezahualc\u00f3yotl y Naucalpan, en reconocimiento a las buenas pr\u00e1cticas y resultados alcanzados en la materia, como la creaci\u00f3n de las C\u00e9lulas de B\u00fasqueda.<\/p>\n<p>El secretario de Justicia y Derechos Humanos del Estado de M\u00e9xico, Rodrigo Espeleta Aladro, agradeci\u00f3 la entrega de este equipo que significa un primer paso en el uso de tecnolog\u00edas que prev\u00e9 la Ley General de Desaparici\u00f3n Forzada.<\/p>\n","protected":false},"excerpt":{"rendered":"<p><span style=\"color: #005497;\">Jos\u00e9 Luis Monta\u00f1ez Aguilar<\/span><br \/>\n<br \/>\nEl secretario de la Contralor\u00eda, Javier Vargas Zempoalt\u00e9catl, inform\u00f3 que el presupuesto inicial para el arranque de los trabajos del Sistema Anticorrupci\u00f3n del Estado de M\u00e9xico y Municipios (SAEMM) se ha entregado en tiempo y forma, luego de cumplirse con los requisitos previamente establecidos, trat\u00e1ndose de recursos p\u00fablicos.<\/p>\n","protected":false},"author":5,"featured_media":390223,"comment_status":"open","ping_status":"open","sticky":false,"template":"","format":"standard","meta":{"_monsterinsights_skip_tracking":false,"_monsterinsights_sitenote_active":false,"_monsterinsights_sitenote_note":"","_monsterinsights_sitenote_category":0,"footnotes":""},"categories":[5],"tags":[13284,77099,77101,43704,77100,77102,43674,51639,77103],"class_list":["post-390222","post","type-post","status-publish","format-standard","has-post-thumbnail","hentry","category-estado-de-mexico","tag-arco-norte","tag-equipan-a-celulas-de-busqueda","tag-iniciativa-piloto-en-5","tag-jose-luis-montanez-aguilar","tag-localizacion-de-personas","tag-metropolitanos","tag-opinion","tag-personas","tag-roberto-cabrera-alfaro"],"_links":{"self":[{"href":"https:\/\/www.diarioimagen.net\/index.php?rest_route=\/wp\/v2\/posts\/390222","targetHints":{"allow":["GET"]}}],"collection":[{"href":"https:\/\/www.diarioimagen.net\/index.php?rest_route=\/wp\/v2\/posts"}],"about":[{"href":"https:\/\/www.diarioimagen.net\/index.php?rest_route=\/wp\/v2\/types\/post"}],"author":[{"embeddable":true,"href":"https:\/\/www.diarioimagen.net\/index.php?rest_route=\/wp\/v2\/users\/5"}],"replies":[{"embeddable":true,"href":"https:\/\/www.diarioimagen.net\/index.php?rest_route=%2Fwp%2Fv2%2Fcomments&post=390222"}],"version-history":[{"count":0,"href":"https:\/\/www.diarioimagen.net\/index.php?rest_route=\/wp\/v2\/posts\/390222\/revisions"}],"wp:featuredmedia":[{"embeddable":true,"href":"https:\/\/www.diarioimagen.net\/index.php?rest_route=\/wp\/v2\/media\/390223"}],"wp:attachment":[{"href":"https:\/\/www.diarioimagen.net\/index.php?rest_route=%2Fwp%2Fv2%2Fmedia&parent=390222"}],"wp:term":[{"taxonomy":"category","embeddable":true,"href":"https:\/\/www.diarioimagen.net\/index.php?rest_route=%2Fwp%2Fv2%2Fcategories&post=390222"},{"taxonomy":"post_tag","embeddable":true,"href":"https:\/\/www.diarioimagen.net\/index.php?rest_route=%2Fwp%2Fv2%2Ftags&post=390222"}],"curies":[{"name":"wp","href":"https:\/\/api.w.org\/{rel}","templated":true}]}}