{"id":390225,"date":"2018-08-16T00:08:12","date_gmt":"2018-08-16T05:08:12","guid":{"rendered":"https:\/\/www.diarioimagen.net\/?p=390225"},"modified":"2018-08-17T01:07:56","modified_gmt":"2018-08-17T06:07:56","slug":"destaca-del-mazo-trabajo-conjunto-contra-el-delito","status":"publish","type":"post","link":"https:\/\/www.diarioimagen.net\/?p=390225","title":{"rendered":"Destaca Del Mazo trabajo conjunto contra el delito"},"content":{"rendered":"<ul>\n<li><strong><em>En coordinaci\u00f3n con la sociedad<\/em><\/strong><\/li>\n<li><strong><em>Congreso Internacional de Prevenci\u00f3n Social de la Violencia y Delincuencia<\/em><\/strong><\/li>\n<\/ul>\n<p>&nbsp;<\/p>\n<div id=\"attachment_390226\" style=\"width: 470px\" class=\"wp-caption aligncenter\"><img loading=\"lazy\" decoding=\"async\" aria-describedby=\"caption-attachment-390226\" class=\"size-large wp-image-390226\" src=\"https:\/\/www.diarioimagen.net\/wp-content\/uploads\/2018\/08\/DEL-MAZO16-portal-460x268.jpg\" alt=\"\" width=\"460\" height=\"268\" srcset=\"https:\/\/www.diarioimagen.net\/wp-content\/uploads\/2018\/08\/DEL-MAZO16-portal-460x268.jpg 460w, https:\/\/www.diarioimagen.net\/wp-content\/uploads\/2018\/08\/DEL-MAZO16-portal-240x140.jpg 240w, https:\/\/www.diarioimagen.net\/wp-content\/uploads\/2018\/08\/DEL-MAZO16-portal.jpg 480w\" sizes=\"auto, (max-width: 460px) 100vw, 460px\" \/><p id=\"caption-attachment-390226\" class=\"wp-caption-text\">Alfredo Del Mazo inaugur\u00f3 el Primer Congreso Internacional de Prevenci\u00f3n Social de la Violencia y Delincuencia.<\/p><\/div>\n<p>&nbsp;<\/p>\n<p>&nbsp;<\/p>\n<p><strong>Toluca, Estado de M\u00e9xico<\/strong>.- Uno de los mayores compromisos de la administraci\u00f3n estatal es la seguridad y tranquilidad de los mexiquenses, para ello, se\u00a0 trabaja de la mano con la sociedad para emprender acciones en materia de prevenci\u00f3n del delito y en la recuperaci\u00f3n de espacios p\u00fablicos para construir comunidades unidas y familias fuertes, se\u00f1al\u00f3 el gobernador Alfredo Del Mazo Maza.<\/p>\n<p>\u201cEn este gobierno entendemos el rescate del espacio p\u00fablico como una acci\u00f3n de alto impacto en la que ciudadanos y funcionarios trabajan, hombro con hombro, en la b\u00fasqueda y la implementaci\u00f3n de soluciones\u201d, se\u00f1al\u00f3.<\/p>\n<p>\u201cDar a la seguridad p\u00fablica una perspectiva integral implica dar a las acciones encaminadas a reducir la incidencia delictiva, una base social, por ello, uno de nuestros mayores compromisos de gobierno, es construir familias fuertes que hagan de los valores, el respeto, la solidaridad, la fraternidad, una pr\u00e1ctica que fortalezca v\u00ednculos de afecto al interior de los hogares y en las propias comunidades\u201d.<\/p>\n<p>Al inaugurar el Primer Congreso Internacional de Prevenci\u00f3n Social de la Violencia y Delincuencia, el titular del Ejecutivo estatal, inform\u00f3 que para lograr este objetivo se han detectado 140 colonias de 28 municipios mexiquenses, en los cuales se concentran m\u00e1s del 70 por ciento de los delitos que se cometen en la entidad.<\/p>\n<p>En estos lugares, dijo, se pueden realizar acciones como la recuperaci\u00f3n de espacios, contar con mayor vigilancia e iluminaci\u00f3n, mejoramiento de la imagen urbana, entre otras, todas ellas acordadas con la ciudadan\u00eda.<\/p>\n<p>\u201cEl \u00e9xito de este programa que se est\u00e1 trabajando, est\u00e1 en la base de la participaci\u00f3n ciudadana, ya se ha iniciado con el diagn\u00f3stico de estos 28 municipios y 140 colonias, y estamos trabajando e invitando a la ciudadan\u00eda, sobre todo, a los vecinos de estas colonias, para que sean ellos mismos quienes propongan las principales acciones, o las acciones m\u00e1s inmediatas a llevar a cabo para la recuperaci\u00f3n de estos espacios\u201d.<\/p>\n<p>El gobernador mexiquense manifest\u00f3 que la seguridad y la integridad personal y patrimonial de las familias mexiquenses son el resultado de un trabajo colectivo entre autoridades y ciudadan\u00eda, donde la sociedad tambi\u00e9n asume el compromiso de construir comunidades fuertes y unidas.<\/p>\n<p>Para ello, dijo, contar con espacios p\u00fablicos seguros es uno de los primeros pasos que se deben de dar, para construir las comunidades unidas y las familias fuertes que requiere el Estado de M\u00e9xico.<\/p>\n<p>Detall\u00f3 que diversas experiencias de pa\u00edses como Brasil, Colombia y Chile han demostrado que una seguridad ciudadana comienza con la recuperaci\u00f3n de espacios p\u00fablicos que sean identificados como lugares que promueven la violencia y la delincuencia.<\/p>\n<p>\u201cLas calles, las plazas, los parques, el transporte p\u00fablico, las \u00e1reas vecinales comunes son espacios en los que ejercemos nuestros derechos y libertades. Todos ellos, sin excepci\u00f3n, deben brindar seguridad a los ciudadanos, a las familias y a las comunidades\u201d.<\/p>\n<p>Asimismo, invit\u00f3 a las autoridades municipales a sumarse a este esfuerzo, para que de manera conjunta se emprendan acciones integrales que refuercen la recuperaci\u00f3n de espacios p\u00fablicos, como lo es la rehabilitaci\u00f3n del mobiliario urbano, pavimentaci\u00f3n, adoquinado e iluminaci\u00f3n de banquetas, calles plazas y parques, as\u00ed como el aseguramiento de estaciones y paraderos del sistema de transporte.<\/p>\n","protected":false},"excerpt":{"rendered":"<p>Uno de los mayores compromisos de la administraci\u00f3n estatal es la seguridad y tranquilidad de los mexiquenses, para ello, se  trabaja de la mano con la sociedad para emprender acciones en materia de prevenci\u00f3n del delito y en la recuperaci\u00f3n de espacios p\u00fablicos para construir comunidades unidas y familias fuertes, se\u00f1al\u00f3 el gobernador Alfredo Del Mazo Maza.<\/p>\n","protected":false},"author":5,"featured_media":390226,"comment_status":"open","ping_status":"open","sticky":false,"template":"","format":"standard","meta":{"_monsterinsights_skip_tracking":false,"_monsterinsights_sitenote_active":false,"_monsterinsights_sitenote_note":"","_monsterinsights_sitenote_category":0,"footnotes":""},"categories":[5],"tags":[2505,4728,77105,77104,43675,452],"class_list":["post-390225","post","type-post","status-publish","format-standard","has-post-thumbnail","hentry","category-estado-de-mexico","tag-alfredo-del-mazo-maza","tag-brasil","tag-colombia-y-chile","tag-conjunto-contra-el-delito","tag-estado-de-mexico","tag-toluca"],"_links":{"self":[{"href":"https:\/\/www.diarioimagen.net\/index.php?rest_route=\/wp\/v2\/posts\/390225","targetHints":{"allow":["GET"]}}],"collection":[{"href":"https:\/\/www.diarioimagen.net\/index.php?rest_route=\/wp\/v2\/posts"}],"about":[{"href":"https:\/\/www.diarioimagen.net\/index.php?rest_route=\/wp\/v2\/types\/post"}],"author":[{"embeddable":true,"href":"https:\/\/www.diarioimagen.net\/index.php?rest_route=\/wp\/v2\/users\/5"}],"replies":[{"embeddable":true,"href":"https:\/\/www.diarioimagen.net\/index.php?rest_route=%2Fwp%2Fv2%2Fcomments&post=390225"}],"version-history":[{"count":0,"href":"https:\/\/www.diarioimagen.net\/index.php?rest_route=\/wp\/v2\/posts\/390225\/revisions"}],"wp:featuredmedia":[{"embeddable":true,"href":"https:\/\/www.diarioimagen.net\/index.php?rest_route=\/wp\/v2\/media\/390226"}],"wp:attachment":[{"href":"https:\/\/www.diarioimagen.net\/index.php?rest_route=%2Fwp%2Fv2%2Fmedia&parent=390225"}],"wp:term":[{"taxonomy":"category","embeddable":true,"href":"https:\/\/www.diarioimagen.net\/index.php?rest_route=%2Fwp%2Fv2%2Fcategories&post=390225"},{"taxonomy":"post_tag","embeddable":true,"href":"https:\/\/www.diarioimagen.net\/index.php?rest_route=%2Fwp%2Fv2%2Ftags&post=390225"}],"curies":[{"name":"wp","href":"https:\/\/api.w.org\/{rel}","templated":true}]}}