{"id":390261,"date":"2018-08-16T00:11:13","date_gmt":"2018-08-16T05:11:13","guid":{"rendered":"https:\/\/www.diarioimagen.net\/?p=390261"},"modified":"2018-08-16T06:28:39","modified_gmt":"2018-08-16T11:28:39","slug":"reconocimiento-nacional-a-catedratico-de-la-uaem","status":"publish","type":"post","link":"https:\/\/www.diarioimagen.net\/?p=390261","title":{"rendered":"Reconocimiento nacional a catedr\u00e1tico de la UAEM"},"content":{"rendered":"<ul>\n<li><strong><em>En el \u00e1rea de medicina veterinaria<\/em><\/strong><\/li>\n<\/ul>\n<p>&nbsp;<\/p>\n<div id=\"attachment_390388\" style=\"width: 470px\" class=\"wp-caption aligncenter\"><a href=\"https:\/\/www.diarioimagen.net\/?attachment_id=390388\" rel=\"attachment wp-att-390388\"><img loading=\"lazy\" decoding=\"async\" aria-describedby=\"caption-attachment-390388\" class=\"size-large wp-image-390388\" src=\"https:\/\/www.diarioimagen.net\/wp-content\/uploads\/2018\/08\/UAEM-3434-460x259.jpg\" alt=\"\" width=\"460\" height=\"259\" srcset=\"https:\/\/www.diarioimagen.net\/wp-content\/uploads\/2018\/08\/UAEM-3434-460x259.jpg 460w, https:\/\/www.diarioimagen.net\/wp-content\/uploads\/2018\/08\/UAEM-3434-240x135.jpg 240w, https:\/\/www.diarioimagen.net\/wp-content\/uploads\/2018\/08\/UAEM-3434-235x132.jpg 235w, https:\/\/www.diarioimagen.net\/wp-content\/uploads\/2018\/08\/UAEM-3434-202x114.jpg 202w, https:\/\/www.diarioimagen.net\/wp-content\/uploads\/2018\/08\/UAEM-3434-350x196.jpg 350w, https:\/\/www.diarioimagen.net\/wp-content\/uploads\/2018\/08\/UAEM-3434-220x123.jpg 220w, https:\/\/www.diarioimagen.net\/wp-content\/uploads\/2018\/08\/UAEM-3434-237x132.jpg 237w, https:\/\/www.diarioimagen.net\/wp-content\/uploads\/2018\/08\/UAEM-3434.jpg 480w\" sizes=\"auto, (max-width: 460px) 100vw, 460px\" \/><\/a><p id=\"caption-attachment-390388\" class=\"wp-caption-text\">Roberto Montes de Oca Jim\u00e9nez fue reconocido con el Premio al M\u00e9rito Profesional Regional 2018 de la Federaci\u00f3n de Colegios y Asociaciones de M\u00e9dicos Veterinarios Zootecnistas de M\u00e9xico.<\/p><\/div>\n<p>&nbsp;<\/p>\n<p><strong>Toluca, Estado de M\u00e9xico<\/strong>.\u2013 Por su contribuci\u00f3n a la ciencia y destacada trayectoria profesional, el catedr\u00e1tico e investigador de la Facultad de Medicina Veterinaria y Zootecnia de la Universidad Aut\u00f3noma del Estado de M\u00e9xico, Roberto Montes de Oca Jim\u00e9nez, fue reconocido con el Premio al M\u00e9rito Profesional Regional 2018 de la Federaci\u00f3n de Colegios y Asociaciones de M\u00e9dicos Veterinarios Zootecnistas de M\u00e9xico.<\/p>\n<p>Esta distinci\u00f3n de car\u00e1cter nacional reconoce la trayectoria acad\u00e9mica, en el \u00e1mbito de la investigaci\u00f3n y gremial del integrante del Sistema Nacional de Investigadores (SNI), quien se distingue por sus aportes cient\u00edficos, referentes para las escuelas y facultades de medicina veterinaria del pa\u00eds, con un impacto positivo para el medio ambiente, la salud animal y la salud p\u00fablica.<\/p>\n<p>El tambi\u00e9n director de este espacio universitario destaca por su participaci\u00f3n en el diagn\u00f3stico epidemiol\u00f3gico animal, como el estudio de la clamidiosis en ovinos, bovinos, fauna silvestre, caballos e incluso, humanos; asimismo, el an\u00e1lisis de problemas de intoxicaci\u00f3n en animales por plomo y su aporte para incrementar los niveles de selenio en ovinos, con el prop\u00f3sito de aumentar su eficiencia.<\/p>\n<p>Adem\u00e1s de incursionar en proyectos para el desarrollo de vacunas para el control de enfermedades en animales, Montes de Oca Jim\u00e9nez contribuy\u00f3 de manera importante en la apertura de programas de posgrado en la Facultad de Medicina Veterinaria y Zootecnia, de los cuales, la Especialidad en Producci\u00f3n Ovina tiene el reconocimiento de Competencia Internacional del Consejo Nacional de Ciencia y Tecnolog\u00eda (CONACyT).<\/p>\n<p>Roberto Montes de Oca Jim\u00e9nez es integrante de la Federaci\u00f3n de Colegios y Asociaciones de M\u00e9dicos Veterinarios Zootecnistas de M\u00e9xico, de la Asociaci\u00f3n Mexicana de Pat\u00f3logos Veterinarios, la Asociaci\u00f3n Mexicana de T\u00e9cnicos Especialistas en Ovinocultura, el Consejo Nacional de Certificaci\u00f3n en Medicina Veterinaria y Zootecnia y del Consejo Nacional de Educaci\u00f3n de la Medicina Veterinaria y Zootecnia.<\/p>\n","protected":false},"excerpt":{"rendered":"<p>Por su contribuci\u00f3n a la ciencia y destacada trayectoria profesional, el catedr\u00e1tico e investigador de la Facultad de Medicina Veterinaria y Zootecnia de la Universidad Aut\u00f3noma del Estado de M\u00e9xico, Roberto Montes de Oca Jim\u00e9nez, fue reconocido con el Premio al M\u00e9rito Profesional Regional 2018 de la Federaci\u00f3n de Colegios y Asociaciones de M\u00e9dicos Veterinarios Zootecnistas de M\u00e9xico.<\/p>\n","protected":false},"author":3,"featured_media":390388,"comment_status":"open","ping_status":"open","sticky":false,"template":"","format":"standard","meta":{"_monsterinsights_skip_tracking":false,"_monsterinsights_sitenote_active":false,"_monsterinsights_sitenote_note":"","_monsterinsights_sitenote_category":0,"footnotes":""},"categories":[5],"tags":[43675,12862,77136,452],"class_list":["post-390261","post","type-post","status-publish","format-standard","has-post-thumbnail","hentry","category-estado-de-mexico","tag-estado-de-mexico","tag-reconocimiento","tag-roberto-montes-de-oca-jimenez","tag-toluca"],"_links":{"self":[{"href":"https:\/\/www.diarioimagen.net\/index.php?rest_route=\/wp\/v2\/posts\/390261","targetHints":{"allow":["GET"]}}],"collection":[{"href":"https:\/\/www.diarioimagen.net\/index.php?rest_route=\/wp\/v2\/posts"}],"about":[{"href":"https:\/\/www.diarioimagen.net\/index.php?rest_route=\/wp\/v2\/types\/post"}],"author":[{"embeddable":true,"href":"https:\/\/www.diarioimagen.net\/index.php?rest_route=\/wp\/v2\/users\/3"}],"replies":[{"embeddable":true,"href":"https:\/\/www.diarioimagen.net\/index.php?rest_route=%2Fwp%2Fv2%2Fcomments&post=390261"}],"version-history":[{"count":0,"href":"https:\/\/www.diarioimagen.net\/index.php?rest_route=\/wp\/v2\/posts\/390261\/revisions"}],"wp:featuredmedia":[{"embeddable":true,"href":"https:\/\/www.diarioimagen.net\/index.php?rest_route=\/wp\/v2\/media\/390388"}],"wp:attachment":[{"href":"https:\/\/www.diarioimagen.net\/index.php?rest_route=%2Fwp%2Fv2%2Fmedia&parent=390261"}],"wp:term":[{"taxonomy":"category","embeddable":true,"href":"https:\/\/www.diarioimagen.net\/index.php?rest_route=%2Fwp%2Fv2%2Fcategories&post=390261"},{"taxonomy":"post_tag","embeddable":true,"href":"https:\/\/www.diarioimagen.net\/index.php?rest_route=%2Fwp%2Fv2%2Ftags&post=390261"}],"curies":[{"name":"wp","href":"https:\/\/api.w.org\/{rel}","templated":true}]}}