{"id":390287,"date":"2018-08-16T00:05:39","date_gmt":"2018-08-16T05:05:39","guid":{"rendered":"https:\/\/www.diarioimagen.net\/?p=390287"},"modified":"2018-08-17T01:07:41","modified_gmt":"2018-08-17T06:07:41","slug":"laboran-en-la-informalidad-30-5-millones-de-personas","status":"publish","type":"post","link":"https:\/\/www.diarioimagen.net\/?p=390287","title":{"rendered":"Laboran en la informalidad 30.5 millones de personas"},"content":{"rendered":"<ul>\n<li><strong><em>Datos del INEGI<\/em><\/strong><\/li>\n<\/ul>\n<p>&nbsp;<\/p>\n<p><a href=\"https:\/\/www.diarioimagen.net\/?attachment_id=390373\" rel=\"attachment wp-att-390373\"><img loading=\"lazy\" decoding=\"async\" class=\"aligncenter size-large wp-image-390373\" src=\"https:\/\/www.diarioimagen.net\/wp-content\/uploads\/2018\/08\/informal-3434-460x259.jpg\" alt=\"\" width=\"460\" height=\"259\" srcset=\"https:\/\/www.diarioimagen.net\/wp-content\/uploads\/2018\/08\/informal-3434-460x259.jpg 460w, https:\/\/www.diarioimagen.net\/wp-content\/uploads\/2018\/08\/informal-3434-240x135.jpg 240w, https:\/\/www.diarioimagen.net\/wp-content\/uploads\/2018\/08\/informal-3434-235x132.jpg 235w, https:\/\/www.diarioimagen.net\/wp-content\/uploads\/2018\/08\/informal-3434-202x114.jpg 202w, https:\/\/www.diarioimagen.net\/wp-content\/uploads\/2018\/08\/informal-3434-350x196.jpg 350w, https:\/\/www.diarioimagen.net\/wp-content\/uploads\/2018\/08\/informal-3434-220x123.jpg 220w, https:\/\/www.diarioimagen.net\/wp-content\/uploads\/2018\/08\/informal-3434-237x132.jpg 237w, https:\/\/www.diarioimagen.net\/wp-content\/uploads\/2018\/08\/informal-3434.jpg 480w\" sizes=\"auto, (max-width: 460px) 100vw, 460px\" \/><\/a><\/p>\n<p>&nbsp;<\/p>\n<p>En el segundo trimestre de 2018, la tasa de desocupaci\u00f3n fue de 3.3 por ciento de la Poblaci\u00f3n Econ\u00f3micamente Activa (PEA) a nivel nacional, misma que la del trimestre inmediato anterior, con datos ajustados por estacionalidad.<\/p>\n<p>El Instituto Nacional de Estad\u00edstica y Geograf\u00eda (INEGI) inform\u00f3 que de abril a junio de este a\u00f1o las entidades que observaron las tasas de desocupaci\u00f3n m\u00e1s altas fueron Tabasco con 6.4 por ciento; Ciudad de M\u00e9xico 5.1 por ciento; Coahuila de Zaragoza, el Estado de M\u00e9xico y Nayarit con 4.1 por ciento de manera individual.<\/p>\n<p>En contraste, las tasas m\u00e1s bajas en este indicador se reportaron en Guerrero con 0.8 por ciento; Oaxaca 1.4 por ciento; Yucat\u00e1n 1.5 por ciento; Michoac\u00e1n de Ocampo 1.9 por ciento; Morelos 2.1 por ciento; Hidalgo y San Luis Potos\u00ed 2.4 por ciento cada uno; y Zacatecas con 2.5 por ciento.<\/p>\n<p>El instituto detall\u00f3 que la Poblaci\u00f3n Subocupada (referida al porcentaje de la poblaci\u00f3n ocupada que tiene la necesidad y disponibilidad de ofertar m\u00e1s tiempo de trabajo de lo que su ocupaci\u00f3n actual le demanda) lleg\u00f3 a 3.8 millones de personas durante el segundo trimestre.<\/p>\n<p>Con cifras desestacionalizadas, la Tasa de Subocupaci\u00f3n aument\u00f3 0.2 puntos porcentuales durante abril-junio de este a\u00f1o, frente a la del trimestre que le antecede. Por su parte, la Poblaci\u00f3n Ocupada Informal, que agrupa todas las modalidades de empleo informal (sector informal, trabajo dom\u00e9stico remunerado de los hogares, trabajo agropecuario no protegido y trabajadores subordinados que aunque trabajan en unidades econ\u00f3micas formales, lo hacen en modalidades fuera de la seguridad social) sum\u00f3 30.5 millones de personas.<\/p>\n<p>Con cifras desestacionalizadas, la Tasa de Informalidad Laboral 1 subi\u00f3 0.1 puntos porcentuales en el segundo trimestre de 2018 con relaci\u00f3n al trimestre anterior.<\/p>\n<p>En tanto, la Poblaci\u00f3n Ocupada en el Sector Informal (que se refiere a la poblaci\u00f3n ocupada en unidades econ\u00f3micas no agropecuarias operadas sin registros contables y que funcionan a partir de los recursos del hogar o de la persona que encabeza la actividad sin que se constituya como empresa) alcanz\u00f3 un total de 14.8 millones de personas en el trimestre de referencia.<\/p>\n<p>De acuerdo con los resultados de la Encuesta Nacional de Ocupaci\u00f3n y Empleo, el instituto destac\u00f3 que los datos desestacionalizados muestran un incremento de 0.2 puntos porcentuales respecto al primer trimestre de 2018 en la Tasa de Ocupaci\u00f3n en el Sector Informal 1.<\/p>\n","protected":false},"excerpt":{"rendered":"<p>En el segundo trimestre de 2018, la tasa de desocupaci\u00f3n fue de 3.3 por ciento de la Poblaci\u00f3n Econ\u00f3micamente Activa (PEA) a nivel nacional, misma que la del trimestre inmediato anterior, con datos ajustados por estacionalidad.<\/p>\n","protected":false},"author":3,"featured_media":390373,"comment_status":"open","ping_status":"open","sticky":false,"template":"","format":"standard","meta":{"_monsterinsights_skip_tracking":false,"_monsterinsights_sitenote_active":false,"_monsterinsights_sitenote_note":"","_monsterinsights_sitenote_category":0,"footnotes":""},"categories":[8],"tags":[43678,193,27303],"class_list":["post-390287","post","type-post","status-publish","format-standard","has-post-thumbnail","hentry","category-finanzas","tag-finanzas","tag-inegi","tag-informalidad"],"_links":{"self":[{"href":"https:\/\/www.diarioimagen.net\/index.php?rest_route=\/wp\/v2\/posts\/390287","targetHints":{"allow":["GET"]}}],"collection":[{"href":"https:\/\/www.diarioimagen.net\/index.php?rest_route=\/wp\/v2\/posts"}],"about":[{"href":"https:\/\/www.diarioimagen.net\/index.php?rest_route=\/wp\/v2\/types\/post"}],"author":[{"embeddable":true,"href":"https:\/\/www.diarioimagen.net\/index.php?rest_route=\/wp\/v2\/users\/3"}],"replies":[{"embeddable":true,"href":"https:\/\/www.diarioimagen.net\/index.php?rest_route=%2Fwp%2Fv2%2Fcomments&post=390287"}],"version-history":[{"count":0,"href":"https:\/\/www.diarioimagen.net\/index.php?rest_route=\/wp\/v2\/posts\/390287\/revisions"}],"wp:featuredmedia":[{"embeddable":true,"href":"https:\/\/www.diarioimagen.net\/index.php?rest_route=\/wp\/v2\/media\/390373"}],"wp:attachment":[{"href":"https:\/\/www.diarioimagen.net\/index.php?rest_route=%2Fwp%2Fv2%2Fmedia&parent=390287"}],"wp:term":[{"taxonomy":"category","embeddable":true,"href":"https:\/\/www.diarioimagen.net\/index.php?rest_route=%2Fwp%2Fv2%2Fcategories&post=390287"},{"taxonomy":"post_tag","embeddable":true,"href":"https:\/\/www.diarioimagen.net\/index.php?rest_route=%2Fwp%2Fv2%2Ftags&post=390287"}],"curies":[{"name":"wp","href":"https:\/\/api.w.org\/{rel}","templated":true}]}}