{"id":390299,"date":"2018-08-16T00:09:17","date_gmt":"2018-08-16T05:09:17","guid":{"rendered":"https:\/\/www.diarioimagen.net\/?p=390299"},"modified":"2018-08-16T06:43:19","modified_gmt":"2018-08-16T11:43:19","slug":"refuerzan-vacunacion-canina-y-felina-en-campana-de-tultepec","status":"publish","type":"post","link":"https:\/\/www.diarioimagen.net\/?p=390299","title":{"rendered":"Refuerzan vacunaci\u00f3n canina y felina en campa\u00f1a de Tultepec"},"content":{"rendered":"<ul>\n<li><strong><em>Invitan a la poblaci\u00f3n llevar a perros y gatos<\/em><\/strong><\/li>\n<\/ul>\n<p>&nbsp;<\/p>\n<div id=\"attachment_390400\" style=\"width: 470px\" class=\"wp-caption aligncenter\"><a href=\"https:\/\/www.diarioimagen.net\/?attachment_id=390400\" rel=\"attachment wp-att-390400\"><img loading=\"lazy\" decoding=\"async\" aria-describedby=\"caption-attachment-390400\" class=\"size-large wp-image-390400\" src=\"https:\/\/www.diarioimagen.net\/wp-content\/uploads\/2018\/08\/TULTEPEC-3434-460x259.jpg\" alt=\"\" width=\"460\" height=\"259\" srcset=\"https:\/\/www.diarioimagen.net\/wp-content\/uploads\/2018\/08\/TULTEPEC-3434-460x259.jpg 460w, https:\/\/www.diarioimagen.net\/wp-content\/uploads\/2018\/08\/TULTEPEC-3434-240x135.jpg 240w, https:\/\/www.diarioimagen.net\/wp-content\/uploads\/2018\/08\/TULTEPEC-3434-235x132.jpg 235w, https:\/\/www.diarioimagen.net\/wp-content\/uploads\/2018\/08\/TULTEPEC-3434-202x114.jpg 202w, https:\/\/www.diarioimagen.net\/wp-content\/uploads\/2018\/08\/TULTEPEC-3434-350x196.jpg 350w, https:\/\/www.diarioimagen.net\/wp-content\/uploads\/2018\/08\/TULTEPEC-3434-220x123.jpg 220w, https:\/\/www.diarioimagen.net\/wp-content\/uploads\/2018\/08\/TULTEPEC-3434-237x132.jpg 237w, https:\/\/www.diarioimagen.net\/wp-content\/uploads\/2018\/08\/TULTEPEC-3434.jpg 480w\" sizes=\"auto, (max-width: 460px) 100vw, 460px\" \/><\/a><p id=\"caption-attachment-390400\" class=\"wp-caption-text\">Luis \u00c1ngel Garc\u00eda Morales, director de Ecolog\u00eda y Salud P\u00fablica, precis\u00f3 que con esta pol\u00edtica p\u00fablica se busca proteger a los animales de compa\u00f1\u00eda y a la propia poblaci\u00f3n.<\/p><\/div>\n<p>&nbsp;<\/p>\n<p><strong>Tultepec, Estado de M\u00e9xico<\/strong>.- El ayuntamiento local hace una invitaci\u00f3n abierta a toda la ciudadan\u00eda para coadyuvar en el reforzamiento\u00a0de\u00a0vacunaci\u00f3n y esterilizaci\u00f3n antirr\u00e1bica canina y felina, que se lleva a cabo los d\u00edas mi\u00e9rcoles de cada semana en diferentes comunidades del municipio de manera totalmente gratuita.<\/p>\n<p>Luis \u00c1ngel Garc\u00eda Morales, director de Ecolog\u00eda y Salud P\u00fablica, precis\u00f3 que la gente s\u00f3lo necesita llevar a sus perros y gatos a los puestos de vacunaci\u00f3n y esterilizaci\u00f3n ubicados estrat\u00e9gicamente en puntos de f\u00e1cil acceso para la ciudadan\u00eda, a fin de facilitarle el traslado de sus respectivas mascotas para la aplicaci\u00f3n de la vacuna y\/o en su caso la cirug\u00eda de esterilizaci\u00f3n. \u00a0Para lograr mejores resultados, la direcci\u00f3n de Ecolog\u00eda y Salud P\u00fablica Municipal, public\u00f3 un calendario en la p\u00e1gina oficial del ayuntamiento, as\u00ed como en las redes sociales oficiales para difundirlo con suficiente anticipaci\u00f3n a la poblaci\u00f3n.<\/p>\n<p>La campa\u00f1a itinerante que inici\u00f3 el 26 de julio, en el Fraccionamiento Real de Tultepec, continu\u00f3 el 1 de agosto en el fraccionamiento El Parque, el 8 de agosto en la Concha Ac\u00fastica del Centro, se llev\u00f3 a cabo este mi\u00e9rcoles 15 de agosto en el fraccionamiento Paseos de Tultepec II. \u00a0Continuar\u00e1 los d\u00edas 22 de agosto en la Concha Ac\u00fastica de Teyahualco, el 29 en boulevard Totoltepec en la parte m\u00e1s alta del municipio en la colonia Lomas, el 5 de septiembre en la Delegaci\u00f3n de Xahuento, el 12 en la Concha Ac\u00fastica de CTM y el 26 de septiembre en el kiosco del Barrio de San Juan, todas estas jornadas en un horario de las 9 de la ma\u00f1ana a 2 de la tarde.<\/p>\n<p>Luis \u00c1ngel Garc\u00eda Morales, precis\u00f3 que con esta pol\u00edtica p\u00fablica se busca proteger a estos animales de compa\u00f1\u00eda, as\u00ed como a la poblaci\u00f3n, a la vez de apoyarlos en su econom\u00eda familiar con la vacuna y la esterilizaci\u00f3n totalmente gratuita.<\/p>\n<p>Las recomendaciones para la esterilizaci\u00f3n, tanto de perros como de gatos, es traer a las respectivas mascotas en ayuno. Las hembras no deben ir en celo, en periodo de lactancia o gestaci\u00f3n, llevarlos limpios y con una frazada o cobija para que reposen luego de la intervenci\u00f3n.<\/p>\n<p>Sumado a este tipo de campa\u00f1as, dijo, en el Centro de Control Canino de Tultepec, se cuenta con un cronograma semestral para acercar el servicio de esterilizaci\u00f3n a todas las comunidades de Tultepec, con base en la solicitud de los titulares de los Consejos de Participaci\u00f3n Ciudadana (COPACI), para sus respectivas colonias.<\/p>\n<p>El director de Ecolog\u00eda y Salud P\u00fablica municipal,\u00a0hizo un llamado a la ciudadan\u00eda para hacerse suficientemente responsables de sus perros y gatos, vacun\u00e1ndolos y esteriliz\u00e1ndolos solidariamente para evitar la sobrepoblaci\u00f3n y que ello se convierta en un problema de salud p\u00fablica.<\/p>\n","protected":false},"excerpt":{"rendered":"<p> El ayuntamiento local hace una invitaci\u00f3n abierta a toda la ciudadan\u00eda para coadyuvar en el reforzamiento de vacunaci\u00f3n y esterilizaci\u00f3n antirr\u00e1bica canina y felina, que se lleva a cabo los d\u00edas mi\u00e9rcoles de cada semana en diferentes comunidades del municipio de manera totalmente gratuita.<\/p>\n","protected":false},"author":3,"featured_media":390400,"comment_status":"open","ping_status":"open","sticky":false,"template":"","format":"standard","meta":{"_monsterinsights_skip_tracking":false,"_monsterinsights_sitenote_active":false,"_monsterinsights_sitenote_note":"","_monsterinsights_sitenote_category":0,"footnotes":""},"categories":[35155],"tags":[43675,3802],"class_list":["post-390299","post","type-post","status-publish","format-standard","has-post-thumbnail","hentry","category-estado-de-mexico-estado-de-mexico","tag-estado-de-mexico","tag-tultepec"],"_links":{"self":[{"href":"https:\/\/www.diarioimagen.net\/index.php?rest_route=\/wp\/v2\/posts\/390299","targetHints":{"allow":["GET"]}}],"collection":[{"href":"https:\/\/www.diarioimagen.net\/index.php?rest_route=\/wp\/v2\/posts"}],"about":[{"href":"https:\/\/www.diarioimagen.net\/index.php?rest_route=\/wp\/v2\/types\/post"}],"author":[{"embeddable":true,"href":"https:\/\/www.diarioimagen.net\/index.php?rest_route=\/wp\/v2\/users\/3"}],"replies":[{"embeddable":true,"href":"https:\/\/www.diarioimagen.net\/index.php?rest_route=%2Fwp%2Fv2%2Fcomments&post=390299"}],"version-history":[{"count":0,"href":"https:\/\/www.diarioimagen.net\/index.php?rest_route=\/wp\/v2\/posts\/390299\/revisions"}],"wp:featuredmedia":[{"embeddable":true,"href":"https:\/\/www.diarioimagen.net\/index.php?rest_route=\/wp\/v2\/media\/390400"}],"wp:attachment":[{"href":"https:\/\/www.diarioimagen.net\/index.php?rest_route=%2Fwp%2Fv2%2Fmedia&parent=390299"}],"wp:term":[{"taxonomy":"category","embeddable":true,"href":"https:\/\/www.diarioimagen.net\/index.php?rest_route=%2Fwp%2Fv2%2Fcategories&post=390299"},{"taxonomy":"post_tag","embeddable":true,"href":"https:\/\/www.diarioimagen.net\/index.php?rest_route=%2Fwp%2Fv2%2Ftags&post=390299"}],"curies":[{"name":"wp","href":"https:\/\/api.w.org\/{rel}","templated":true}]}}