{"id":390302,"date":"2018-08-16T00:07:22","date_gmt":"2018-08-16T05:07:22","guid":{"rendered":"https:\/\/www.diarioimagen.net\/?p=390302"},"modified":"2018-08-16T06:49:19","modified_gmt":"2018-08-16T11:49:19","slug":"dan-mantenimiento-a-la-cortina-de-la-presa-el-angulo-ante-riesgo-de-desborde","status":"publish","type":"post","link":"https:\/\/www.diarioimagen.net\/?p=390302","title":{"rendered":"Dan mantenimiento a la cortina de la presa El \u00c1ngulo, ante riesgo de desborde"},"content":{"rendered":"<ul>\n<li><strong><em>Personal de CAEM y Operagua<\/em><\/strong><\/li>\n<\/ul>\n<p>&nbsp;<\/p>\n<div id=\"attachment_390409\" style=\"width: 470px\" class=\"wp-caption aligncenter\"><a href=\"https:\/\/www.diarioimagen.net\/?attachment_id=390409\" rel=\"attachment wp-att-390409\"><img loading=\"lazy\" decoding=\"async\" aria-describedby=\"caption-attachment-390409\" class=\"size-large wp-image-390409\" src=\"https:\/\/www.diarioimagen.net\/wp-content\/uploads\/2018\/08\/CUAUTITLAN-3434-460x259.jpg\" alt=\"\" width=\"460\" height=\"259\" srcset=\"https:\/\/www.diarioimagen.net\/wp-content\/uploads\/2018\/08\/CUAUTITLAN-3434-460x259.jpg 460w, https:\/\/www.diarioimagen.net\/wp-content\/uploads\/2018\/08\/CUAUTITLAN-3434-240x135.jpg 240w, https:\/\/www.diarioimagen.net\/wp-content\/uploads\/2018\/08\/CUAUTITLAN-3434-235x132.jpg 235w, https:\/\/www.diarioimagen.net\/wp-content\/uploads\/2018\/08\/CUAUTITLAN-3434-202x114.jpg 202w, https:\/\/www.diarioimagen.net\/wp-content\/uploads\/2018\/08\/CUAUTITLAN-3434-350x196.jpg 350w, https:\/\/www.diarioimagen.net\/wp-content\/uploads\/2018\/08\/CUAUTITLAN-3434-220x123.jpg 220w, https:\/\/www.diarioimagen.net\/wp-content\/uploads\/2018\/08\/CUAUTITLAN-3434-237x132.jpg 237w, https:\/\/www.diarioimagen.net\/wp-content\/uploads\/2018\/08\/CUAUTITLAN-3434.jpg 480w\" sizes=\"auto, (max-width: 460px) 100vw, 460px\" \/><\/a><p id=\"caption-attachment-390409\" class=\"wp-caption-text\">Con la intensa lluvia de la semana pasada, producto de las tormentas tropicales de la temporada, se identificaron nuevas fisuras, tanto en los muros de soporte, como en la misma cortina.<\/p><\/div>\n<p>&nbsp;<\/p>\n<p><strong>Cuautitl\u00e1n Izcalli, Estado de M\u00e9xico<\/strong>.- El Organismo de Agua Potable, Alcantarillado y Saneamiento y la Comisi\u00f3n de Agua del Estado de M\u00e9xico (CAEM), continuaron con trabajos de mantenimiento preventivos y correctivos en la presa El \u00c1ngulo con el objetivo de aminorar riesgos en caso de una contingencia por la temporada de lluvias.<\/p>\n<p>Desde junio pasado las instancias estatal y municipal dieron mantenimiento a la cortina de la presa El \u00c1ngulo, pues tras varias inspecciones t\u00e9cnicas realizadas por especialistas de ambos organismos, se identificaron fisuras las cuales se atendieron desde antes del inicio de la temporada de lluvias.<\/p>\n<p>Con la intensa lluvia de la semana pasada, producto de las tormentas tropicales de la temporada, se identificaron nuevas fisuras tanto en los muros de soporte como en la misma cortina. Una vez identificadas, se determin\u00f3 cubrir las grietas con impermeabilizante especial para tapar los huecos por donde hay escurrimiento.<\/p>\n<p>Actualmente, el monitoreo y supervisi\u00f3n dentro y fuera de la presa se mantienen en tanto concluya la temporada de lluvias, tanto por la CAEM como por Operagia Izcalli.<\/p>\n<p>Adicionalmente en conjunto con la unidad de Protecci\u00f3n Civil y bomberos local, se mantienen en previsi\u00f3n a las lluvias poniendo especial atenci\u00f3n en zonas de riesgo identificadas en el Atlas de Riesgo municipal.<\/p>\n<p>De igual modo, se pide a la poblaci\u00f3n de colonias cercanas a la presa se mantengan alertas a los avisos y recomendaciones por parte de las autoridades en caso de contingencia.<\/p>\n","protected":false},"excerpt":{"rendered":"<p>El Organismo de Agua Potable, Alcantarillado y Saneamiento y la Comisi\u00f3n de Agua del Estado de M\u00e9xico (CAEM), continuaron con trabajos de mantenimiento preventivos y correctivos en la presa El \u00c1ngulo con el objetivo de aminorar riesgos en caso de una contingencia por la temporada de lluvias.<\/p>\n","protected":false},"author":3,"featured_media":390409,"comment_status":"open","ping_status":"open","sticky":false,"template":"","format":"standard","meta":{"_monsterinsights_skip_tracking":false,"_monsterinsights_sitenote_active":false,"_monsterinsights_sitenote_note":"","_monsterinsights_sitenote_category":0,"footnotes":""},"categories":[35155],"tags":[971,77145,64870,43675],"class_list":["post-390302","post","type-post","status-publish","format-standard","has-post-thumbnail","hentry","category-estado-de-mexico-estado-de-mexico","tag-cuautitlan-izcalli","tag-desborde","tag-el-angulo","tag-estado-de-mexico"],"_links":{"self":[{"href":"https:\/\/www.diarioimagen.net\/index.php?rest_route=\/wp\/v2\/posts\/390302","targetHints":{"allow":["GET"]}}],"collection":[{"href":"https:\/\/www.diarioimagen.net\/index.php?rest_route=\/wp\/v2\/posts"}],"about":[{"href":"https:\/\/www.diarioimagen.net\/index.php?rest_route=\/wp\/v2\/types\/post"}],"author":[{"embeddable":true,"href":"https:\/\/www.diarioimagen.net\/index.php?rest_route=\/wp\/v2\/users\/3"}],"replies":[{"embeddable":true,"href":"https:\/\/www.diarioimagen.net\/index.php?rest_route=%2Fwp%2Fv2%2Fcomments&post=390302"}],"version-history":[{"count":0,"href":"https:\/\/www.diarioimagen.net\/index.php?rest_route=\/wp\/v2\/posts\/390302\/revisions"}],"wp:featuredmedia":[{"embeddable":true,"href":"https:\/\/www.diarioimagen.net\/index.php?rest_route=\/wp\/v2\/media\/390409"}],"wp:attachment":[{"href":"https:\/\/www.diarioimagen.net\/index.php?rest_route=%2Fwp%2Fv2%2Fmedia&parent=390302"}],"wp:term":[{"taxonomy":"category","embeddable":true,"href":"https:\/\/www.diarioimagen.net\/index.php?rest_route=%2Fwp%2Fv2%2Fcategories&post=390302"},{"taxonomy":"post_tag","embeddable":true,"href":"https:\/\/www.diarioimagen.net\/index.php?rest_route=%2Fwp%2Fv2%2Ftags&post=390302"}],"curies":[{"name":"wp","href":"https:\/\/api.w.org\/{rel}","templated":true}]}}