{"id":390309,"date":"2018-08-16T00:05:12","date_gmt":"2018-08-16T05:05:12","guid":{"rendered":"https:\/\/www.diarioimagen.net\/?p=390309"},"modified":"2018-08-16T06:50:08","modified_gmt":"2018-08-16T11:50:08","slug":"invita-metepec-a-registrar-candidatos-al-premio-municipal-de-la-juventud","status":"publish","type":"post","link":"https:\/\/www.diarioimagen.net\/?p=390309","title":{"rendered":"Invita Metepec a registrar candidatos al Premio Municipal de la Juventud"},"content":{"rendered":"<ul>\n<li><strong><em>A j\u00f3venes destacados en seis modalidades<\/em><\/strong><\/li>\n<\/ul>\n<p>&nbsp;<\/p>\n<div id=\"attachment_390412\" style=\"width: 470px\" class=\"wp-caption aligncenter\"><a href=\"https:\/\/www.diarioimagen.net\/?attachment_id=390412\" rel=\"attachment wp-att-390412\"><img loading=\"lazy\" decoding=\"async\" aria-describedby=\"caption-attachment-390412\" class=\"size-large wp-image-390412\" src=\"https:\/\/www.diarioimagen.net\/wp-content\/uploads\/2018\/08\/METEPEC-3434-460x259.jpg\" alt=\"\" width=\"460\" height=\"259\" srcset=\"https:\/\/www.diarioimagen.net\/wp-content\/uploads\/2018\/08\/METEPEC-3434-460x259.jpg 460w, https:\/\/www.diarioimagen.net\/wp-content\/uploads\/2018\/08\/METEPEC-3434-240x135.jpg 240w, https:\/\/www.diarioimagen.net\/wp-content\/uploads\/2018\/08\/METEPEC-3434-235x132.jpg 235w, https:\/\/www.diarioimagen.net\/wp-content\/uploads\/2018\/08\/METEPEC-3434-202x114.jpg 202w, https:\/\/www.diarioimagen.net\/wp-content\/uploads\/2018\/08\/METEPEC-3434-350x196.jpg 350w, https:\/\/www.diarioimagen.net\/wp-content\/uploads\/2018\/08\/METEPEC-3434-220x123.jpg 220w, https:\/\/www.diarioimagen.net\/wp-content\/uploads\/2018\/08\/METEPEC-3434-237x132.jpg 237w, https:\/\/www.diarioimagen.net\/wp-content\/uploads\/2018\/08\/METEPEC-3434.jpg 480w\" sizes=\"auto, (max-width: 460px) 100vw, 460px\" \/><\/a><p id=\"caption-attachment-390412\" class=\"wp-caption-text\">Convocan a registrar propuestas de j\u00f3venes destacados para obtener el Premio Municipal de la Juventud 2018.<\/p><\/div>\n<p>&nbsp;<\/p>\n<p><strong>Metepec, Estado de M\u00e9xico<\/strong>.-\u00a0El gobierno de Metepec abri\u00f3 la convocatoria para recibir y registrar propuestas de j\u00f3venes destacados para obtener el Premio Municipal de la Juventud 2018.<\/p>\n<p>Como parte de la pol\u00edtica de atenci\u00f3n y desarrollo integral de este sector de la poblaci\u00f3n impulsada por el alcalde David L\u00f3pez C\u00e1rdenas, en coordinaci\u00f3n con el Consejo Municipal de la Juventud, fue publicada a partir de este d\u00eda la Convocatoria con vigencia hasta el 28 de septiembre del presente a\u00f1o.<\/p>\n<p>El documento dado a conocer por la direcci\u00f3n de Desarrollo Social, a trav\u00e9s del departamento de Atenci\u00f3n a la Juventud, contempla dos categor\u00edas para candidatos con residencia legal en el municipio, establecidas para edades de 12 a 17 a\u00f1os y de 18 a 29 a\u00f1os, quienes podr\u00e1n participar en seis modalidades: Trayectoria Acad\u00e9mica, Labor Social, Trayectoria Art\u00edstica o Cultural, Deporte, J\u00f3venes Artesanos y Superaci\u00f3n de J\u00f3venes con Discapacidad.<\/p>\n<p>Para el registro de aspirantes a recibir el premio, deber\u00e1 presentarse carta de postulaci\u00f3n destacando m\u00e9ritos, copias de identificaci\u00f3n oficial, comprobante de domiclio, acta de nacimiento, CURP, curriculum vitae, documentos probatorios del merecimiento, entre otras especificaciones establecidas en la convocatoria.<\/p>\n<p>La revisi\u00f3n y evaluaci\u00f3n de las candidaturas inscritas, la realizar\u00e1 el\u00a0jurado calificador, -integrado por especialistas y personas de reconocida experiencia- para cada una de las denominaciones del Premio Municipal de la Juventud, quien dictaminar\u00e1 el resultado inapelable.<\/p>\n<p>Los premios de cada categor\u00eda, consistir\u00e1n en 5 mil pesos en efectivo, reconocimiento y artesan\u00eda para los primeros lugares de las 6 modalidades; en tanto que los segundos y terceros lugares, recibir\u00e1n regalo sorpresa y reconocimiento.<\/p>\n<p>Los resultados de los ganadores ser\u00e1n publicados en la p\u00e1gina electr\u00f3nica del Departamento de Atenci\u00f3n a la Juventud\u00a0por Facebook en: Juventud Metepec y Twitter: @JuventudMetepec, y en las Oficinas del Departamento de Atenci\u00f3n a la Juventud durante los 3 d\u00edas h\u00e1biles siguientes a la fecha de deliberaci\u00f3n por parte del jurado.<\/p>\n<p>La recepci\u00f3n de documentos se llevar\u00e1 a cabo en las oficinas ubicadas en avenida Estado de M\u00e9xico n\u00famero 157, Barrio del Esp\u00edritu Santo, Metepec, en un horario de lunes a viernes de 09:00 a 18:00 h. En el lugar se dispone toda la informaci\u00f3n complementaria y en el n\u00famero telef\u00f3nico\u00a02-32-91-93.<\/p>\n","protected":false},"excerpt":{"rendered":"<p>El gobierno de Metepec abri\u00f3 la convocatoria para recibir y registrar propuestas de j\u00f3venes destacados para obtener el Premio Municipal de la Juventud 2018.<\/p>\n","protected":false},"author":3,"featured_media":390412,"comment_status":"open","ping_status":"open","sticky":false,"template":"","format":"standard","meta":{"_monsterinsights_skip_tracking":false,"_monsterinsights_sitenote_active":false,"_monsterinsights_sitenote_note":"","_monsterinsights_sitenote_category":0,"footnotes":""},"categories":[35155],"tags":[43675,876,68120],"class_list":["post-390309","post","type-post","status-publish","format-standard","has-post-thumbnail","hentry","category-estado-de-mexico-estado-de-mexico","tag-estado-de-mexico","tag-metepec","tag-premio-municipal-de-la-juventud"],"_links":{"self":[{"href":"https:\/\/www.diarioimagen.net\/index.php?rest_route=\/wp\/v2\/posts\/390309","targetHints":{"allow":["GET"]}}],"collection":[{"href":"https:\/\/www.diarioimagen.net\/index.php?rest_route=\/wp\/v2\/posts"}],"about":[{"href":"https:\/\/www.diarioimagen.net\/index.php?rest_route=\/wp\/v2\/types\/post"}],"author":[{"embeddable":true,"href":"https:\/\/www.diarioimagen.net\/index.php?rest_route=\/wp\/v2\/users\/3"}],"replies":[{"embeddable":true,"href":"https:\/\/www.diarioimagen.net\/index.php?rest_route=%2Fwp%2Fv2%2Fcomments&post=390309"}],"version-history":[{"count":0,"href":"https:\/\/www.diarioimagen.net\/index.php?rest_route=\/wp\/v2\/posts\/390309\/revisions"}],"wp:featuredmedia":[{"embeddable":true,"href":"https:\/\/www.diarioimagen.net\/index.php?rest_route=\/wp\/v2\/media\/390412"}],"wp:attachment":[{"href":"https:\/\/www.diarioimagen.net\/index.php?rest_route=%2Fwp%2Fv2%2Fmedia&parent=390309"}],"wp:term":[{"taxonomy":"category","embeddable":true,"href":"https:\/\/www.diarioimagen.net\/index.php?rest_route=%2Fwp%2Fv2%2Fcategories&post=390309"},{"taxonomy":"post_tag","embeddable":true,"href":"https:\/\/www.diarioimagen.net\/index.php?rest_route=%2Fwp%2Fv2%2Ftags&post=390309"}],"curies":[{"name":"wp","href":"https:\/\/api.w.org\/{rel}","templated":true}]}}