{"id":390311,"date":"2018-08-16T00:04:34","date_gmt":"2018-08-16T05:04:34","guid":{"rendered":"https:\/\/www.diarioimagen.net\/?p=390311"},"modified":"2018-08-16T06:51:18","modified_gmt":"2018-08-16T11:51:18","slug":"vigilancia-estricta-a-verificadores-en-naucalpan-omar-tinajero","status":"publish","type":"post","link":"https:\/\/www.diarioimagen.net\/?p=390311","title":{"rendered":"Vigilancia estricta a verificadores en Naucalpan: Omar Tinajero"},"content":{"rendered":"<div id=\"attachment_390414\" style=\"width: 470px\" class=\"wp-caption aligncenter\"><a href=\"https:\/\/www.diarioimagen.net\/?attachment_id=390414\" rel=\"attachment wp-att-390414\"><img loading=\"lazy\" decoding=\"async\" aria-describedby=\"caption-attachment-390414\" class=\"size-large wp-image-390414\" src=\"https:\/\/www.diarioimagen.net\/wp-content\/uploads\/2018\/08\/vigilancia-3434-460x259.jpg\" alt=\"\" width=\"460\" height=\"259\" srcset=\"https:\/\/www.diarioimagen.net\/wp-content\/uploads\/2018\/08\/vigilancia-3434-460x259.jpg 460w, https:\/\/www.diarioimagen.net\/wp-content\/uploads\/2018\/08\/vigilancia-3434-240x135.jpg 240w, https:\/\/www.diarioimagen.net\/wp-content\/uploads\/2018\/08\/vigilancia-3434-235x132.jpg 235w, https:\/\/www.diarioimagen.net\/wp-content\/uploads\/2018\/08\/vigilancia-3434-202x114.jpg 202w, https:\/\/www.diarioimagen.net\/wp-content\/uploads\/2018\/08\/vigilancia-3434-350x196.jpg 350w, https:\/\/www.diarioimagen.net\/wp-content\/uploads\/2018\/08\/vigilancia-3434-220x123.jpg 220w, https:\/\/www.diarioimagen.net\/wp-content\/uploads\/2018\/08\/vigilancia-3434-237x132.jpg 237w, https:\/\/www.diarioimagen.net\/wp-content\/uploads\/2018\/08\/vigilancia-3434.jpg 480w\" sizes=\"auto, (max-width: 460px) 100vw, 460px\" \/><\/a><p id=\"caption-attachment-390414\" class=\"wp-caption-text\">Convocan a registrar propuestas de j\u00f3venes destacados para obtener el Premio Municipal de la Juventud 2018.<\/p><\/div>\n<p>&nbsp;<\/p>\n<p><strong>Naucalpan, Estado de M\u00e9xico.- <\/strong>Desde que asumi\u00f3 la titularidad de la Subdirecci\u00f3n de Normatividad Comercial, Omar Tinajero Cort\u00e9s, por instrucciones del alcalde, V\u00edctor Hugo G\u00e1lvez Astorga, los 19 verificadores con los que cuenta la dependencia, deber\u00e1n conducirse con honestidad y cumpliendo con fidelidad al reglamento de Normatividad Comercial en la localidad.<\/p>\n<p>Tinajero Cort\u00e9s asegur\u00f3 que para evitar cualquier tipo de extorsi\u00f3n a\u00a0 comercios muebles e inmuebles en Naucalpan, diariamente se expide la identificaci\u00f3n correspondiente a los verificadores que realizan su trabajo en dicha \u00e1rea de gobierno.<\/p>\n<p>&nbsp;<\/p>\n","protected":false},"excerpt":{"rendered":"<p>Desde que asumi\u00f3 la titularidad de la Subdirecci\u00f3n de Normatividad Comercial, Omar Tinajero Cort\u00e9s, por instrucciones del alcalde, V\u00edctor Hugo G\u00e1lvez Astorga, los 19 verificadores con los que cuenta la dependencia, deber\u00e1n conducirse con honestidad y cumpliendo con fidelidad al reglamento de Normatividad Comercial en la localidad.<\/p>\n","protected":false},"author":3,"featured_media":390414,"comment_status":"open","ping_status":"open","sticky":false,"template":"","format":"standard","meta":{"_monsterinsights_skip_tracking":false,"_monsterinsights_sitenote_active":false,"_monsterinsights_sitenote_note":"","_monsterinsights_sitenote_category":0,"footnotes":""},"categories":[35155],"tags":[43675,970,77146],"class_list":["post-390311","post","type-post","status-publish","format-standard","has-post-thumbnail","hentry","category-estado-de-mexico-estado-de-mexico","tag-estado-de-mexico","tag-naucalpan","tag-verificadores"],"_links":{"self":[{"href":"https:\/\/www.diarioimagen.net\/index.php?rest_route=\/wp\/v2\/posts\/390311","targetHints":{"allow":["GET"]}}],"collection":[{"href":"https:\/\/www.diarioimagen.net\/index.php?rest_route=\/wp\/v2\/posts"}],"about":[{"href":"https:\/\/www.diarioimagen.net\/index.php?rest_route=\/wp\/v2\/types\/post"}],"author":[{"embeddable":true,"href":"https:\/\/www.diarioimagen.net\/index.php?rest_route=\/wp\/v2\/users\/3"}],"replies":[{"embeddable":true,"href":"https:\/\/www.diarioimagen.net\/index.php?rest_route=%2Fwp%2Fv2%2Fcomments&post=390311"}],"version-history":[{"count":0,"href":"https:\/\/www.diarioimagen.net\/index.php?rest_route=\/wp\/v2\/posts\/390311\/revisions"}],"wp:featuredmedia":[{"embeddable":true,"href":"https:\/\/www.diarioimagen.net\/index.php?rest_route=\/wp\/v2\/media\/390414"}],"wp:attachment":[{"href":"https:\/\/www.diarioimagen.net\/index.php?rest_route=%2Fwp%2Fv2%2Fmedia&parent=390311"}],"wp:term":[{"taxonomy":"category","embeddable":true,"href":"https:\/\/www.diarioimagen.net\/index.php?rest_route=%2Fwp%2Fv2%2Fcategories&post=390311"},{"taxonomy":"post_tag","embeddable":true,"href":"https:\/\/www.diarioimagen.net\/index.php?rest_route=%2Fwp%2Fv2%2Ftags&post=390311"}],"curies":[{"name":"wp","href":"https:\/\/api.w.org\/{rel}","templated":true}]}}