{"id":390434,"date":"2018-08-17T00:09:05","date_gmt":"2018-08-17T05:09:05","guid":{"rendered":"https:\/\/www.diarioimagen.net\/?p=390434"},"modified":"2018-08-20T00:35:02","modified_gmt":"2018-08-20T05:35:02","slug":"dos-muertos-y-un-herido-en-chimalhuacan-por-intensas-lluvias","status":"publish","type":"post","link":"https:\/\/www.diarioimagen.net\/?p=390434","title":{"rendered":"Chimalhuac\u00e1n: 2 muertos y un ni\u00f1o herido por lluvias"},"content":{"rendered":"<ul>\n<li><em><strong>Se los llev\u00f3 la corriente<\/strong><\/em><\/li>\n<li><em><strong>Una decena de automoviles fueron arrastrados por la gran cantidad de agua que baj\u00f3 del cerro El Chimalhuache<\/strong><\/em><\/li>\n<\/ul>\n<h6>Jos\u00e9 Luis Monta\u00f1ez<\/h6>\n<p>&nbsp;<\/p>\n<div id=\"attachment_390435\" style=\"width: 470px\" class=\"wp-caption aligncenter\"><img loading=\"lazy\" decoding=\"async\" aria-describedby=\"caption-attachment-390435\" class=\"wp-image-390435 size-large\" src=\"https:\/\/www.diarioimagen.net\/wp-content\/uploads\/2018\/08\/CHIMALHUACAN17-PORTAL-460x268.jpg\" alt=\"\" width=\"460\" height=\"268\" srcset=\"https:\/\/www.diarioimagen.net\/wp-content\/uploads\/2018\/08\/CHIMALHUACAN17-PORTAL-460x268.jpg 460w, https:\/\/www.diarioimagen.net\/wp-content\/uploads\/2018\/08\/CHIMALHUACAN17-PORTAL-240x140.jpg 240w, https:\/\/www.diarioimagen.net\/wp-content\/uploads\/2018\/08\/CHIMALHUACAN17-PORTAL.jpg 480w\" sizes=\"auto, (max-width: 460px) 100vw, 460px\" \/><p id=\"caption-attachment-390435\" class=\"wp-caption-text\">El adulto, quien permanece en calidad de desconocido, perdi\u00f3 la vida previo a su ingreso al nosocomio; la Fiscal\u00eda inici\u00f3 la carpeta de investigaci\u00f3n correspondiente.<\/p><\/div>\n<p>&nbsp;<\/p>\n<p><strong>Chimalhuac\u00e1n, Estado de M\u00e9xico<\/strong>.- Tras las fuertes lluvias del mi\u00e9rcoles, la Fiscal\u00eda General de Justicia del Estado de M\u00e9xico (FGJEM) report\u00f3 el deceso de dos adultos y un menor lesionado a causa del fen\u00f3meno meteorol\u00f3gico.<\/p>\n<p>De acuerdo con las primeras investigaciones, elementos de la Polic\u00eda municipal de Chimalhuac\u00e1n informaron que en la calle Aldama, de la colonia Cabecera Municipal, encontraron el cuerpo sin vida de una mujer de 31 a\u00f1os de edad.<\/p>\n<p>Testigos refieren que la v\u00edctima caminaba en compa\u00f1\u00eda de su hijo de 10 a\u00f1os de edad, sobre la calle La Paz, en esta misma colonia, cuando ambos fueron arrastrados por la corriente, formada por la torrencial lluvia. Pese a que ambos fueron auxiliados por un hombre de identidad desconocida, la madre del menor perdi\u00f3 la vida.<\/p>\n<p>El hombre y el ni\u00f1o quedaron varados en avenida Nezahualc\u00f3yotl esquina con\u00a0 Plaza Zaragoza, de la misma colonia, donde fueron auxiliados por una ambulancia de rescate\u00a0 y trasladados al Hospital General de Chimalhuac\u00e1n, donde el menor se reporta estable.<\/p>\n<p>El adulto, quien permanece en calidad de desconocido, perdi\u00f3 la vida previo a su ingreso al nosocomio; la FGJEM inici\u00f3 la carpeta de investigaci\u00f3n correspondiente.<\/p>\n<p>&nbsp;<\/p>\n<p style=\"text-align: center;\"><strong>Edomex coordina acciones <\/strong><strong>para atender afectaciones <\/strong><\/p>\n<p>La Comisi\u00f3n del Agua del Estado de M\u00e9xico (CAEM) inform\u00f3 que trabaja para atender las afectaciones en vialidades y viviendas que dejaron las intensas precipitaciones pluviales registradas la noche de ayer en el Estado de M\u00e9xico.<\/p>\n<p>El Grupo Tl\u00e1loc activ\u00f3 sus protocolos de atenci\u00f3n inmediata, para apoyar en el abatimiento de los niveles de encharcamiento y la limpieza de las casas. La Comisi\u00f3n report\u00f3 que la intensidad pluvial dej\u00f3 como saldo 135 casas con da\u00f1os en Nezahualc\u00f3yotl y Chimalhuac\u00e1n, las cuales ya son atendidas.<\/p>\n<p>En Nezahualc\u00f3yotl, el equipo de \u201cAgua limpia\u201d trabaja en la limpieza de 50 casas, con dos equipos de presi\u00f3n succi\u00f3n y dos camiones cisterna para lavar patios y desinfectar cisternas.<\/p>\n","protected":false},"excerpt":{"rendered":"<p><span style=\"color: #005497;\">Jos\u00e9 Luis Monta\u00f1ez<\/span><br \/>\n<br \/>\nTras las fuertes lluvias del mi\u00e9rcoles, la Fiscal\u00eda General de Justicia del Estado de M\u00e9xico (FGJEM) report\u00f3 el deceso de dos adultos y un menor lesionado a causa del fen\u00f3meno meteorol\u00f3gico.<\/p>\n","protected":false},"author":5,"featured_media":390435,"comment_status":"open","ping_status":"open","sticky":false,"template":"","format":"standard","meta":{"_monsterinsights_skip_tracking":false,"_monsterinsights_sitenote_active":false,"_monsterinsights_sitenote_note":"","_monsterinsights_sitenote_category":0,"footnotes":""},"categories":[5],"tags":[8623,63250,43675,56576,77154,77153],"class_list":["post-390434","post","type-post","status-publish","format-standard","has-post-thumbnail","hentry","category-estado-de-mexico","tag-chimalhuacan","tag-dos-muertos","tag-estado-de-mexico","tag-fiscalia-general-de-justicia-del-estado-de-mexico","tag-intensas-lluvias","tag-un-herido"],"_links":{"self":[{"href":"https:\/\/www.diarioimagen.net\/index.php?rest_route=\/wp\/v2\/posts\/390434","targetHints":{"allow":["GET"]}}],"collection":[{"href":"https:\/\/www.diarioimagen.net\/index.php?rest_route=\/wp\/v2\/posts"}],"about":[{"href":"https:\/\/www.diarioimagen.net\/index.php?rest_route=\/wp\/v2\/types\/post"}],"author":[{"embeddable":true,"href":"https:\/\/www.diarioimagen.net\/index.php?rest_route=\/wp\/v2\/users\/5"}],"replies":[{"embeddable":true,"href":"https:\/\/www.diarioimagen.net\/index.php?rest_route=%2Fwp%2Fv2%2Fcomments&post=390434"}],"version-history":[{"count":0,"href":"https:\/\/www.diarioimagen.net\/index.php?rest_route=\/wp\/v2\/posts\/390434\/revisions"}],"wp:featuredmedia":[{"embeddable":true,"href":"https:\/\/www.diarioimagen.net\/index.php?rest_route=\/wp\/v2\/media\/390435"}],"wp:attachment":[{"href":"https:\/\/www.diarioimagen.net\/index.php?rest_route=%2Fwp%2Fv2%2Fmedia&parent=390434"}],"wp:term":[{"taxonomy":"category","embeddable":true,"href":"https:\/\/www.diarioimagen.net\/index.php?rest_route=%2Fwp%2Fv2%2Fcategories&post=390434"},{"taxonomy":"post_tag","embeddable":true,"href":"https:\/\/www.diarioimagen.net\/index.php?rest_route=%2Fwp%2Fv2%2Ftags&post=390434"}],"curies":[{"name":"wp","href":"https:\/\/api.w.org\/{rel}","templated":true}]}}