{"id":390486,"date":"2018-08-17T00:06:23","date_gmt":"2018-08-17T05:06:23","guid":{"rendered":"https:\/\/www.diarioimagen.net\/?p=390486"},"modified":"2018-08-20T00:27:18","modified_gmt":"2018-08-20T05:27:18","slug":"con-apoyo-de-ip-seremos-una-potencia-dice-amlo","status":"publish","type":"post","link":"https:\/\/www.diarioimagen.net\/?p=390486","title":{"rendered":"Con apoyo de IP seremos una potencia, dice AMLO"},"content":{"rendered":"<ul>\n<li><em><strong>Ofrece inversi\u00f3n sin obst\u00e1culos<\/strong><\/em><\/li>\n<li><em><strong>Prev\u00e9 que la econom\u00eda crezca por lo menos 4% anual<\/strong><\/em><\/li>\n<\/ul>\n<p>&nbsp;<\/p>\n<div id=\"attachment_390634\" style=\"width: 470px\" class=\"wp-caption aligncenter\"><a href=\"https:\/\/www.diarioimagen.net\/?attachment_id=390634\" rel=\"attachment wp-att-390634\"><img loading=\"lazy\" decoding=\"async\" aria-describedby=\"caption-attachment-390634\" class=\"size-large wp-image-390634\" src=\"https:\/\/www.diarioimagen.net\/wp-content\/uploads\/2018\/08\/ip-3435-460x259.jpg\" alt=\"\" width=\"460\" height=\"259\" srcset=\"https:\/\/www.diarioimagen.net\/wp-content\/uploads\/2018\/08\/ip-3435-460x259.jpg 460w, https:\/\/www.diarioimagen.net\/wp-content\/uploads\/2018\/08\/ip-3435-240x135.jpg 240w, https:\/\/www.diarioimagen.net\/wp-content\/uploads\/2018\/08\/ip-3435-235x132.jpg 235w, https:\/\/www.diarioimagen.net\/wp-content\/uploads\/2018\/08\/ip-3435-202x114.jpg 202w, https:\/\/www.diarioimagen.net\/wp-content\/uploads\/2018\/08\/ip-3435-350x196.jpg 350w, https:\/\/www.diarioimagen.net\/wp-content\/uploads\/2018\/08\/ip-3435-220x123.jpg 220w, https:\/\/www.diarioimagen.net\/wp-content\/uploads\/2018\/08\/ip-3435-237x132.jpg 237w, https:\/\/www.diarioimagen.net\/wp-content\/uploads\/2018\/08\/ip-3435.jpg 480w\" sizes=\"auto, (max-width: 460px) 100vw, 460px\" \/><\/a><p id=\"caption-attachment-390634\" class=\"wp-caption-text\">Andr\u00e9s Manuel L\u00f3pez Obrador asegur\u00f3 que los empresarios tendr\u00e1n todo el apoyo y facilidades para invertir.<\/p><\/div>\n<p>&nbsp;<\/p>\n<p>El Presidente electo, Andr\u00e9s Manuel L\u00f3pez Obrador, asegur\u00f3 que los empresarios tendr\u00e1n todo el apoyo y facilidades para invertir, sin obst\u00e1culos, a fin de que la econom\u00eda crezca por lo menos cuatro por ciento anual y convertir al pa\u00eds en potencia.<\/p>\n<p>\u201cVamos a lograr el prop\u00f3sito de que M\u00e9xico se convierta en una potencia econ\u00f3mica, porque tenemos los recursos para eso, tenemos muchos recursos naturales. Tenemos un pueblo muy trabajador y empresarios que van a invertir. Van a tener el apoyo del gobierno o que tengan facilidades, que no tengan obst\u00e1culos y que se logre que haya crecimiento econ\u00f3mico\u201d.<\/p>\n<p>Entrevistado al t\u00e9rmino de la reuni\u00f3n privada que sostuvo con integrantes del Consejo Mexicano de Negocios -en el Club de Empresarios Bosques- afirm\u00f3 que con los sectores privado, social y p\u00fablico, en armon\u00eda, se trabajar\u00e1 para el crecimiento de pa\u00eds.<\/p>\n<p>Tras considerar el encuentro como constructivo, inform\u00f3 que los empresarios manifestaron su disposici\u00f3n a trabajar y colaborar con el nuevo gobierno federal para sacar adelante al pa\u00eds, y seguir\u00e1n invirtiendo y generando empleos para convertirlo en una potencia econ\u00f3mica.<\/p>\n<p>Por su parte, el presidente del Consejo Mexicano de Negocios, Alejandro Ram\u00edrez Maga\u00f1a, se\u00f1al\u00f3 que se trat\u00f3 de una reuni\u00f3n constructiva con un di\u00e1logo franco, abierto, donde se tuvo apertura para abordar todos los temas.<\/p>\n<p>Indic\u00f3 que ofrecieron a L\u00f3pez Obrador apoyo en programas importantes para su administraci\u00f3n como J\u00f3venes con Futuro y aprendices, donde la participaci\u00f3n del sector privado es importante.<\/p>\n<p>Asegur\u00f3 que las 50 empresas del Consejo est\u00e1n entusiasmadas en apoyar y ofrecieron algunas sugerencias para lograr la movilidad laboral de los j\u00f3venes que carecen de empleo.<\/p>\n<p>Hablaron del apoyo a la peque\u00f1a y mediana empresa como un tema fundamental para aumentar la productividad y el crecimiento del pa\u00eds; abordaron el combate a la corrupcion y la impunidad y de c\u00f3mo el sector privado puede sumarse.<\/p>\n<p>En la reuni\u00f3n -que se prolong\u00f3 casi tres horas- le externaron su preocupaci\u00f3n por el tema de la inseguridad en el pa\u00eds y la manera en que puede coadyuvar el sector privado para reducir el crimen y la delincuencia.<\/p>\n<p>Asimismo, externaron otros temas en materia energ\u00e9tica, educativa y en torno al nuevo aeropuerto de M\u00e9xico; sobre este \u00faltimo se confirm\u00f3 que el viernes se revelar\u00e1 el dictamen respectivo.<\/p>\n<p>A\u00f1adi\u00f3 que fue un encuentro constructivo, \u201ccreo que en general quedamos todos muy optimistas de la apertura que hubo al di\u00e1logo y de ambos lados hubo oportunidad de intercambiar puntos de vista y creo que en general lo calificar\u00eda como un encuentro muy muy propositivo\u201d.<\/p>\n<p>Por su parte el empresario Claudio X. Gonz\u00e1lez consider\u00f3 que el presidente electo L\u00f3pez Obrador \u201cest\u00e1 actuando de forma muy pragm\u00e1tica; va bien la transici\u00f3n y pues queremos que siga yendo muy bien\u201d, \u201ctenemos muchas ganas de ayudarlo a que sea un muy buen Presidente de M\u00e9xico\u201d.<\/p>\n<p>A la reuni\u00f3n asistieron empresarios como presidente del Consejo de Administraci\u00f3n de Telmex, Carlos Slim Domit; Emilio Azc\u00e1rraga, Mar\u00eda Asunci\u00f3n Aramburuzabala, Blanca Trevi\u00f1o, entre otros.<\/p>\n","protected":false},"excerpt":{"rendered":"<p>El Presidente electo, Andr\u00e9s Manuel L\u00f3pez Obrador, asegur\u00f3 que los empresarios tendr\u00e1n todo el apoyo y facilidades para invertir, sin obst\u00e1culos, a fin de que la econom\u00eda crezca por lo menos cuatro por ciento anual y convertir al pa\u00eds en potencia.<\/p>\n","protected":false},"author":3,"featured_media":390634,"comment_status":"open","ping_status":"open","sticky":false,"template":"","format":"standard","meta":{"_monsterinsights_skip_tracking":false,"_monsterinsights_sitenote_active":false,"_monsterinsights_sitenote_note":"","_monsterinsights_sitenote_category":0,"footnotes":""},"categories":[8],"tags":[2545,1352,66475],"class_list":["post-390486","post","type-post","status-publish","format-standard","has-post-thumbnail","hentry","category-finanzas","tag-amlo","tag-andres-manuel-lopez-obrador","tag-potencia"],"_links":{"self":[{"href":"https:\/\/www.diarioimagen.net\/index.php?rest_route=\/wp\/v2\/posts\/390486","targetHints":{"allow":["GET"]}}],"collection":[{"href":"https:\/\/www.diarioimagen.net\/index.php?rest_route=\/wp\/v2\/posts"}],"about":[{"href":"https:\/\/www.diarioimagen.net\/index.php?rest_route=\/wp\/v2\/types\/post"}],"author":[{"embeddable":true,"href":"https:\/\/www.diarioimagen.net\/index.php?rest_route=\/wp\/v2\/users\/3"}],"replies":[{"embeddable":true,"href":"https:\/\/www.diarioimagen.net\/index.php?rest_route=%2Fwp%2Fv2%2Fcomments&post=390486"}],"version-history":[{"count":0,"href":"https:\/\/www.diarioimagen.net\/index.php?rest_route=\/wp\/v2\/posts\/390486\/revisions"}],"wp:featuredmedia":[{"embeddable":true,"href":"https:\/\/www.diarioimagen.net\/index.php?rest_route=\/wp\/v2\/media\/390634"}],"wp:attachment":[{"href":"https:\/\/www.diarioimagen.net\/index.php?rest_route=%2Fwp%2Fv2%2Fmedia&parent=390486"}],"wp:term":[{"taxonomy":"category","embeddable":true,"href":"https:\/\/www.diarioimagen.net\/index.php?rest_route=%2Fwp%2Fv2%2Fcategories&post=390486"},{"taxonomy":"post_tag","embeddable":true,"href":"https:\/\/www.diarioimagen.net\/index.php?rest_route=%2Fwp%2Fv2%2Ftags&post=390486"}],"curies":[{"name":"wp","href":"https:\/\/api.w.org\/{rel}","templated":true}]}}