{"id":390522,"date":"2018-08-17T00:04:00","date_gmt":"2018-08-17T05:04:00","guid":{"rendered":"https:\/\/www.diarioimagen.net\/?p=390522"},"modified":"2018-08-17T07:53:24","modified_gmt":"2018-08-17T12:53:24","slug":"conmemoran-el-194-aniversario-de-ereccion-de-cuautitlan-mexico","status":"publish","type":"post","link":"https:\/\/www.diarioimagen.net\/?p=390522","title":{"rendered":"Conmemoran el 194 aniversario de erecci\u00f3n de Cuautitl\u00e1n, M\u00e9xico"},"content":{"rendered":"<ul>\n<li><strong><em>Legado prehisp\u00e1nico, colonial y revolucionario<\/em><\/strong><\/li>\n<\/ul>\n<p>&nbsp;<\/p>\n<div id=\"attachment_390628\" style=\"width: 470px\" class=\"wp-caption aligncenter\"><a href=\"https:\/\/www.diarioimagen.net\/?attachment_id=390628\" rel=\"attachment wp-att-390628\"><img loading=\"lazy\" decoding=\"async\" aria-describedby=\"caption-attachment-390628\" class=\"size-large wp-image-390628\" src=\"https:\/\/www.diarioimagen.net\/wp-content\/uploads\/2018\/08\/CUAUTITLAN-3435-460x259.jpg\" alt=\"\" width=\"460\" height=\"259\" srcset=\"https:\/\/www.diarioimagen.net\/wp-content\/uploads\/2018\/08\/CUAUTITLAN-3435-460x259.jpg 460w, https:\/\/www.diarioimagen.net\/wp-content\/uploads\/2018\/08\/CUAUTITLAN-3435-240x135.jpg 240w, https:\/\/www.diarioimagen.net\/wp-content\/uploads\/2018\/08\/CUAUTITLAN-3435-235x132.jpg 235w, https:\/\/www.diarioimagen.net\/wp-content\/uploads\/2018\/08\/CUAUTITLAN-3435-202x114.jpg 202w, https:\/\/www.diarioimagen.net\/wp-content\/uploads\/2018\/08\/CUAUTITLAN-3435-350x196.jpg 350w, https:\/\/www.diarioimagen.net\/wp-content\/uploads\/2018\/08\/CUAUTITLAN-3435-220x123.jpg 220w, https:\/\/www.diarioimagen.net\/wp-content\/uploads\/2018\/08\/CUAUTITLAN-3435-237x132.jpg 237w, https:\/\/www.diarioimagen.net\/wp-content\/uploads\/2018\/08\/CUAUTITLAN-3435.jpg 480w\" sizes=\"auto, (max-width: 460px) 100vw, 460px\" \/><\/a><p id=\"caption-attachment-390628\" class=\"wp-caption-text\">Con una emotiva ceremonia c\u00edvica fue conmemorado el 194 aniversario de Cuautitl\u00e1n como municipio libre y soberano.<\/p><\/div>\n<p>&nbsp;<\/p>\n<p><strong>Cuautitl\u00e1n, Estado de M\u00e9xico<\/strong>.- La presidenta, Ma. Guadalupe Fern\u00e1ndez S\u00e1nchez, presidio la ceremonia c\u00edvica del 194 aniversario de la erecci\u00f3n del municipio de Cuautitl\u00e1n, despu\u00e9s de\u00a0 los Honores a la Bandera se dio la lectura de la rese\u00f1a hist\u00f3rica, a cargo del s\u00e9ptimo regidor, Alberto Esteva Hern\u00e1ndez, que puntualizo que Cuautitl\u00e1n es la magia de su gente y tradiciones.<\/p>\n<p>La alcaldesa habl\u00f3 de la emoci\u00f3n que se siente cuando se enlaza la historia con la esperanza, de un mejor futuro de municipio, as\u00ed como la responsabilidad de conducir esta la transformaci\u00f3n.<\/p>\n<p>\u201cEn Cuautitl\u00e1n se vive un legado\u00a0 prehisp\u00e1nico, colonial, revolucionario y democr\u00e1tico, el pasado es identidad y fuente de inspiraci\u00f3n.<\/p>\n<p>En Cuautitl\u00e1n hay generaciones de hombres y mujeres pensadores, pol\u00edticos, activistas y ciudadanos que hicieron posible el Cuautitl\u00e1n que todos queremos. Ha llegado la hora de celebrar con trabajo, con compromiso, con esa idea clara de saber qui\u00e9nes somos y a donde queremos llegar\u201d.<\/p>\n<p>Al terminar su intervenci\u00f3n la edil present\u00f3 una canci\u00f3n, que representa en su letra la historia y la tradici\u00f3n del municipio, \u201cCuautitl\u00e1n de mis amores\u201d, interpretada por Chema Ortega y con la composici\u00f3n del Mtro. Francisco Ortega Garnelo y que se interpret\u00f3 en vivo en el evento.<\/p>\n<p>En esta ceremonia acompa\u00f1aron a la presidenta municipal el Dr. Felipe Serrano Llavena, Director de Entidades Federativas, de la Jefatura de la Presidencia de la Republica, el Lic. Mois\u00e9s V\u00e1zquez Castillo, Representante Municipal del Gobernador del Estado de M\u00e9xico y los Directores del Ayuntamiento de Cuautitl\u00e1n<\/p>\n","protected":false},"excerpt":{"rendered":"<p>La presidenta, Ma. Guadalupe Fern\u00e1ndez S\u00e1nchez, presidio la ceremonia c\u00edvica del 194 aniversario de la erecci\u00f3n del municipio de Cuautitl\u00e1n, despu\u00e9s de  los Honores a la Bandera se dio la lectura de la rese\u00f1a hist\u00f3rica, a cargo del s\u00e9ptimo regidor, Alberto Esteva Hern\u00e1ndez, que puntualizo que Cuautitl\u00e1n es la magia de su gente y tradiciones.<\/p>\n","protected":false},"author":3,"featured_media":390628,"comment_status":"open","ping_status":"open","sticky":false,"template":"","format":"standard","meta":{"_monsterinsights_skip_tracking":false,"_monsterinsights_sitenote_active":false,"_monsterinsights_sitenote_note":"","_monsterinsights_sitenote_category":0,"footnotes":""},"categories":[35155],"tags":[21999,681,77189,43675],"class_list":["post-390522","post","type-post","status-publish","format-standard","has-post-thumbnail","hentry","category-estado-de-mexico-estado-de-mexico","tag-aniversario","tag-cuautitlan","tag-ereccion","tag-estado-de-mexico"],"_links":{"self":[{"href":"https:\/\/www.diarioimagen.net\/index.php?rest_route=\/wp\/v2\/posts\/390522","targetHints":{"allow":["GET"]}}],"collection":[{"href":"https:\/\/www.diarioimagen.net\/index.php?rest_route=\/wp\/v2\/posts"}],"about":[{"href":"https:\/\/www.diarioimagen.net\/index.php?rest_route=\/wp\/v2\/types\/post"}],"author":[{"embeddable":true,"href":"https:\/\/www.diarioimagen.net\/index.php?rest_route=\/wp\/v2\/users\/3"}],"replies":[{"embeddable":true,"href":"https:\/\/www.diarioimagen.net\/index.php?rest_route=%2Fwp%2Fv2%2Fcomments&post=390522"}],"version-history":[{"count":0,"href":"https:\/\/www.diarioimagen.net\/index.php?rest_route=\/wp\/v2\/posts\/390522\/revisions"}],"wp:featuredmedia":[{"embeddable":true,"href":"https:\/\/www.diarioimagen.net\/index.php?rest_route=\/wp\/v2\/media\/390628"}],"wp:attachment":[{"href":"https:\/\/www.diarioimagen.net\/index.php?rest_route=%2Fwp%2Fv2%2Fmedia&parent=390522"}],"wp:term":[{"taxonomy":"category","embeddable":true,"href":"https:\/\/www.diarioimagen.net\/index.php?rest_route=%2Fwp%2Fv2%2Fcategories&post=390522"},{"taxonomy":"post_tag","embeddable":true,"href":"https:\/\/www.diarioimagen.net\/index.php?rest_route=%2Fwp%2Fv2%2Ftags&post=390522"}],"curies":[{"name":"wp","href":"https:\/\/api.w.org\/{rel}","templated":true}]}}