{"id":390559,"date":"2018-08-17T00:05:59","date_gmt":"2018-08-17T05:05:59","guid":{"rendered":"https:\/\/www.diarioimagen.net\/?p=390559"},"modified":"2018-08-17T03:20:30","modified_gmt":"2018-08-17T08:20:30","slug":"educacion-superior-acceso-igualitario","status":"publish","type":"post","link":"https:\/\/www.diarioimagen.net\/?p=390559","title":{"rendered":"Educaci\u00f3n superior, acceso igualitario"},"content":{"rendered":"<h2>Desde el portal<\/h2>\n<h5>\u00c1ngel Soriano<\/h5>\n<p>&nbsp;<\/p>\n<p>La Universidad Aut\u00f3noma \u201cBenito Ju\u00e1rez\u201d de Oaxaca (UABJO) ser\u00e1 sede, el pr\u00f3ximo 29 de octubre, del \u201cForo estatal de educaci\u00f3n\u201d,\u00a0 a los que ha convocado el presidente electo, Andr\u00e9s Manuel L\u00f3pez Obrador, inform\u00f3 el rector Eduardo Bautista Mart\u00ednez, al t\u00e9rmino del encuentro con rectores de 191 integrantes de la ANUIES e indic\u00f3 que el objetivo de los foros es coadyuvar en los procesos de consulta y di\u00e1logo con los distintos actores de la sociedad mexicana con miras a integrar la pol\u00edtica que definir\u00e1 el rumbo de la educaci\u00f3n p\u00fablica.<\/p>\n<p>Se abordar\u00e1n temas que tienen que ver con la educaci\u00f3n b\u00e1sica, media, superior, ciencia y tecnolog\u00eda, as\u00ed como temas transversales que ser\u00e1n coordinados de manera directa por el pr\u00f3ximo titular de la SEP,\u00a0 Esteban Moctezuma Barrag\u00e1n, con el apoyo de la ANUIES y la UABJO.<\/p>\n<p>El rector Bautista Mart\u00ednez coment\u00f3 que durante el encuentro de titulares y representantes de las Universidades del pa\u00eds se acord\u00f3 la ampliaci\u00f3n de la matr\u00edcula y el acceso igualitario a la educaci\u00f3n superior, tema en el que coincidieron todos los rectores participantes, \u201cporque se trata de una de las razones sustantivas de la educaci\u00f3n p\u00fablica del pa\u00eds y de una sociedad m\u00e1s justa y equitativa, se consider\u00f3 la necesidad de brindar certeza presupuestal al conjunto de Universidades P\u00fablicas Estatales (UPE\u2019s) que recienten problemas de car\u00e1cter estructural, producto de la acumulaci\u00f3n de diversos rezagos hist\u00f3ricos.<\/p>\n<p>L\u00f3pez Obrador asegur\u00f3 que antes de que tome posesi\u00f3n el 1 de diciembre pr\u00f3ximo firmar\u00e1 un acuerdo con las universidades p\u00fablicas y privadas del pa\u00eds para \u201cmejorar la educaci\u00f3n superior\u201d y dijo que durante la reuni\u00f3n de dos horas \u201chubo buen di\u00e1logo y buen entendimiento con las universidades p\u00fablicas y privadas, se habl\u00f3 del tema de la gratuidad y se estableci\u00f3 el compromiso de que habr\u00e1 recursos para que operen las casas de estudio del pa\u00eds\u201d.<\/p>\n<p style=\"text-align: center;\"><strong>TURBULENCIAS<br \/>\nReformar cabildos, <\/strong><strong>pedir\u00e1n a AMLO<\/strong><\/p>\n<p>\u00a0Con Claudio Sinecio Flores, regidor electo de Quer\u00e9taro como nuevo presidente, la Confederaci\u00f3n Nacional de Regidores de M\u00e9xico, inform\u00f3 que pedir\u00e1n al presidente electo de M\u00e9xico, Andr\u00e9s Manuel L\u00f3pez Obrador, su apoyo para revisar el actual modelo de cabildo, ya que se encuentra rebasado y es necesario crear uno nuevo, donde exista la opci\u00f3n de contar con la elecci\u00f3n de los s\u00edndicos y regidores de manera individual y por boleta separada o en planilla por secciones; se haga trabajo en comisiones edilicias, se emitan dict\u00e1menes y dejen de ser improvisadas las discusiones de Cabildo; se emitan reglamentos de funcionamiento de los ayuntamientos, se hagan informes peri\u00f3dicos de los avances de los municipios por parte de los regidores y se transparenten todos sus gastos\u2026Al concluir el \u00faltimo Periodo Ordinario del actual ejercicio constitucional, el presidente de la Junta de Coordinaci\u00f3n Pol\u00edtica de la LXIX Legislatura, Miguel S\u00e1mano Peralta, dijo que hoy por hoy, la sociedad puede estar segura de que legislamos con responsabilidad, apego a la ley y con el \u00fanico fin de servir a los mexiquenses, pues se hizo de la tolerancia y el di\u00e1logo el mejor camino para formular propuestas, intercambiar puntos de vista, buscar coincidencias y alcanzar acuerdos en beneficio de m\u00e1s de 17 millones de mexiquenses\u2026Mauricio Farah Guebara, secretario general de la C\u00e1mara de Diputados, inform\u00f3 que en 5 minutos se realizar\u00e1 la credencializaci\u00f3n de los pr\u00f3ximos legisladores que conocer\u00e1n todo lo relativo a las obras de rehabilitaci\u00f3n de los edificios H, A y B, en donde habr\u00e1 cambio de pilotes por pilotos de control para evitar hundimientos o desnivelados, tambi\u00e9n habr\u00e1 sets del Canal del Congreso que en c\u00e1psulas de 4 o 5 minutos informen de d\u00f3nde vienen, cu\u00e1l es su destino y c\u00f3mo llegan a la C\u00e1mara de Diputados. Los trabajos concluir\u00e1n del 20 al 28 del presente, de acuerdo al art\u00edculo 14 de la Ley Org\u00e1nica, inform\u00f3\u2026<\/p>\n<p><a href=\"mailto:asorianocarrasco@yahoo.com\" target=\"_blank\" rel=\"noopener\"><em>asorianocarrasco@yahoo.com<\/em><\/a><\/p>\n","protected":false},"excerpt":{"rendered":"<p><span style=\"color: #005497;\"><strong>\u00c1ngel Soriano<\/strong><\/span><\/p>\n","protected":false},"author":3,"featured_media":0,"comment_status":"open","ping_status":"open","sticky":false,"template":"","format":"standard","meta":{"_monsterinsights_skip_tracking":false,"_monsterinsights_sitenote_active":false,"_monsterinsights_sitenote_note":"","_monsterinsights_sitenote_category":0,"footnotes":""},"categories":[135],"tags":[85,86,43674],"class_list":["post-390559","post","type-post","status-publish","format-standard","hentry","category-angel-soriano-opinion","tag-angel-soriano","tag-desde-el-portal","tag-opinion"],"_links":{"self":[{"href":"https:\/\/www.diarioimagen.net\/index.php?rest_route=\/wp\/v2\/posts\/390559","targetHints":{"allow":["GET"]}}],"collection":[{"href":"https:\/\/www.diarioimagen.net\/index.php?rest_route=\/wp\/v2\/posts"}],"about":[{"href":"https:\/\/www.diarioimagen.net\/index.php?rest_route=\/wp\/v2\/types\/post"}],"author":[{"embeddable":true,"href":"https:\/\/www.diarioimagen.net\/index.php?rest_route=\/wp\/v2\/users\/3"}],"replies":[{"embeddable":true,"href":"https:\/\/www.diarioimagen.net\/index.php?rest_route=%2Fwp%2Fv2%2Fcomments&post=390559"}],"version-history":[{"count":0,"href":"https:\/\/www.diarioimagen.net\/index.php?rest_route=\/wp\/v2\/posts\/390559\/revisions"}],"wp:attachment":[{"href":"https:\/\/www.diarioimagen.net\/index.php?rest_route=%2Fwp%2Fv2%2Fmedia&parent=390559"}],"wp:term":[{"taxonomy":"category","embeddable":true,"href":"https:\/\/www.diarioimagen.net\/index.php?rest_route=%2Fwp%2Fv2%2Fcategories&post=390559"},{"taxonomy":"post_tag","embeddable":true,"href":"https:\/\/www.diarioimagen.net\/index.php?rest_route=%2Fwp%2Fv2%2Ftags&post=390559"}],"curies":[{"name":"wp","href":"https:\/\/api.w.org\/{rel}","templated":true}]}}