{"id":390664,"date":"2018-08-20T00:08:12","date_gmt":"2018-08-20T05:08:12","guid":{"rendered":"https:\/\/www.diarioimagen.net\/?p=390664"},"modified":"2018-08-21T02:05:35","modified_gmt":"2018-08-21T07:05:35","slug":"apoya-edomex-talento-y-esfuerzo-de-la-juventud-mexiquense","status":"publish","type":"post","link":"https:\/\/www.diarioimagen.net\/?p=390664","title":{"rendered":"Apoyo a talento y esfuerzo de la juventud mexiquense"},"content":{"rendered":"<ul>\n<li><strong><em>Ayuda a Jonathan S\u00e1nchez para ser astronauta<\/em><\/strong><\/li>\n<li><strong><em>Est\u00edmulo para su estancia en la Universidad Estatal de Mosc\u00fa<\/em><\/strong><\/li>\n<\/ul>\n<p>&nbsp;<\/p>\n<div id=\"attachment_390665\" style=\"width: 385px\" class=\"wp-caption aligncenter\"><img loading=\"lazy\" decoding=\"async\" aria-describedby=\"caption-attachment-390665\" class=\"size-large wp-image-390665\" src=\"https:\/\/www.diarioimagen.net\/wp-content\/uploads\/2018\/08\/JUVENTUD20-poortal-375x460.jpg\" alt=\"\" width=\"375\" height=\"460\" srcset=\"https:\/\/www.diarioimagen.net\/wp-content\/uploads\/2018\/08\/JUVENTUD20-poortal-375x460.jpg 375w, https:\/\/www.diarioimagen.net\/wp-content\/uploads\/2018\/08\/JUVENTUD20-poortal-196x240.jpg 196w, https:\/\/www.diarioimagen.net\/wp-content\/uploads\/2018\/08\/JUVENTUD20-poortal.jpg 700w\" sizes=\"auto, (max-width: 375px) 100vw, 375px\" \/><p id=\"caption-attachment-390665\" class=\"wp-caption-text\">Jonathan S\u00e1nchez representar\u00e1 por segunda ocasi\u00f3n a M\u00e9xico en el Air Space International Program, concurso organizado por la NASA.<\/p><\/div>\n<p>&nbsp;<\/p>\n<p><strong>Toluca, Estado de M\u00e9xico<\/strong>.- En representaci\u00f3n del gobernador Alfredo Del Mazo Maza, el secretario de Educaci\u00f3n, Alejandro Fern\u00e1ndez Campillo, entreg\u00f3 un est\u00edmulo econ\u00f3mico a Jonathan S\u00e1nchez, para su estancia en Rusia del 20 de agosto al 21 de septiembre, donde aprender\u00e1 el idioma y cursar\u00e1 materias relacionadas con temas aeroespaciales como aerodin\u00e1mica, mec\u00e1nica y tecnolog\u00eda de microsat\u00e9lites.<\/p>\n<p>\u201cEl apoyo me va a permitir estudiar un mes en la Universidad Estatal de Mosc\u00fa, esto ser\u00eda un impulso para seguir con mi meta, que es llegar a ser astronauta\u201d, expres\u00f3 Jonathan S\u00e1nchez P\u00e9rez, originario de Tultepec, al recibir un apoyo econ\u00f3mico del gobierno del Estado de M\u00e9xico para su estancia en la Universidad Estatal de Mosc\u00fa.<\/p>\n<p>El secretario Alejandro Fern\u00e1ndez Campillo refiri\u00f3 que el gobernador es el principal impulsor del talento y esfuerzo de los j\u00f3venes del Estado de M\u00e9xico y pidi\u00f3 a Jonathan representar con orgullo a la entidad y al pa\u00eds.<\/p>\n<p>Para el futuro astronauta, el menor de seis hermanos, la familia es pilar fundamental y un v\u00ednculo muy importante para cumplir cualquier meta; adem\u00e1s se dijo orgulloso de representar a los estudiantes de escuelas p\u00fablicas \u201cno importa si estudias debajo de un \u00e1rbol, o si tienes la mejor infraestructura, si t\u00fa quieres salir adelante agarra un libro, ahora tenemos tecnolog\u00eda, mucho m\u00e1s f\u00e1cil para salir adelante\u201d, expres\u00f3.<\/p>\n<p>\u201cDesde que estaba peque\u00f1o mi sue\u00f1o era llegar a la NASA; para m\u00ed es muy muy grato demostrar que M\u00e9xico es grande\u201d, relat\u00f3 Jonathan quien demuestra, con hechos, que en el pa\u00eds existe capacidad para realizar proyectos, existe calidad humana y talento.\u00a0Para el joven, quien ya piensa en estudiar una Maestr\u00eda en Ingenier\u00eda Espacial, conocer a Jos\u00e9 Hern\u00e1ndez Moreno, ingeniero astronauta mexicano de la NASA, fue un sue\u00f1o cumplido, y define a \u00e9ste como su ejemplo de vida, quien lo inspir\u00f3 a nunca rendirse y perseverar por sus sue\u00f1os.<\/p>\n<p>A sus 20 a\u00f1os, Jonathan estudia sexto semestre de Ingenier\u00eda en Aeron\u00e1utica y representar\u00e1 a M\u00e9xico por segunda ocasi\u00f3n en el Air Space International Program, concurso organizado por la NASA que se realizar\u00e1 del 29 de octubre al 5 de noviembre, en Houston, Texas.PATA\u00a0Jonathan S\u00e1nchez representar\u00e1 por segunda ocasi\u00f3n a M\u00e9xico en el Air Space International Program, concurso organizado por la NASA.<\/p>\n","protected":false},"excerpt":{"rendered":"<p> En representaci\u00f3n del gobernador Alfredo Del Mazo Maza, el secretario de Educaci\u00f3n, Alejandro Fern\u00e1ndez Campillo, entreg\u00f3 un est\u00edmulo econ\u00f3mico a Jonathan S\u00e1nchez, para su estancia en Rusia del 20 de agosto al 21 de septiembre, donde aprender\u00e1 el idioma y cursar\u00e1 materias relacionadas con temas aeroespaciales como aerodin\u00e1mica, mec\u00e1nica y tecnolog\u00eda de microsat\u00e9lites.<\/p>\n","protected":false},"author":5,"featured_media":390666,"comment_status":"open","ping_status":"open","sticky":false,"template":"","format":"standard","meta":{"_monsterinsights_skip_tracking":false,"_monsterinsights_sitenote_active":false,"_monsterinsights_sitenote_note":"","_monsterinsights_sitenote_category":0,"footnotes":""},"categories":[5],"tags":[2505,77205,64990,43675,77207,77204,77206,452],"class_list":["post-390664","post","type-post","status-publish","format-standard","has-post-thumbnail","hentry","category-estado-de-mexico","tag-alfredo-del-mazo-maza","tag-apoya-edomex","tag-astronauta","tag-estado-de-mexico","tag-jonathan-sanchez","tag-juventud-mexiquense","tag-talento-y-esfuerzo","tag-toluca"],"_links":{"self":[{"href":"https:\/\/www.diarioimagen.net\/index.php?rest_route=\/wp\/v2\/posts\/390664","targetHints":{"allow":["GET"]}}],"collection":[{"href":"https:\/\/www.diarioimagen.net\/index.php?rest_route=\/wp\/v2\/posts"}],"about":[{"href":"https:\/\/www.diarioimagen.net\/index.php?rest_route=\/wp\/v2\/types\/post"}],"author":[{"embeddable":true,"href":"https:\/\/www.diarioimagen.net\/index.php?rest_route=\/wp\/v2\/users\/5"}],"replies":[{"embeddable":true,"href":"https:\/\/www.diarioimagen.net\/index.php?rest_route=%2Fwp%2Fv2%2Fcomments&post=390664"}],"version-history":[{"count":0,"href":"https:\/\/www.diarioimagen.net\/index.php?rest_route=\/wp\/v2\/posts\/390664\/revisions"}],"wp:featuredmedia":[{"embeddable":true,"href":"https:\/\/www.diarioimagen.net\/index.php?rest_route=\/wp\/v2\/media\/390666"}],"wp:attachment":[{"href":"https:\/\/www.diarioimagen.net\/index.php?rest_route=%2Fwp%2Fv2%2Fmedia&parent=390664"}],"wp:term":[{"taxonomy":"category","embeddable":true,"href":"https:\/\/www.diarioimagen.net\/index.php?rest_route=%2Fwp%2Fv2%2Fcategories&post=390664"},{"taxonomy":"post_tag","embeddable":true,"href":"https:\/\/www.diarioimagen.net\/index.php?rest_route=%2Fwp%2Fv2%2Ftags&post=390664"}],"curies":[{"name":"wp","href":"https:\/\/api.w.org\/{rel}","templated":true}]}}