{"id":390702,"date":"2018-08-20T00:10:16","date_gmt":"2018-08-20T05:10:16","guid":{"rendered":"https:\/\/www.diarioimagen.net\/?p=390702"},"modified":"2018-08-20T07:56:13","modified_gmt":"2018-08-20T12:56:13","slug":"entrego-rector-alfredo-barrera-infraestructura-por-mas-de-8-mdp-en-turismo-y-gastronomia","status":"publish","type":"post","link":"https:\/\/www.diarioimagen.net\/?p=390702","title":{"rendered":"Entreg\u00f3 rector Alfredo Barrera infraestructura por m\u00e1s de 8 mdp en Turismo y Gastronom\u00eda"},"content":{"rendered":"<ul>\n<li><strong><em>Garantiza formaci\u00f3n de profesionistas en la UAEM<\/em><\/strong><\/li>\n<\/ul>\n<p>&nbsp;<\/p>\n<div id=\"attachment_390792\" style=\"width: 470px\" class=\"wp-caption aligncenter\"><a href=\"https:\/\/www.diarioimagen.net\/?attachment_id=390792\" rel=\"attachment wp-att-390792\"><img loading=\"lazy\" decoding=\"async\" aria-describedby=\"caption-attachment-390792\" class=\"size-large wp-image-390792\" src=\"https:\/\/www.diarioimagen.net\/wp-content\/uploads\/2018\/08\/UAEM-3436-460x259.jpg\" alt=\"\" width=\"460\" height=\"259\" srcset=\"https:\/\/www.diarioimagen.net\/wp-content\/uploads\/2018\/08\/UAEM-3436-460x259.jpg 460w, https:\/\/www.diarioimagen.net\/wp-content\/uploads\/2018\/08\/UAEM-3436-240x135.jpg 240w, https:\/\/www.diarioimagen.net\/wp-content\/uploads\/2018\/08\/UAEM-3436-235x132.jpg 235w, https:\/\/www.diarioimagen.net\/wp-content\/uploads\/2018\/08\/UAEM-3436-202x114.jpg 202w, https:\/\/www.diarioimagen.net\/wp-content\/uploads\/2018\/08\/UAEM-3436-350x196.jpg 350w, https:\/\/www.diarioimagen.net\/wp-content\/uploads\/2018\/08\/UAEM-3436-220x123.jpg 220w, https:\/\/www.diarioimagen.net\/wp-content\/uploads\/2018\/08\/UAEM-3436-237x132.jpg 237w, https:\/\/www.diarioimagen.net\/wp-content\/uploads\/2018\/08\/UAEM-3436.jpg 480w\" sizes=\"auto, (max-width: 460px) 100vw, 460px\" \/><\/a><p id=\"caption-attachment-390792\" class=\"wp-caption-text\">El rector de la UAEM, Alfredo Barrera Baca, asisti\u00f3 al informe de actividades de la directora de la Facultad de Turismo y Gastronom\u00eda.<\/p><\/div>\n<p>&nbsp;<\/p>\n<p><strong>Toluca, Estado de M\u00e9xico<\/strong>.\u2013 El rector de la Universidad Aut\u00f3noma del Estado de M\u00e9xico, Alfredo Barrera Baca, entreg\u00f3 a los estudiantes y docentes de la Licenciatura en Gastronom\u00eda de la Facultad de Turismo y Gastronom\u00eda una cocina equipada, con una inversi\u00f3n de 8 millones 460 mil pesos.<\/p>\n<p>En el marco del primer informe de actividades de la directora de este espacio universitario, Esther Vargas Mart\u00ednez, el rector puntualiz\u00f3 que esta infraestructura permitir\u00e1 atender las exigencias de un modelo educativo que requiere mayor pertinencia pedag\u00f3gica y profesional.<\/p>\n<p>En este marco, afirm\u00f3 que \u201clos universitarios asumimos la responsabilidad de colaborar para el aprovechamiento \u00f3ptimo y sustentable de la infraestructura y patrimonio intangible de la entidad.<\/p>\n<p>Sostuvo que esta facultad evolucion\u00f3 a la par del desarrollo estatal en un sector que genera empleo, fortalece la diversidad, estimula las identidades culturales y atrae divisas.<\/p>\n<p>Alfredo Barrera Baca destac\u00f3 que el pr\u00f3ximo mes de noviembre este organismo, pionero en esta disciplina en Am\u00e9rica Latina, cumplir\u00e1 sesenta a\u00f1os. \u201cEs precursor a nivel nacional del impulso de pol\u00edticas p\u00fablicas para el aprovechamiento sustentable de los recursos naturales y patrimoniales en la entidad\u201d.<\/p>\n<p>En este ejercicio de transparencia y rendici\u00f3n de cuentas, Esther Vargas subray\u00f3 que uno de cada cinco profesores de la Facultad pertenece al Sistema Nacional de Investigadores (SNI) y tres de cada cuatro participan en el Programa para el Desarrollo Profesional Docente.<\/p>\n<p>En el campus \u201cEl Rosedal\u201d, refiri\u00f3 que las dos licenciaturas que imparte cuentan con la acreditaci\u00f3n del Consejo Nacional para la Calidad de la Educaci\u00f3n Tur\u00edstica (CONAET) y la certificaci\u00f3n internacional TedQual de la Organizaci\u00f3n Mundial del Turismo (OMT). \u00a0\u00a0\u00a0 \u201cCon seis d\u00e9cadas de trayectoria, la Facultad de Turismo y Gastronom\u00eda garantiza la formaci\u00f3n de profesionistas de calidad, con\u00a0alto sentido social, humanistas y \u00e9ticos. Impulsa la investigaci\u00f3n, fomenta la innovaci\u00f3n, la sustentabilidad, la cultura y el deporte\u201d, concluy\u00f3 la directiva universitaria.<\/p>\n","protected":false},"excerpt":{"rendered":"<p>El rector de la Universidad Aut\u00f3noma del Estado de M\u00e9xico, Alfredo Barrera Baca, entreg\u00f3 a los estudiantes y docentes de la Licenciatura en Gastronom\u00eda de la Facultad de Turismo y Gastronom\u00eda una cocina equipada, con una inversi\u00f3n de 8 millones 460 mil pesos.<\/p>\n","protected":false},"author":3,"featured_media":390792,"comment_status":"open","ping_status":"open","sticky":false,"template":"","format":"standard","meta":{"_monsterinsights_skip_tracking":false,"_monsterinsights_sitenote_active":false,"_monsterinsights_sitenote_note":"","_monsterinsights_sitenote_category":0,"footnotes":""},"categories":[5],"tags":[43675,48145,452,43681],"class_list":["post-390702","post","type-post","status-publish","format-standard","has-post-thumbnail","hentry","category-estado-de-mexico","tag-estado-de-mexico","tag-gastronomia","tag-toluca","tag-turismo"],"_links":{"self":[{"href":"https:\/\/www.diarioimagen.net\/index.php?rest_route=\/wp\/v2\/posts\/390702","targetHints":{"allow":["GET"]}}],"collection":[{"href":"https:\/\/www.diarioimagen.net\/index.php?rest_route=\/wp\/v2\/posts"}],"about":[{"href":"https:\/\/www.diarioimagen.net\/index.php?rest_route=\/wp\/v2\/types\/post"}],"author":[{"embeddable":true,"href":"https:\/\/www.diarioimagen.net\/index.php?rest_route=\/wp\/v2\/users\/3"}],"replies":[{"embeddable":true,"href":"https:\/\/www.diarioimagen.net\/index.php?rest_route=%2Fwp%2Fv2%2Fcomments&post=390702"}],"version-history":[{"count":0,"href":"https:\/\/www.diarioimagen.net\/index.php?rest_route=\/wp\/v2\/posts\/390702\/revisions"}],"wp:featuredmedia":[{"embeddable":true,"href":"https:\/\/www.diarioimagen.net\/index.php?rest_route=\/wp\/v2\/media\/390792"}],"wp:attachment":[{"href":"https:\/\/www.diarioimagen.net\/index.php?rest_route=%2Fwp%2Fv2%2Fmedia&parent=390702"}],"wp:term":[{"taxonomy":"category","embeddable":true,"href":"https:\/\/www.diarioimagen.net\/index.php?rest_route=%2Fwp%2Fv2%2Fcategories&post=390702"},{"taxonomy":"post_tag","embeddable":true,"href":"https:\/\/www.diarioimagen.net\/index.php?rest_route=%2Fwp%2Fv2%2Ftags&post=390702"}],"curies":[{"name":"wp","href":"https:\/\/api.w.org\/{rel}","templated":true}]}}