{"id":390728,"date":"2018-08-20T00:09:51","date_gmt":"2018-08-20T05:09:51","guid":{"rendered":"https:\/\/www.diarioimagen.net\/?p=390728"},"modified":"2018-08-20T08:07:03","modified_gmt":"2018-08-20T13:07:03","slug":"se-suma-metepec-a-la-jornada-de-arborizacion-un-nuevo-bosque","status":"publish","type":"post","link":"https:\/\/www.diarioimagen.net\/?p=390728","title":{"rendered":"Se suma Metepec a la jornada de arborizaci\u00f3n \u201cUn nuevo bosque\u201d"},"content":{"rendered":"<ul>\n<li><strong><em>Plantaron 300 \u00e1rboles<\/em><\/strong><\/li>\n<\/ul>\n<p>&nbsp;<\/p>\n<div id=\"attachment_390804\" style=\"width: 470px\" class=\"wp-caption aligncenter\"><a href=\"https:\/\/www.diarioimagen.net\/?attachment_id=390804\" rel=\"attachment wp-att-390804\"><img loading=\"lazy\" decoding=\"async\" aria-describedby=\"caption-attachment-390804\" class=\"size-large wp-image-390804\" src=\"https:\/\/www.diarioimagen.net\/wp-content\/uploads\/2018\/08\/METEPEC-3436-460x259.jpg\" alt=\"\" width=\"460\" height=\"259\" srcset=\"https:\/\/www.diarioimagen.net\/wp-content\/uploads\/2018\/08\/METEPEC-3436-460x259.jpg 460w, https:\/\/www.diarioimagen.net\/wp-content\/uploads\/2018\/08\/METEPEC-3436-240x135.jpg 240w, https:\/\/www.diarioimagen.net\/wp-content\/uploads\/2018\/08\/METEPEC-3436-235x132.jpg 235w, https:\/\/www.diarioimagen.net\/wp-content\/uploads\/2018\/08\/METEPEC-3436-202x114.jpg 202w, https:\/\/www.diarioimagen.net\/wp-content\/uploads\/2018\/08\/METEPEC-3436-350x196.jpg 350w, https:\/\/www.diarioimagen.net\/wp-content\/uploads\/2018\/08\/METEPEC-3436-220x123.jpg 220w, https:\/\/www.diarioimagen.net\/wp-content\/uploads\/2018\/08\/METEPEC-3436-237x132.jpg 237w, https:\/\/www.diarioimagen.net\/wp-content\/uploads\/2018\/08\/METEPEC-3436.jpg 480w\" sizes=\"auto, (max-width: 460px) 100vw, 460px\" \/><\/a><p id=\"caption-attachment-390804\" class=\"wp-caption-text\">Vecinos y servidores p\u00fablicos hicieron eco a la campa\u00f1a.<\/p><\/div>\n<p>&nbsp;<\/p>\n<p><strong>Metepec, Estado de M\u00e9xico<\/strong>.-\u00a0Ayer domingo, vecinos de la ciudad y servidores p\u00fablicos del municipio se sumaron a la campa\u00f1a nacional \u201cUn nuevo bosque\u201d en la que junto con asesores profesionales plantaron 300 \u00e1rboles, con el compromiso de adoptarlos y cuidarlos para garantizar su crecimiento.<\/p>\n<p>La jornada implementada por la empresa de comunicaci\u00f3n y TV\u00a0Azteca, en conjunto con la Comisi\u00f3n Nacional Forestal (CONAFOR), realizaron adem\u00e1s 32 reforestaciones simult\u00e1neas que alentar\u00e1n la recuperaci\u00f3n en el territorio nacional de 557 hect\u00e1reas de suelo afectados por diversas circunstancias.<\/p>\n<p>Las especies plantadas en el parque de La Pila de Metepec, fueron cipr\u00e9s, ayacahuites, chopos, maximartineziis, navide\u00f1os, fresnos, pinos pseudostrobus y ahuehuetes, todas adecuadas para las condiciones clim\u00e1ticas de la demarcaci\u00f3n. En representaci\u00f3n del alcalde David L\u00f3pez C\u00e1rdenas, el secretario del Ayuntamiento, Alejandro Abad Lara Terr\u00f3n, se\u00f1al\u00f3 que \u201ces un honor sumarnos a la campa\u00f1a y sobre todo, hacerlo en favor del cuidado del planeta, nuestra casa\u201d.<\/p>\n<p>Previo al banderazo de arranque de la jornada en el la localidad, el director de Tv\u00a0Azteca Estado de M\u00e9xico, H\u00e9ctor Quesada V\u00e1zquez, refiri\u00f3 que con esas acciones se regresa un poco de esperanza al mejoramiento del medio ambiente y que es esencial el cuidado que posteriormente le den a cada \u00e1rbol; mientras que el subgerente de la CONAFOR en la entidad, Felipe Morales Ram\u00f3n, resalt\u00f3 la participaci\u00f3n activa de la ciudadan\u00eda en esta tarea. Personas de todas las edades aprendieron la t\u00e9cnica correcta de c\u00f3mo sembrar un \u00e1rbol, ya que de cada 10 deben sobrevivir al menos siete u ocho y as\u00ed garantizar su solvencia.<\/p>\n","protected":false},"excerpt":{"rendered":"<p>Ayer domingo, vecinos de la ciudad y servidores p\u00fablicos del municipio se sumaron a la campa\u00f1a nacional \u201cUn nuevo bosque\u201d en la que junto con asesores profesionales plantaron 300 \u00e1rboles, con el compromiso de adoptarlos y cuidarlos para garantizar su crecimiento.<\/p>\n","protected":false},"author":3,"featured_media":390804,"comment_status":"open","ping_status":"open","sticky":false,"template":"","format":"standard","meta":{"_monsterinsights_skip_tracking":false,"_monsterinsights_sitenote_active":false,"_monsterinsights_sitenote_note":"","_monsterinsights_sitenote_category":0,"footnotes":""},"categories":[35155],"tags":[43675,876,77240],"class_list":["post-390728","post","type-post","status-publish","format-standard","has-post-thumbnail","hentry","category-estado-de-mexico-estado-de-mexico","tag-estado-de-mexico","tag-metepec","tag-un-nuevo-bosque"],"_links":{"self":[{"href":"https:\/\/www.diarioimagen.net\/index.php?rest_route=\/wp\/v2\/posts\/390728","targetHints":{"allow":["GET"]}}],"collection":[{"href":"https:\/\/www.diarioimagen.net\/index.php?rest_route=\/wp\/v2\/posts"}],"about":[{"href":"https:\/\/www.diarioimagen.net\/index.php?rest_route=\/wp\/v2\/types\/post"}],"author":[{"embeddable":true,"href":"https:\/\/www.diarioimagen.net\/index.php?rest_route=\/wp\/v2\/users\/3"}],"replies":[{"embeddable":true,"href":"https:\/\/www.diarioimagen.net\/index.php?rest_route=%2Fwp%2Fv2%2Fcomments&post=390728"}],"version-history":[{"count":0,"href":"https:\/\/www.diarioimagen.net\/index.php?rest_route=\/wp\/v2\/posts\/390728\/revisions"}],"wp:featuredmedia":[{"embeddable":true,"href":"https:\/\/www.diarioimagen.net\/index.php?rest_route=\/wp\/v2\/media\/390804"}],"wp:attachment":[{"href":"https:\/\/www.diarioimagen.net\/index.php?rest_route=%2Fwp%2Fv2%2Fmedia&parent=390728"}],"wp:term":[{"taxonomy":"category","embeddable":true,"href":"https:\/\/www.diarioimagen.net\/index.php?rest_route=%2Fwp%2Fv2%2Fcategories&post=390728"},{"taxonomy":"post_tag","embeddable":true,"href":"https:\/\/www.diarioimagen.net\/index.php?rest_route=%2Fwp%2Fv2%2Ftags&post=390728"}],"curies":[{"name":"wp","href":"https:\/\/api.w.org\/{rel}","templated":true}]}}