{"id":390731,"date":"2018-08-20T00:08:24","date_gmt":"2018-08-20T05:08:24","guid":{"rendered":"https:\/\/www.diarioimagen.net\/?p=390731"},"modified":"2018-08-20T08:12:19","modified_gmt":"2018-08-20T13:12:19","slug":"campana-de-registro-catastral-en-el-quemado-por-lo-que-resta-del-ano","status":"publish","type":"post","link":"https:\/\/www.diarioimagen.net\/?p=390731","title":{"rendered":"Campa\u00f1a de registro catastral en El Quemado, por lo que resta del a\u00f1o"},"content":{"rendered":"<ul>\n<li><strong><em>Condonaci\u00f3n de contribuciones en Tultepec<\/em><\/strong><\/li>\n<\/ul>\n<p>&nbsp;<\/p>\n<div id=\"attachment_390807\" style=\"width: 470px\" class=\"wp-caption aligncenter\"><a href=\"https:\/\/www.diarioimagen.net\/?attachment_id=390807\" rel=\"attachment wp-att-390807\"><img loading=\"lazy\" decoding=\"async\" aria-describedby=\"caption-attachment-390807\" class=\"size-large wp-image-390807\" src=\"https:\/\/www.diarioimagen.net\/wp-content\/uploads\/2018\/08\/TULTEPEC-3436-460x259.jpg\" alt=\"\" width=\"460\" height=\"259\" srcset=\"https:\/\/www.diarioimagen.net\/wp-content\/uploads\/2018\/08\/TULTEPEC-3436-460x259.jpg 460w, https:\/\/www.diarioimagen.net\/wp-content\/uploads\/2018\/08\/TULTEPEC-3436-240x135.jpg 240w, https:\/\/www.diarioimagen.net\/wp-content\/uploads\/2018\/08\/TULTEPEC-3436-235x132.jpg 235w, https:\/\/www.diarioimagen.net\/wp-content\/uploads\/2018\/08\/TULTEPEC-3436-202x114.jpg 202w, https:\/\/www.diarioimagen.net\/wp-content\/uploads\/2018\/08\/TULTEPEC-3436-350x196.jpg 350w, https:\/\/www.diarioimagen.net\/wp-content\/uploads\/2018\/08\/TULTEPEC-3436-220x123.jpg 220w, https:\/\/www.diarioimagen.net\/wp-content\/uploads\/2018\/08\/TULTEPEC-3436-237x132.jpg 237w, https:\/\/www.diarioimagen.net\/wp-content\/uploads\/2018\/08\/TULTEPEC-3436.jpg 480w\" sizes=\"auto, (max-width: 460px) 100vw, 460px\" \/><\/a><p id=\"caption-attachment-390807\" class=\"wp-caption-text\">El ayuntamiento contin\u00faa con la oferta de incorporar al padr\u00f3n catastral de los mil 250 predios que componen El Quemado.<\/p><\/div>\n<p>&nbsp;<\/p>\n<p><strong>Tultepec, Estado de M\u00e9xico<\/strong>.- Con el objetivo de ofrecer a los contribuyentes, herramientas que les brinden mayor certeza jur\u00eddica sobre su patrimonio, el ayuntamiento contin\u00faa con la oferta de incorporar por invitaci\u00f3n al padr\u00f3n catastral de los 1,250 predios que componen la comunidad de El Quemado, mismos que por falta de acuerdos con el ejido que le dio origen, a\u00fan se encuentran ocultos al inter\u00e9s catastral.<\/p>\n<p>El ayuntamiento de Tultepec autoriz\u00f3 la incorporaci\u00f3n por invitaci\u00f3n al padr\u00f3n catastral municipal dependiente de la Tesorer\u00eda local de 1,250 predios de la colonia El Quemado, a partir del primero de enero de 2018, para estar en condiciones de cobrar el impuesto predial, condonar contribuciones y accesorios anteriores al ejercicio fiscal de 2018.<\/p>\n<p>El ayuntamiento 2016-2018, aprob\u00f3 por unanimidad el punto de acuerdo antes mencionado, e instruy\u00f3 a la Tesorer\u00eda Municipal y a la Jefatura de Catastro para realizar los actos necesarios para el cumplimiento del mismo.<\/p>\n<p>Por este motivo, a partir del primero de enero de 2018, el Ayuntamiento inici\u00f3 una campa\u00f1a de difusi\u00f3n para orientar al ciudadano sobre el objetivo del programa, para convocar a los interesados para que acudan a la ventanilla de Catastro y obtener su formato de manifestaci\u00f3n catastral, la cual deber\u00e1n llenar y firmar.<\/p>\n<p>Posteriormente, a los interesados se les fija fecha y hora para que personal de catastro realice una verificaci\u00f3n de linderos. Una vez reunidos los requisitos necesarios ser\u00e1n dados de alta en el padr\u00f3n catastral con la clave correspondiente.<\/p>\n<p>Entre los requisitos solicitados, los interesados deben presentar el documento que acredite la propiedad o posesi\u00f3n del bien a registrar, identificaci\u00f3n oficial (INE, Cartilla del SMN), constancia de verificaci\u00f3n de linderos expedida por la unidad de catastro municipal, en originales y copias para el cotejo.<\/p>\n<p>A los propietarios o poseedores que se incorporen al programa les son condonados los derechos por asignaci\u00f3n de clave y valor catastral, los recargos y accesorios derivados del pago extempor\u00e1neo del impuesto predial.<\/p>\n<p>Adem\u00e1s, quienes realizan el tr\u00e1mite podr\u00e1n conocer el valor catastral de su propiedad, lo que sin duda ser\u00e1 un referente para efectuar futuras operaciones de compra venta al serles asignada una clave catastral con la que podr\u00e1n pagar su impuesto predial.<\/p>\n<p>Esto permitir\u00e1 al ayuntamiento ampliar la base catastral y en lo sucesivo regular los movimientos traslativos de la propiedad que pudieran registrarse, adem\u00e1s de fomentar la cultura del pago de impuestos y derechos, para incrementar el potencial de recaudaci\u00f3n municipal.<\/p>\n","protected":false},"excerpt":{"rendered":"<p> Con el objetivo de ofrecer a los contribuyentes, herramientas que les brinden mayor certeza jur\u00eddica sobre su patrimonio, el ayuntamiento contin\u00faa con la oferta de incorporar por invitaci\u00f3n al padr\u00f3n catastral de los 1,250 predios que componen la comunidad de El Quemado, mismos que por falta de acuerdos con el ejido que le dio origen, a\u00fan se encuentran ocultos al inter\u00e9s catastral.<\/p>\n","protected":false},"author":3,"featured_media":390807,"comment_status":"open","ping_status":"open","sticky":false,"template":"","format":"standard","meta":{"_monsterinsights_skip_tracking":false,"_monsterinsights_sitenote_active":false,"_monsterinsights_sitenote_note":"","_monsterinsights_sitenote_category":0,"footnotes":""},"categories":[35155],"tags":[77242,77241,43675,3802],"class_list":["post-390731","post","type-post","status-publish","format-standard","has-post-thumbnail","hentry","category-estado-de-mexico-estado-de-mexico","tag-catastral","tag-el-quemado","tag-estado-de-mexico","tag-tultepec"],"_links":{"self":[{"href":"https:\/\/www.diarioimagen.net\/index.php?rest_route=\/wp\/v2\/posts\/390731","targetHints":{"allow":["GET"]}}],"collection":[{"href":"https:\/\/www.diarioimagen.net\/index.php?rest_route=\/wp\/v2\/posts"}],"about":[{"href":"https:\/\/www.diarioimagen.net\/index.php?rest_route=\/wp\/v2\/types\/post"}],"author":[{"embeddable":true,"href":"https:\/\/www.diarioimagen.net\/index.php?rest_route=\/wp\/v2\/users\/3"}],"replies":[{"embeddable":true,"href":"https:\/\/www.diarioimagen.net\/index.php?rest_route=%2Fwp%2Fv2%2Fcomments&post=390731"}],"version-history":[{"count":0,"href":"https:\/\/www.diarioimagen.net\/index.php?rest_route=\/wp\/v2\/posts\/390731\/revisions"}],"wp:featuredmedia":[{"embeddable":true,"href":"https:\/\/www.diarioimagen.net\/index.php?rest_route=\/wp\/v2\/media\/390807"}],"wp:attachment":[{"href":"https:\/\/www.diarioimagen.net\/index.php?rest_route=%2Fwp%2Fv2%2Fmedia&parent=390731"}],"wp:term":[{"taxonomy":"category","embeddable":true,"href":"https:\/\/www.diarioimagen.net\/index.php?rest_route=%2Fwp%2Fv2%2Fcategories&post=390731"},{"taxonomy":"post_tag","embeddable":true,"href":"https:\/\/www.diarioimagen.net\/index.php?rest_route=%2Fwp%2Fv2%2Ftags&post=390731"}],"curies":[{"name":"wp","href":"https:\/\/api.w.org\/{rel}","templated":true}]}}